{"id":10351,"date":"2025-05-22T11:56:44","date_gmt":"2025-05-22T14:56:44","guid":{"rendered":"https:\/\/focotocantinense.com.br\/?p=10351"},"modified":"2025-05-22T11:59:06","modified_gmt":"2025-05-22T14:59:06","slug":"gurupi-vai-sediar-mais-uma-acao-do-comite-de-cultura-no-tocantins","status":"publish","type":"post","link":"https:\/\/focotocantinense.com.br\/?p=10351","title":{"rendered":"Gurupi vai sediar mais uma a\u00e7\u00e3o do Comit\u00ea de Cultura no Tocantins"},"content":{"rendered":"\n<p><strong>Por Zacarias Martins<\/strong><\/p>\n\n\n\n<p>A cidade de Gurupi vai receber no pr\u00f3ximo dia 29 de maio a a\u00e7\u00e3o Rotas Culturais Tocantins, que ter\u00e1 como tema central: Comunidade LGBTQIA+ \u2013 Inclus\u00e3o e Pol\u00edticas Socioculturais.&nbsp;&nbsp;O evento acontece \u00e0s 19 horas na Sala 104, Bloco G, da Universidade Federal do Tocantins (UFT), Campus de Gurupi<\/p>\n\n\n\n<p><strong>Programa\u00e7\u00e3o<\/strong><\/p>\n\n\n\n<p>A programa\u00e7\u00e3o contar\u00e1 com uma roda de conversa&nbsp;&nbsp;&nbsp;com o escritor e professor de Filosofia da Universidade&nbsp;&nbsp;de Gurupi (unirG),&nbsp;&nbsp;Jos\u00e9 Carlos de Freitas, al\u00e9m de palestra com o psic\u00f3logo Eduardo Andrade, que abordar\u00e1&nbsp;&nbsp;a tem\u00e1tica&nbsp;&nbsp;\u201cComunidade LGBTQIA+: Inclus\u00e3o e Pol\u00edticas Socioculturais\u201d, bem como, apresenta\u00e7\u00e3o Ph Rainha G da Imp\u00e9rio Nordestina de 2024.&nbsp;Rainha G \u00e9 um t\u00edtulo que reconhece a beleza, o talento e a representatividade da comunidade LGBTQIA+ dentro das quadrilhas juninas, promovendo a inclus\u00e3o e a celebra\u00e7\u00e3o da diversidade.&nbsp;<\/p>\n\n\n\n<figure class=\"wp-block-image size-large is-resized\"><img loading=\"lazy\" decoding=\"async\" width=\"819\" height=\"1024\" src=\"https:\/\/focotocantinense.com.br\/wp-content\/uploads\/2025\/05\/LGNT-GURUPI-819x1024.jpeg\" alt=\"\" class=\"wp-image-10354\" style=\"width:354px;height:auto\" srcset=\"https:\/\/focotocantinense.com.br\/wp-content\/uploads\/2025\/05\/LGNT-GURUPI-819x1024.jpeg 819w, https:\/\/focotocantinense.com.br\/wp-content\/uploads\/2025\/05\/LGNT-GURUPI-240x300.jpeg 240w, https:\/\/focotocantinense.com.br\/wp-content\/uploads\/2025\/05\/LGNT-GURUPI-768x960.jpeg 768w, https:\/\/focotocantinense.com.br\/wp-content\/uploads\/2025\/05\/LGNT-GURUPI-1229x1536.jpeg 1229w, https:\/\/focotocantinense.com.br\/wp-content\/uploads\/2025\/05\/LGNT-GURUPI-1638x2048.jpeg 1638w, https:\/\/focotocantinense.com.br\/wp-content\/uploads\/2025\/05\/LGNT-GURUPI-scaled.jpeg 2048w\" sizes=\"auto, (max-width: 819px) 100vw, 819px\" \/><\/figure>\n\n\n\n<p><\/p>\n\n\n\n<p><strong>Promo\u00e7\u00e3o<\/strong><\/p>\n\n\n\n<p>Promovido pelo Comit\u00ea de Cultura no Tocantins, por meio da Federa\u00e7\u00e3o Tocantinense de Artes C\u00eanicas (FETAC), o evento inicia \u00e0s 12h, na Universidade Federal do Tocantins (UFT), e faz&nbsp;&nbsp;parte de uma s\u00e9rie de semin\u00e1rios que t\u00eam proporcionado encontros entre o Minist\u00e9rio da Cultura (MinC) e representantes culturais locais. Este j\u00e1 \u00e9&nbsp;&nbsp;o segundo&nbsp;&nbsp;evento que o Comit\u00ea de Cultura no Tocantins realiza na cidade.<\/p>\n\n\n\n<p><strong>Espa\u00e7o para as minorias<\/strong><\/p>\n\n\n\n<p>Kak\u00e1 Nogueira, coordenador geral do comit\u00ea, destaca a import\u00e2ncia da a\u00e7\u00e3o.&nbsp;\u201cEstamos fazendo um trabalho muito intenso de promo\u00e7\u00e3o e valoriza\u00e7\u00e3o da cultura por todo o Tocantins. De Sul a Norte do Estado est\u00e3o sendo realizados eventos como este, que promovem a discuss\u00e3o com a comunidade local, com os agentes culturais, dando espa\u00e7o e voz para as minorias debaterem suas lutas e compartilharem suas conquistas\u201d, frisou o coordenador.<\/p>\n\n\n\n<figure class=\"wp-block-image size-large\"><img loading=\"lazy\" decoding=\"async\" width=\"819\" height=\"1024\" src=\"https:\/\/focotocantinense.com.br\/wp-content\/uploads\/2025\/05\/ROTAS-CULTYURAIS-1-819x1024.jpeg\" alt=\"\" class=\"wp-image-10352\" srcset=\"https:\/\/focotocantinense.com.br\/wp-content\/uploads\/2025\/05\/ROTAS-CULTYURAIS-1-819x1024.jpeg 819w, https:\/\/focotocantinense.com.br\/wp-content\/uploads\/2025\/05\/ROTAS-CULTYURAIS-1-240x300.jpeg 240w, https:\/\/focotocantinense.com.br\/wp-content\/uploads\/2025\/05\/ROTAS-CULTYURAIS-1-768x960.jpeg 768w, https:\/\/focotocantinense.com.br\/wp-content\/uploads\/2025\/05\/ROTAS-CULTYURAIS-1-1229x1536.jpeg 1229w, https:\/\/focotocantinense.com.br\/wp-content\/uploads\/2025\/05\/ROTAS-CULTYURAIS-1-1638x2048.jpeg 1638w, https:\/\/focotocantinense.com.br\/wp-content\/uploads\/2025\/05\/ROTAS-CULTYURAIS-1-scaled.jpeg 2048w\" sizes=\"auto, (max-width: 819px) 100vw, 819px\" \/><\/figure>\n\n\n\n<p><\/p>\n\n\n\n<p><strong>Parcerias<\/strong><\/p>\n\n\n\n<p>A FETAC, que lidera o Comit\u00ea de Cultura no Tocantins, atua em parceria com o Minist\u00e9rio da Cultura (MinC),&nbsp;&nbsp;por meio de um termo de colabora\u00e7\u00e3o firmado com o objetivo de desenvolver o&nbsp; Programa Nacional dos Comit\u00eas de Cultura (PNCC) em todo o Estado. O trabalho conta com a coordena\u00e7\u00e3o regional da Associa\u00e7\u00e3o Gurupiense de Artes\u00e3os (AGA) e do Instituto Social e Cultural Araguaia (ISCA).<\/p>\n\n\n\n<figure class=\"wp-block-image size-large\"><img loading=\"lazy\" decoding=\"async\" width=\"1024\" height=\"256\" src=\"https:\/\/focotocantinense.com.br\/wp-content\/uploads\/2025\/05\/Vinicius-Martins-ESPECIALISTA-EM-RISOS-6-1024x256.jpeg\" alt=\"\" class=\"wp-image-10341\" srcset=\"https:\/\/focotocantinense.com.br\/wp-content\/uploads\/2025\/05\/Vinicius-Martins-ESPECIALISTA-EM-RISOS-6-1024x256.jpeg 1024w, https:\/\/focotocantinense.com.br\/wp-content\/uploads\/2025\/05\/Vinicius-Martins-ESPECIALISTA-EM-RISOS-6-300x75.jpeg 300w, https:\/\/focotocantinense.com.br\/wp-content\/uploads\/2025\/05\/Vinicius-Martins-ESPECIALISTA-EM-RISOS-6-768x192.jpeg 768w, https:\/\/focotocantinense.com.br\/wp-content\/uploads\/2025\/05\/Vinicius-Martins-ESPECIALISTA-EM-RISOS-6-1536x384.jpeg 1536w, https:\/\/focotocantinense.com.br\/wp-content\/uploads\/2025\/05\/Vinicius-Martins-ESPECIALISTA-EM-RISOS-6.jpeg 1584w\" sizes=\"auto, (max-width: 1024px) 100vw, 1024px\" \/><\/figure>\n","protected":false},"excerpt":{"rendered":"<p>Por Zacarias Martins A cidade de Gurupi vai receber no pr\u00f3ximo dia 29 de maio a a\u00e7\u00e3o Rotas Culturais Tocantins, que ter\u00e1 como tema central: Comunidade LGBTQIA+ \u2013 Inclus\u00e3o e Pol\u00edticas Socioculturais.&nbsp;&nbsp;O evento acontece \u00e0s 19 horas na Sala 104, Bloco G, da Universidade Federal do Tocantins (UFT), Campus de Gurupi Programa\u00e7\u00e3o A programa\u00e7\u00e3o contar\u00e1 &hellip;<\/p>\n","protected":false},"author":5,"featured_media":10352,"comment_status":"open","ping_status":"open","sticky":false,"template":"","format":"standard","meta":{"footnotes":""},"categories":[38],"tags":[],"class_list":["post-10351","post","type-post","status-publish","format-standard","has-post-thumbnail","","category-gurupi"],"_links":{"self":[{"href":"https:\/\/focotocantinense.com.br\/index.php?rest_route=\/wp\/v2\/posts\/10351","targetHints":{"allow":["GET"]}}],"collection":[{"href":"https:\/\/focotocantinense.com.br\/index.php?rest_route=\/wp\/v2\/posts"}],"about":[{"href":"https:\/\/focotocantinense.com.br\/index.php?rest_route=\/wp\/v2\/types\/post"}],"author":[{"embeddable":true,"href":"https:\/\/focotocantinense.com.br\/index.php?rest_route=\/wp\/v2\/users\/5"}],"replies":[{"embeddable":true,"href":"https:\/\/focotocantinense.com.br\/index.php?rest_route=%2Fwp%2Fv2%2Fcomments&post=10351"}],"version-history":[{"count":3,"href":"https:\/\/focotocantinense.com.br\/index.php?rest_route=\/wp\/v2\/posts\/10351\/revisions"}],"predecessor-version":[{"id":10356,"href":"https:\/\/focotocantinense.com.br\/index.php?rest_route=\/wp\/v2\/posts\/10351\/revisions\/10356"}],"wp:featuredmedia":[{"embeddable":true,"href":"https:\/\/focotocantinense.com.br\/index.php?rest_route=\/wp\/v2\/media\/10352"}],"wp:attachment":[{"href":"https:\/\/focotocantinense.com.br\/index.php?rest_route=%2Fwp%2Fv2%2Fmedia&parent=10351"}],"wp:term":[{"taxonomy":"category","embeddable":true,"href":"https:\/\/focotocantinense.com.br\/index.php?rest_route=%2Fwp%2Fv2%2Fcategories&post=10351"},{"taxonomy":"post_tag","embeddable":true,"href":"https:\/\/focotocantinense.com.br\/index.php?rest_route=%2Fwp%2Fv2%2Ftags&post=10351"}],"curies":[{"name":"wp","href":"https:\/\/api.w.org\/{rel}","templated":true}]}}