{"id":10347,"date":"2025-05-22T08:53:51","date_gmt":"2025-05-22T11:53:51","guid":{"rendered":"https:\/\/focotocantinense.com.br\/?p=10347"},"modified":"2025-05-22T08:53:52","modified_gmt":"2025-05-22T11:53:52","slug":"em-brasilia-governador-wanderlei-barbosa-conclui-tratativas-com-dnit-para-recuperacao-de-380-km-de-rodovias-danificadas-no-tocantins","status":"publish","type":"post","link":"https:\/\/focotocantinense.com.br\/?p=10347","title":{"rendered":"Em Bras\u00edlia, governador Wanderlei Barbosa conclui tratativas com DNIT para recupera\u00e7\u00e3o de 380 km de rodovias danificadas no Tocantins"},"content":{"rendered":"\n<p><em>Reuni\u00e3o com o diretor-executivo do DNIT, Carlos Barros, contou com a presen\u00e7a do deputado federal Ricardo Ayres e do presidente da Aleto, deputado Am\u00e9lio Cayres<\/em><\/p>\n\n\n\n<p><strong>Governo do Tocantins<\/strong><\/p>\n\n\n\n<p>O governador do Tocantins, Wanderlei Barbosa, esteve na tarde desta quarta-feira, 21, na sede do Departamento Nacional de Infraestrutura de Transportes (DNIT), em Bras\u00edlia\/DF, onde participou de uma reuni\u00e3o decisiva sobre a recupera\u00e7\u00e3o de trechos rodovi\u00e1rios impactados pela queda da ponte Juscelino Kubitschek de Oliveira, que liga Aguiarn\u00f3polis\/TO a Estreito\/MA, na BR-226. No encontro, foi assinado o Acordo de Coopera\u00e7\u00e3o T\u00e9cnica para manuten\u00e7\u00e3o de trechos de rodovias estaduais e vias urbanas que sofreram danos devido ao aumento do fluxo de ve\u00edculos ap\u00f3s a queda da ponte.&nbsp;&nbsp;<\/p>\n\n\n\n<figure class=\"wp-block-image size-full is-resized\"><img loading=\"lazy\" decoding=\"async\" width=\"960\" height=\"549\" src=\"https:\/\/focotocantinense.com.br\/wp-content\/uploads\/2025\/05\/Foto-Governo-do-Tocantins.jpg\" alt=\"\" class=\"wp-image-10348\" style=\"width:337px;height:auto\" srcset=\"https:\/\/focotocantinense.com.br\/wp-content\/uploads\/2025\/05\/Foto-Governo-do-Tocantins.jpg 960w, https:\/\/focotocantinense.com.br\/wp-content\/uploads\/2025\/05\/Foto-Governo-do-Tocantins-300x172.jpg 300w, https:\/\/focotocantinense.com.br\/wp-content\/uploads\/2025\/05\/Foto-Governo-do-Tocantins-768x439.jpg 768w\" sizes=\"auto, (max-width: 960px) 100vw, 960px\" \/><\/figure>\n\n\n\n<p>Governador Wanderlei Barbosa assinou acordo com o Dnit para manuten\u00e7\u00e3o de trechos de rodovias estaduais impactadas pela queda da ponte JK &#8211;&nbsp;<strong>Cr\u00e9dito<\/strong>: Governo do Tocantins<\/p>\n\n\n\n<p>Acompanhado do presidente da Assembleia Legislativa do Tocantins (Aleto), deputado Am\u00e9lio Cayres; e do deputado federal Ricardo Ayres;&nbsp; o governador se reuniu com o diretor-executivo do DNIT, Carlos Barros, e assegurou que o Acordo de Coopera\u00e7\u00e3o T\u00e9cnica entre o departamento e o Governo do Tocantins, por meio da Ag\u00eancia de Transportes, Obras e Infraestrutura (Ageto), visando a utiliza\u00e7\u00e3o das rodovias estaduais TO-010, TO-126, TO-134, TO-201, TO-210, TO-222, TO-404 e TO-415 para a realiza\u00e7\u00e3o dos servi\u00e7os exclusivos de manuten\u00e7\u00e3o e conserva\u00e7\u00e3o, foi completamente oficializado.<\/p>\n\n\n\n<p>\u201cTivemos uma reuni\u00e3o importante e produtiva com o diretor-executivo, Carlos Barros, na qual finalizamos o processo para manuten\u00e7\u00e3o dos trechos das rodovias impactadas pela queda da ponte. S\u00e3o mais de 380 quil\u00f4metros de rodovias, incluindo algumas vias urbanas. O DNIT assume o compromisso de fazer toda a repara\u00e7\u00e3o, recupera\u00e7\u00e3o e restaura\u00e7\u00e3o desses trechos danificados pelo excesso de tr\u00e2nsito\u201d, destacou o governador Wanderlei Barbosa.<\/p>\n\n\n\n<p><strong>Entenda o caso<\/strong><\/p>\n\n\n\n<p>Desde o final de dezembro de 2024, quando a ponte Juscelino Kubitschek, localizada na BR-226, entre Aguiarn\u00f3polis\/TO e Estreito\/MA, caiu, o tr\u00e1fego de ve\u00edculos leves e pesados foi redirecionado para rotas alternativas por rodovias estaduais e vias municipais, o que gerou sobrecarga e acelerou o desgaste da malha vi\u00e1ria em diversos pontos do Tocantins. Para garantir o escoamento da produ\u00e7\u00e3o e a mobilidade da popula\u00e7\u00e3o, o Governo do Tocantins firmou uma parceria com o governo federal para atuar emergencialmente na manuten\u00e7\u00e3o dessas rotas alternativas.&nbsp;<\/p>\n\n\n\n<p>Com o avan\u00e7o nas tratativas, o DNIT agora assume a responsabilidade direta pela recupera\u00e7\u00e3o dos mais de 380 quil\u00f4metros de rodovias afetadas. Al\u00e9m das a\u00e7\u00f5es de reparo, o Governo do Tocantins tem atuado com o Minist\u00e9rio dos Transportes para garantir a celeridade na obra da nova ponte sobre o Rio Tocantins, que j\u00e1 est\u00e1 em fase de projeto e dever\u00e1 oferecer uma solu\u00e7\u00e3o definitiva para a liga\u00e7\u00e3o entre o Tocantins e o Maranh\u00e3o.<\/p>\n\n\n\n<p>\u00a0<\/p>\n","protected":false},"excerpt":{"rendered":"<p>Reuni\u00e3o com o diretor-executivo do DNIT, Carlos Barros, contou com a presen\u00e7a do deputado federal Ricardo Ayres e do presidente da Aleto, deputado Am\u00e9lio Cayres Governo do Tocantins O governador do Tocantins, Wanderlei Barbosa, esteve na tarde desta quarta-feira, 21, na sede do Departamento Nacional de Infraestrutura de Transportes (DNIT), em Bras\u00edlia\/DF, onde participou de &hellip;<\/p>\n","protected":false},"author":5,"featured_media":10349,"comment_status":"open","ping_status":"open","sticky":false,"template":"","format":"standard","meta":{"footnotes":""},"categories":[1],"tags":[],"class_list":["post-10347","post","type-post","status-publish","format-standard","has-post-thumbnail","","category-sem-categoria"],"_links":{"self":[{"href":"https:\/\/focotocantinense.com.br\/index.php?rest_route=\/wp\/v2\/posts\/10347","targetHints":{"allow":["GET"]}}],"collection":[{"href":"https:\/\/focotocantinense.com.br\/index.php?rest_route=\/wp\/v2\/posts"}],"about":[{"href":"https:\/\/focotocantinense.com.br\/index.php?rest_route=\/wp\/v2\/types\/post"}],"author":[{"embeddable":true,"href":"https:\/\/focotocantinense.com.br\/index.php?rest_route=\/wp\/v2\/users\/5"}],"replies":[{"embeddable":true,"href":"https:\/\/focotocantinense.com.br\/index.php?rest_route=%2Fwp%2Fv2%2Fcomments&post=10347"}],"version-history":[{"count":1,"href":"https:\/\/focotocantinense.com.br\/index.php?rest_route=\/wp\/v2\/posts\/10347\/revisions"}],"predecessor-version":[{"id":10350,"href":"https:\/\/focotocantinense.com.br\/index.php?rest_route=\/wp\/v2\/posts\/10347\/revisions\/10350"}],"wp:featuredmedia":[{"embeddable":true,"href":"https:\/\/focotocantinense.com.br\/index.php?rest_route=\/wp\/v2\/media\/10349"}],"wp:attachment":[{"href":"https:\/\/focotocantinense.com.br\/index.php?rest_route=%2Fwp%2Fv2%2Fmedia&parent=10347"}],"wp:term":[{"taxonomy":"category","embeddable":true,"href":"https:\/\/focotocantinense.com.br\/index.php?rest_route=%2Fwp%2Fv2%2Fcategories&post=10347"},{"taxonomy":"post_tag","embeddable":true,"href":"https:\/\/focotocantinense.com.br\/index.php?rest_route=%2Fwp%2Fv2%2Ftags&post=10347"}],"curies":[{"name":"wp","href":"https:\/\/api.w.org\/{rel}","templated":true}]}}