{"id":10339,"date":"2025-05-21T18:52:40","date_gmt":"2025-05-21T21:52:40","guid":{"rendered":"https:\/\/focotocantinense.com.br\/?p=10339"},"modified":"2025-05-21T18:52:40","modified_gmt":"2025-05-21T21:52:40","slug":"prefeitura-de-gurupi-e-orgaos-fiscalizadores-alinham-medidas-para-coibir-maus-tratos-a-animais-durante-a-cavalgada","status":"publish","type":"post","link":"https:\/\/focotocantinense.com.br\/?p=10339","title":{"rendered":"Prefeitura de Gurupi e \u00f3rg\u00e3os fiscalizadores alinham medidas para coibir maus-tratos a animais durante a Cavalgada"},"content":{"rendered":"\n<p>A Prefeitura de Gurupi, por meio das Secretarias de Desenvolvimento Urbano; Desenvolvimento Econ\u00f4mico e Meio Ambiente; e da Ag\u00eancia Municipal de Tr\u00e2nsito e Transportes (AMTT), participou na manh\u00e3 desta quarta-feira, 21, de uma reuni\u00e3o com o Sindicato Rural de Gurupi e diversos \u00f3rg\u00e3os fiscalizadores. O objetivo foi alinhar as a\u00e7\u00f5es para coibir maus-tratos a animais durante a tradicional Cavalgada da Exposi\u00e7\u00e3o Agropecu\u00e1ria de Gurupi, que acontece no pr\u00f3ximo domingo, 25.<\/p>\n\n\n\n<p>Al\u00e9m da Prefeitura e do Sindicato Rural, participaram da reuni\u00e3o representantes da Pol\u00edcia Militar, Pol\u00edcia Militar Ambiental (BPMA), Pol\u00edcia Rodovi\u00e1ria Federal (PRF) e Ag\u00eancia de Defesa Agropecu\u00e1ria do Tocantins (Adapec). As diretrizes seguem recomenda\u00e7\u00f5es do Minist\u00e9rio P\u00fablico, visando garantir um evento seguro e dentro das normas legais.<\/p>\n\n\n\n<p><strong>Medidas de prote\u00e7\u00e3o e fiscaliza\u00e7\u00e3o durante o evento<\/strong><\/p>\n\n\n\n<p>Entre as a\u00e7\u00f5es conjuntas que ser\u00e3o colocadas em pr\u00e1tica est\u00e3o: Instala\u00e7\u00e3o de pontos de apoio ao longo do trajeto, com presen\u00e7a de veterin\u00e1rios e fiscais; Ve\u00edculos de suporte para remo\u00e7\u00e3o e transporte de animais em caso de maus-tratos; Paradas t\u00e9cnicas para hidrata\u00e7\u00e3o e descanso dos animais; Amplia\u00e7\u00e3o da estrutura de embarcadores ao final do trajeto para escoar rapidamente os animais ap\u00f3s o evento; Fiscaliza\u00e7\u00e3o intensificada e aumento no n\u00famero de profissionais capacitados.<\/p>\n\n\n\n<p>As recomenda\u00e7\u00f5es aos participantes incluem a proibi\u00e7\u00e3o do uso de esporas pontiagudas, embocaduras agressivas, chicotes com pontas cortantes, sobrecarga nos animais, jornadas exaustivas, neglig\u00eancia e abandono. Tamb\u00e9m ser\u00e1 exigido atestado de sanidade animal e exames negativos para anemia infecciosa equina e mormo. Animais com doen\u00e7as ou les\u00f5es n\u00e3o poder\u00e3o participar.<\/p>\n\n\n\n<p><strong>Compromisso e parceria pelo bem-estar animal<\/strong><\/p>\n\n\n\n<p>O secret\u00e1rio Municipal de Desenvolvimento Urbano, Eremilson Leite, destacou que o evento representa uma for\u00e7a conjunta entre diversos \u00f3rg\u00e3os. \u201cEstamos nos unindo para oferecer um grande evento com seguran\u00e7a. A Cavalgada tem uma import\u00e2ncia cultural e econ\u00f4mica para Gurupi, mas tamb\u00e9m precisamos garantir que seja segura para todos, inclusive para os animais. Cada \u00f3rg\u00e3o tem um papel e, juntos, vamos assegurar uma festa bonita e bem organizada\u201d, declarou.<\/p>\n\n\n\n<p>J\u00e1 o secret\u00e1rio Municipal de Desenvolvimento Econ\u00f4mico e Meio Ambiente, Wilson de Souza, ressaltou o foco no cuidado com os animais. \u201cTeremos uma cavalgada exuberante, mas com muita responsabilidade. O aparato \u00e9 grande, com a Prefeitura e v\u00e1rios \u00f3rg\u00e3os comprometidos em garantir o bem-estar animal. Teremos veterin\u00e1rios, fiscais, pontos de apoio, tudo pensado para um evento seguro e bem conduzido\u201d, disse.<\/p>\n\n\n\n<p>Representando o Sindicato Rural, Thiago Sales, falou em nome do presidente Jo\u00e3o Victor Stival e frisou as medidas que ser\u00e3o implementadas pela organiza\u00e7\u00e3o. \u201cTeremos tendas com veterin\u00e1rios ao longo do percurso, al\u00e9m de seguran\u00e7as e apoiadores equipados com r\u00e1dios para acionar a pol\u00edcia em caso de irregularidades. Tamb\u00e9m haver\u00e1 paradas para hidrata\u00e7\u00e3o dos cavalos e aumento do n\u00famero de embarcadores ao final do evento. Esperamos que esta seja mais uma vez a cavalgada mais bonita do Estado\u201d, afirmou.<\/p>\n\n\n\n<p>O comandante do 4\u00ba Batalh\u00e3o da Pol\u00edcia Militar, Tenente Coronel W. Costa, destacou o trabalho de integra\u00e7\u00e3o e fiscaliza\u00e7\u00e3o. \u201cTodos os \u00f3rg\u00e3os estar\u00e3o envolvidos at\u00e9 as 22h de domingo. A Pol\u00edcia Militar estar\u00e1 presente para garantir a seguran\u00e7a e apoiar a fiscaliza\u00e7\u00e3o. Refor\u00e7o que os participantes cuidem bem dos animais, pois, ap\u00f3s a cavalgada, os que forem encontrados amarrados pr\u00f3ximo a bares ou em situa\u00e7\u00e3o irregular ter\u00e3o os propriet\u00e1rios autuados e os animais recolhidos\u201d, frisou.<\/p>\n\n\n\n<figure class=\"wp-block-image size-large\"><img loading=\"lazy\" decoding=\"async\" width=\"1024\" height=\"1024\" src=\"https:\/\/focotocantinense.com.br\/wp-content\/uploads\/2025\/05\/1af30594-89e0-49bd-9d16-90eb471061b7-1024x1024.jpg\" alt=\"\" class=\"wp-image-10340\" srcset=\"https:\/\/focotocantinense.com.br\/wp-content\/uploads\/2025\/05\/1af30594-89e0-49bd-9d16-90eb471061b7-1024x1024.jpg 1024w, https:\/\/focotocantinense.com.br\/wp-content\/uploads\/2025\/05\/1af30594-89e0-49bd-9d16-90eb471061b7-300x300.jpg 300w, https:\/\/focotocantinense.com.br\/wp-content\/uploads\/2025\/05\/1af30594-89e0-49bd-9d16-90eb471061b7-150x150.jpg 150w, https:\/\/focotocantinense.com.br\/wp-content\/uploads\/2025\/05\/1af30594-89e0-49bd-9d16-90eb471061b7-768x768.jpg 768w, https:\/\/focotocantinense.com.br\/wp-content\/uploads\/2025\/05\/1af30594-89e0-49bd-9d16-90eb471061b7-1536x1536.jpg 1536w, https:\/\/focotocantinense.com.br\/wp-content\/uploads\/2025\/05\/1af30594-89e0-49bd-9d16-90eb471061b7.jpg 1600w\" sizes=\"auto, (max-width: 1024px) 100vw, 1024px\" \/><\/figure>\n\n\n\n<p><\/p>\n\n\n\n<p><strong>Grupo de trabalho para a Cavalgada<\/strong><\/p>\n\n\n\n<p>Como parte dos esfor\u00e7os para garantir a organiza\u00e7\u00e3o e seguran\u00e7a da Cavalgada, a Prefeitura de Gurupi, por meio da Secretaria Municipal de Desenvolvimento Urbano e Habita\u00e7\u00e3o, e a Diretoria de Posturas, instituiu um grupo de trabalho espec\u00edfico para o evento.<\/p>\n\n\n\n<p>O grupo, criado em resposta \u00e0s recomenda\u00e7\u00f5es do Minist\u00e9rio P\u00fablico, j\u00e1 realizou tr\u00eas reuni\u00f5es com participa\u00e7\u00e3o dos seguintes \u00f3rg\u00e3os: Diretoria de Posturas; AMTT; Diretoria de Meio Ambiente; Pol\u00edcia Militar; Pol\u00edcia Rodovi\u00e1ria Federal; Adapec; e Sindicato Rural.&nbsp;<\/p>\n\n\n\n<p>O secret\u00e1rio da pasta, Eremilson, concluiu que a atua\u00e7\u00e3o conjunta refor\u00e7a o comprometimento da gest\u00e3o municipal em promover um evento tradicional que respeite a legisla\u00e7\u00e3o e os direitos dos animais, ao mesmo tempo em que oferece seguran\u00e7a e organiza\u00e7\u00e3o ao p\u00fablico.<\/p>\n\n\n\n<figure class=\"wp-block-image size-large\"><img loading=\"lazy\" decoding=\"async\" width=\"1024\" height=\"256\" src=\"https:\/\/focotocantinense.com.br\/wp-content\/uploads\/2025\/05\/Vinicius-Martins-ESPECIALISTA-EM-RISOS-6-1024x256.jpeg\" alt=\"\" class=\"wp-image-10341\" srcset=\"https:\/\/focotocantinense.com.br\/wp-content\/uploads\/2025\/05\/Vinicius-Martins-ESPECIALISTA-EM-RISOS-6-1024x256.jpeg 1024w, https:\/\/focotocantinense.com.br\/wp-content\/uploads\/2025\/05\/Vinicius-Martins-ESPECIALISTA-EM-RISOS-6-300x75.jpeg 300w, https:\/\/focotocantinense.com.br\/wp-content\/uploads\/2025\/05\/Vinicius-Martins-ESPECIALISTA-EM-RISOS-6-768x192.jpeg 768w, https:\/\/focotocantinense.com.br\/wp-content\/uploads\/2025\/05\/Vinicius-Martins-ESPECIALISTA-EM-RISOS-6-1536x384.jpeg 1536w, https:\/\/focotocantinense.com.br\/wp-content\/uploads\/2025\/05\/Vinicius-Martins-ESPECIALISTA-EM-RISOS-6.jpeg 1584w\" sizes=\"auto, (max-width: 1024px) 100vw, 1024px\" \/><\/figure>\n","protected":false},"excerpt":{"rendered":"<p>A Prefeitura de Gurupi, por meio das Secretarias de Desenvolvimento Urbano; Desenvolvimento Econ\u00f4mico e Meio Ambiente; e da Ag\u00eancia Municipal de Tr\u00e2nsito e Transportes (AMTT), participou na manh\u00e3 desta quarta-feira, 21, de uma reuni\u00e3o com o Sindicato Rural de Gurupi e diversos \u00f3rg\u00e3os fiscalizadores. O objetivo foi alinhar as a\u00e7\u00f5es para coibir maus-tratos a animais &hellip;<\/p>\n","protected":false},"author":5,"featured_media":10340,"comment_status":"open","ping_status":"open","sticky":false,"template":"","format":"standard","meta":{"footnotes":""},"categories":[38],"tags":[],"class_list":["post-10339","post","type-post","status-publish","format-standard","has-post-thumbnail","","category-gurupi"],"_links":{"self":[{"href":"https:\/\/focotocantinense.com.br\/index.php?rest_route=\/wp\/v2\/posts\/10339","targetHints":{"allow":["GET"]}}],"collection":[{"href":"https:\/\/focotocantinense.com.br\/index.php?rest_route=\/wp\/v2\/posts"}],"about":[{"href":"https:\/\/focotocantinense.com.br\/index.php?rest_route=\/wp\/v2\/types\/post"}],"author":[{"embeddable":true,"href":"https:\/\/focotocantinense.com.br\/index.php?rest_route=\/wp\/v2\/users\/5"}],"replies":[{"embeddable":true,"href":"https:\/\/focotocantinense.com.br\/index.php?rest_route=%2Fwp%2Fv2%2Fcomments&post=10339"}],"version-history":[{"count":1,"href":"https:\/\/focotocantinense.com.br\/index.php?rest_route=\/wp\/v2\/posts\/10339\/revisions"}],"predecessor-version":[{"id":10342,"href":"https:\/\/focotocantinense.com.br\/index.php?rest_route=\/wp\/v2\/posts\/10339\/revisions\/10342"}],"wp:featuredmedia":[{"embeddable":true,"href":"https:\/\/focotocantinense.com.br\/index.php?rest_route=\/wp\/v2\/media\/10340"}],"wp:attachment":[{"href":"https:\/\/focotocantinense.com.br\/index.php?rest_route=%2Fwp%2Fv2%2Fmedia&parent=10339"}],"wp:term":[{"taxonomy":"category","embeddable":true,"href":"https:\/\/focotocantinense.com.br\/index.php?rest_route=%2Fwp%2Fv2%2Fcategories&post=10339"},{"taxonomy":"post_tag","embeddable":true,"href":"https:\/\/focotocantinense.com.br\/index.php?rest_route=%2Fwp%2Fv2%2Ftags&post=10339"}],"curies":[{"name":"wp","href":"https:\/\/api.w.org\/{rel}","templated":true}]}}