{"id":10331,"date":"2025-05-20T19:01:10","date_gmt":"2025-05-20T22:01:10","guid":{"rendered":"https:\/\/focotocantinense.com.br\/?p=10331"},"modified":"2025-05-20T19:02:35","modified_gmt":"2025-05-20T22:02:35","slug":"projeto-sarau-literatura-tocantinense-na-feira-valoriza-escritores-locais-e-circula-em-feiras-populares-com-apoio-do-programa-rouanet-norte","status":"publish","type":"post","link":"https:\/\/focotocantinense.com.br\/?p=10331","title":{"rendered":"Projeto Sarau: Literatura Tocantinense na Feira valoriza escritores locais e circula em feiras populares com apoio do Programa Rouanet Norte"},"content":{"rendered":"\n<p>A literatura feita no Tocantins ganha novo f\u00f4lego e visibilidade com o projeto Sarau: Literatura Tocantinense na Feira, idealizado e proposto por Alexandre Santiago Filho. Contemplado no Edital do Programa Rouanet Norte, o projeto conta com patroc\u00ednio master do Banco da Amaz\u00f4nia, refor\u00e7ando o compromisso com a valoriza\u00e7\u00e3o da cultura nortista.<\/p>\n\n\n\n<figure class=\"wp-block-image size-large is-resized\"><img loading=\"lazy\" decoding=\"async\" width=\"723\" height=\"1024\" src=\"https:\/\/focotocantinense.com.br\/wp-content\/uploads\/2025\/05\/2-literatura-tocantinense-723x1024.jpg\" alt=\"\" class=\"wp-image-10332\" style=\"width:365px;height:auto\" srcset=\"https:\/\/focotocantinense.com.br\/wp-content\/uploads\/2025\/05\/2-literatura-tocantinense-723x1024.jpg 723w, https:\/\/focotocantinense.com.br\/wp-content\/uploads\/2025\/05\/2-literatura-tocantinense-212x300.jpg 212w, https:\/\/focotocantinense.com.br\/wp-content\/uploads\/2025\/05\/2-literatura-tocantinense-768x1087.jpg 768w, https:\/\/focotocantinense.com.br\/wp-content\/uploads\/2025\/05\/2-literatura-tocantinense.jpg 904w\" sizes=\"auto, (max-width: 723px) 100vw, 723px\" \/><\/figure>\n\n\n\n<p><\/p>\n\n\n\n<p>Levando poesia, contos e cr\u00f4nicas diretamente para espa\u00e7os populares como feiras livres, o sarau aposta na democratiza\u00e7\u00e3o do acesso \u00e0 literatura, promovendo encontros entre autores tocantinenses e o p\u00fablico das comunidades. A proposta \u00e9 simples, mas potente: transformar o ambiente cotidiano das feiras em palco de celebra\u00e7\u00e3o da palavra escrita e falada.<\/p>\n\n\n\n<figure class=\"wp-block-image size-full is-resized\"><img loading=\"lazy\" decoding=\"async\" width=\"800\" height=\"400\" src=\"https:\/\/focotocantinense.com.br\/wp-content\/uploads\/2025\/05\/jjjjjjjjjjjjjjjjjj.jpeg\" alt=\"\" class=\"wp-image-10336\" style=\"width:840px;height:auto\" srcset=\"https:\/\/focotocantinense.com.br\/wp-content\/uploads\/2025\/05\/jjjjjjjjjjjjjjjjjj.jpeg 800w, https:\/\/focotocantinense.com.br\/wp-content\/uploads\/2025\/05\/jjjjjjjjjjjjjjjjjj-300x150.jpeg 300w, https:\/\/focotocantinense.com.br\/wp-content\/uploads\/2025\/05\/jjjjjjjjjjjjjjjjjj-768x384.jpeg 768w, https:\/\/focotocantinense.com.br\/wp-content\/uploads\/2025\/05\/jjjjjjjjjjjjjjjjjj-660x330.jpeg 660w\" sizes=\"auto, (max-width: 800px) 100vw, 800px\" \/><\/figure>\n\n\n\n<p><\/p>\n\n\n\n<p>Al\u00e9m das apresenta\u00e7\u00f5es liter\u00e1rias, o projeto contempla distribui\u00e7\u00e3o gratuita de livros de autores locais, oficinas de leitura e media\u00e7\u00e3o cultural. A ideia \u00e9 aproximar as pessoas da produ\u00e7\u00e3o liter\u00e1ria do Tocantins e criar oportunidades para que novos leitores descubram vozes que representam sua pr\u00f3pria realidade.<\/p>\n\n\n\n<p>O Sarau: Literatura Tocantinense na Feira \u00e9 mais do que um evento \u2013 \u00e9 um movimento afetivo e simb\u00f3lico que reafirma o lugar da literatura no cotidiano das pessoas e fortalece a identidade cultural do Norte do Brasil.&nbsp;&nbsp;O&nbsp;&nbsp;projeto conta com uma biblioteca itinerante de obras de escritores tocantinenses<\/p>\n\n\n\n<p><strong>PRIMEIRA EDI\u00c7\u00c3O:<\/strong><\/p>\n\n\n\n<p><strong>Local:<\/strong>&nbsp;Feira coberta da 304 Sul \u2013 Palmas\/TO<\/p>\n\n\n\n<p><strong>Data:<\/strong>&nbsp;20 de maio de 2025<\/p>\n\n\n\n<p><strong>Hor\u00e1rio:<\/strong>&nbsp;18h<\/p>\n\n\n\n<p><strong>Atividades:<\/strong>&nbsp;Declama\u00e7\u00f5es, participa\u00e7\u00e3o do p\u00fablico, sorteios e doa\u00e7\u00f5es de livros<\/p>\n\n\n\n<p><strong>Produ\u00e7\u00e3o Cultural:<\/strong>&nbsp;Caravana de Lendas<\/p>\n\n\n\n<figure class=\"wp-block-image size-large\"><img loading=\"lazy\" decoding=\"async\" width=\"1024\" height=\"256\" src=\"https:\/\/focotocantinense.com.br\/wp-content\/uploads\/2025\/05\/Vinicius-Martins-ESPECIALISTA-EM-RISOS-5-1024x256.jpeg\" alt=\"\" class=\"wp-image-10306\" srcset=\"https:\/\/focotocantinense.com.br\/wp-content\/uploads\/2025\/05\/Vinicius-Martins-ESPECIALISTA-EM-RISOS-5-1024x256.jpeg 1024w, https:\/\/focotocantinense.com.br\/wp-content\/uploads\/2025\/05\/Vinicius-Martins-ESPECIALISTA-EM-RISOS-5-300x75.jpeg 300w, https:\/\/focotocantinense.com.br\/wp-content\/uploads\/2025\/05\/Vinicius-Martins-ESPECIALISTA-EM-RISOS-5-768x192.jpeg 768w, https:\/\/focotocantinense.com.br\/wp-content\/uploads\/2025\/05\/Vinicius-Martins-ESPECIALISTA-EM-RISOS-5-1536x384.jpeg 1536w, https:\/\/focotocantinense.com.br\/wp-content\/uploads\/2025\/05\/Vinicius-Martins-ESPECIALISTA-EM-RISOS-5.jpeg 1584w\" sizes=\"auto, (max-width: 1024px) 100vw, 1024px\" \/><\/figure>\n","protected":false},"excerpt":{"rendered":"<p>A literatura feita no Tocantins ganha novo f\u00f4lego e visibilidade com o projeto Sarau: Literatura Tocantinense na Feira, idealizado e proposto por Alexandre Santiago Filho. Contemplado no Edital do Programa Rouanet Norte, o projeto conta com patroc\u00ednio master do Banco da Amaz\u00f4nia, refor\u00e7ando o compromisso com a valoriza\u00e7\u00e3o da cultura nortista. Levando poesia, contos e &hellip;<\/p>\n","protected":false},"author":5,"featured_media":10332,"comment_status":"open","ping_status":"open","sticky":false,"template":"","format":"standard","meta":{"footnotes":""},"categories":[37],"tags":[],"class_list":["post-10331","post","type-post","status-publish","format-standard","has-post-thumbnail","","category-palmas"],"_links":{"self":[{"href":"https:\/\/focotocantinense.com.br\/index.php?rest_route=\/wp\/v2\/posts\/10331","targetHints":{"allow":["GET"]}}],"collection":[{"href":"https:\/\/focotocantinense.com.br\/index.php?rest_route=\/wp\/v2\/posts"}],"about":[{"href":"https:\/\/focotocantinense.com.br\/index.php?rest_route=\/wp\/v2\/types\/post"}],"author":[{"embeddable":true,"href":"https:\/\/focotocantinense.com.br\/index.php?rest_route=\/wp\/v2\/users\/5"}],"replies":[{"embeddable":true,"href":"https:\/\/focotocantinense.com.br\/index.php?rest_route=%2Fwp%2Fv2%2Fcomments&post=10331"}],"version-history":[{"count":4,"href":"https:\/\/focotocantinense.com.br\/index.php?rest_route=\/wp\/v2\/posts\/10331\/revisions"}],"predecessor-version":[{"id":10337,"href":"https:\/\/focotocantinense.com.br\/index.php?rest_route=\/wp\/v2\/posts\/10331\/revisions\/10337"}],"wp:featuredmedia":[{"embeddable":true,"href":"https:\/\/focotocantinense.com.br\/index.php?rest_route=\/wp\/v2\/media\/10332"}],"wp:attachment":[{"href":"https:\/\/focotocantinense.com.br\/index.php?rest_route=%2Fwp%2Fv2%2Fmedia&parent=10331"}],"wp:term":[{"taxonomy":"category","embeddable":true,"href":"https:\/\/focotocantinense.com.br\/index.php?rest_route=%2Fwp%2Fv2%2Fcategories&post=10331"},{"taxonomy":"post_tag","embeddable":true,"href":"https:\/\/focotocantinense.com.br\/index.php?rest_route=%2Fwp%2Fv2%2Ftags&post=10331"}],"curies":[{"name":"wp","href":"https:\/\/api.w.org\/{rel}","templated":true}]}}