{"id":10326,"date":"2025-05-16T19:18:06","date_gmt":"2025-05-16T22:18:06","guid":{"rendered":"https:\/\/focotocantinense.com.br\/?p=10326"},"modified":"2025-05-16T19:21:04","modified_gmt":"2025-05-16T22:21:04","slug":"amelio-cayres-participa-de-reuniao-com-parlamentares-brasileiros-emgoiania","status":"publish","type":"post","link":"https:\/\/focotocantinense.com.br\/?p=10326","title":{"rendered":"Am\u00e9lio Cayres participa de reuni\u00e3o com parlamentares brasileiros em Goi\u00e2nia"},"content":{"rendered":"\n<p>O presidente da Assembleia Legislativa do Tocantins (Aleto), Am\u00e9lio<br>Cayres (Republicanos), participar\u00e1 nesta segunda-feira, 19, em Goi\u00e2nia,<br>da reuni\u00e3o do Colegiado de Presidentes das Assembleias Legislativas e da<br>C\u00e2mara Legislativa do Distrito Federal com a Diretoria Executiva da<br>Uni\u00e3o Nacional dos Legisladores e Legislativos Estaduais (Unale).<\/p>\n\n\n\n<figure class=\"wp-block-image size-large is-resized\"><img loading=\"lazy\" decoding=\"async\" width=\"1024\" height=\"640\" src=\"https:\/\/focotocantinense.com.br\/wp-content\/uploads\/2025\/05\/Amelio-Cayres-foto-Clayton-Cristus-1024x640.jpg\" alt=\"\" class=\"wp-image-10327\" style=\"width:272px;height:auto\" srcset=\"https:\/\/focotocantinense.com.br\/wp-content\/uploads\/2025\/05\/Amelio-Cayres-foto-Clayton-Cristus-1024x640.jpg 1024w, https:\/\/focotocantinense.com.br\/wp-content\/uploads\/2025\/05\/Amelio-Cayres-foto-Clayton-Cristus-300x188.jpg 300w, https:\/\/focotocantinense.com.br\/wp-content\/uploads\/2025\/05\/Amelio-Cayres-foto-Clayton-Cristus-768x480.jpg 768w, https:\/\/focotocantinense.com.br\/wp-content\/uploads\/2025\/05\/Amelio-Cayres-foto-Clayton-Cristus-1536x960.jpg 1536w, https:\/\/focotocantinense.com.br\/wp-content\/uploads\/2025\/05\/Amelio-Cayres-foto-Clayton-Cristus-2048x1280.jpg 2048w\" sizes=\"auto, (max-width: 1024px) 100vw, 1024px\" \/><\/figure>\n\n\n\n<p>Realizada no Plen\u00e1rio Iris Rezende, na sede da Assembleia Legislativa de<br>Goi\u00e1s, o encontro \u00e9 pautado com a finalidade de abordar a\u00e7\u00f5es<br>institucionais, bem como novas propostas e diretrizes a serem adotadas<br>pelas institui\u00e7\u00f5es envolvidas nos pr\u00f3ximos meses da gest\u00e3o 2025, dentre<br>outros assuntos.<\/p>\n\n\n\n<p>A Aleto est\u00e1 representada na Diretoria Executiva da Unale pelos<br>deputados Valdemar J\u00fanior (Republicanos), no cargo de vice-presidente;<br>Olyntho Neto (Republicanos), como 3\u00ba tesoureiro; e Gutierres Torquato<br>(PDT), enquanto secret\u00e1rio pelo Tocantins.<\/p>\n\n\n\n<p>Condecora\u00e7\u00e3o<br>Ainda em Goi\u00e2nia, Am\u00e9lio Cayres ser\u00e1 condecorado com a Medalha do M\u00e9rito<br>Legislativo Pedro Ludovico Teixeira, a maior honraria concedida pela<br>Assembleia Legislativa do Estado de Goi\u00e1s.<\/p>\n","protected":false},"excerpt":{"rendered":"<p>O presidente da Assembleia Legislativa do Tocantins (Aleto), Am\u00e9lioCayres (Republicanos), participar\u00e1 nesta segunda-feira, 19, em Goi\u00e2nia,da reuni\u00e3o do Colegiado de Presidentes das Assembleias Legislativas e daC\u00e2mara Legislativa do Distrito Federal com a Diretoria Executiva daUni\u00e3o Nacional dos Legisladores e Legislativos Estaduais (Unale). Realizada no Plen\u00e1rio Iris Rezende, na sede da Assembleia Legislativa deGoi\u00e1s, o encontro &hellip;<\/p>\n","protected":false},"author":5,"featured_media":10327,"comment_status":"open","ping_status":"open","sticky":false,"template":"","format":"standard","meta":{"footnotes":""},"categories":[1],"tags":[],"class_list":["post-10326","post","type-post","status-publish","format-standard","has-post-thumbnail","","category-sem-categoria"],"_links":{"self":[{"href":"https:\/\/focotocantinense.com.br\/index.php?rest_route=\/wp\/v2\/posts\/10326","targetHints":{"allow":["GET"]}}],"collection":[{"href":"https:\/\/focotocantinense.com.br\/index.php?rest_route=\/wp\/v2\/posts"}],"about":[{"href":"https:\/\/focotocantinense.com.br\/index.php?rest_route=\/wp\/v2\/types\/post"}],"author":[{"embeddable":true,"href":"https:\/\/focotocantinense.com.br\/index.php?rest_route=\/wp\/v2\/users\/5"}],"replies":[{"embeddable":true,"href":"https:\/\/focotocantinense.com.br\/index.php?rest_route=%2Fwp%2Fv2%2Fcomments&post=10326"}],"version-history":[{"count":2,"href":"https:\/\/focotocantinense.com.br\/index.php?rest_route=\/wp\/v2\/posts\/10326\/revisions"}],"predecessor-version":[{"id":10329,"href":"https:\/\/focotocantinense.com.br\/index.php?rest_route=\/wp\/v2\/posts\/10326\/revisions\/10329"}],"wp:featuredmedia":[{"embeddable":true,"href":"https:\/\/focotocantinense.com.br\/index.php?rest_route=\/wp\/v2\/media\/10327"}],"wp:attachment":[{"href":"https:\/\/focotocantinense.com.br\/index.php?rest_route=%2Fwp%2Fv2%2Fmedia&parent=10326"}],"wp:term":[{"taxonomy":"category","embeddable":true,"href":"https:\/\/focotocantinense.com.br\/index.php?rest_route=%2Fwp%2Fv2%2Fcategories&post=10326"},{"taxonomy":"post_tag","embeddable":true,"href":"https:\/\/focotocantinense.com.br\/index.php?rest_route=%2Fwp%2Fv2%2Ftags&post=10326"}],"curies":[{"name":"wp","href":"https:\/\/api.w.org\/{rel}","templated":true}]}}