{"id":10309,"date":"2025-05-16T15:18:55","date_gmt":"2025-05-16T18:18:55","guid":{"rendered":"https:\/\/focotocantinense.com.br\/?p=10309"},"modified":"2025-05-16T15:19:39","modified_gmt":"2025-05-16T18:19:39","slug":"deputado-federal-antonio-andrade-destaca-importancia-do-agronegocio-na-agrotins-2025","status":"publish","type":"post","link":"https:\/\/focotocantinense.com.br\/?p=10309","title":{"rendered":"Deputado Federal Antonio Andrade destaca import\u00e2ncia do agroneg\u00f3cio na Agrotins 2025"},"content":{"rendered":"\n<p>O deputado federal Antonio Andrade (Republicanos-TO) marcou presen\u00e7a na 25\u00aa edi\u00e7\u00e3o da Feira de Tecnologia Agropecu\u00e1ria do Tocantins (Agrotins 2025), realizada no Parque Agrotecnol\u00f3gico Engenheiro Agr\u00f4nomo Mauro Mendanha, em Palmas.<\/p>\n\n\n\n<figure class=\"wp-block-image size-full is-resized\"><img loading=\"lazy\" decoding=\"async\" width=\"463\" height=\"319\" src=\"https:\/\/focotocantinense.com.br\/wp-content\/uploads\/2025\/05\/agrotins-toinho-okh-2.jpg\" alt=\"\" class=\"wp-image-10314\" style=\"width:366px;height:auto\" srcset=\"https:\/\/focotocantinense.com.br\/wp-content\/uploads\/2025\/05\/agrotins-toinho-okh-2.jpg 463w, https:\/\/focotocantinense.com.br\/wp-content\/uploads\/2025\/05\/agrotins-toinho-okh-2-300x207.jpg 300w, https:\/\/focotocantinense.com.br\/wp-content\/uploads\/2025\/05\/agrotins-toinho-okh-2-110x75.jpg 110w\" sizes=\"auto, (max-width: 463px) 100vw, 463px\" \/><\/figure>\n\n\n\n<p>Durante o evento, que \u00e9 considerado a maior feira do agroneg\u00f3cio da Regi\u00e3o Norte do Brasil, Andrade ressaltou a relev\u00e2ncia do setor agropecu\u00e1rio para o desenvolvimento econ\u00f4mico do Tocantins. A Agrotins 2025 tem como tema &#8220;AgroEvolu\u00e7\u00e3o&#8221;, e celebra 25 anos de uma hist\u00f3ria de grande sucesso.<\/p>\n\n\n\n<p>&#8220;O agroneg\u00f3cio \u00e9 a for\u00e7a motriz da economia tocantinense. Eventos como a Agrotins s\u00e3o fundamentais para promover a inova\u00e7\u00e3o, fomentar neg\u00f3cios e fortalecer a produ\u00e7\u00e3o rural em nosso estado,&#8221; afirmou o parlamentar.<\/p>\n\n\n\n<figure class=\"wp-block-image size-full is-resized\"><img loading=\"lazy\" decoding=\"async\" width=\"701\" height=\"459\" src=\"https:\/\/focotocantinense.com.br\/wp-content\/uploads\/2025\/05\/agrotins-toinho-ok.jpg\" alt=\"\" class=\"wp-image-10310\" style=\"width:840px;height:auto\" srcset=\"https:\/\/focotocantinense.com.br\/wp-content\/uploads\/2025\/05\/agrotins-toinho-ok.jpg 701w, https:\/\/focotocantinense.com.br\/wp-content\/uploads\/2025\/05\/agrotins-toinho-ok-300x196.jpg 300w\" sizes=\"auto, (max-width: 701px) 100vw, 701px\" \/><\/figure>\n\n\n\n<p>Al\u00e9m de participar das atividades da feira, o parlamentar teve encontros com diversos prefeitos tocantinenses presentes no local. Durante os encontros, foram discutidas pautas municipais e estrat\u00e9gias para fortalecer parcerias entre o legislativo federal e as administra\u00e7\u00f5es locais, visando impulsionar o desenvolvimento regional.<\/p>\n","protected":false},"excerpt":{"rendered":"<p>O deputado federal Antonio Andrade (Republicanos-TO) marcou presen\u00e7a na 25\u00aa edi\u00e7\u00e3o da Feira de Tecnologia Agropecu\u00e1ria do Tocantins (Agrotins 2025), realizada no Parque Agrotecnol\u00f3gico Engenheiro Agr\u00f4nomo Mauro Mendanha, em Palmas. Durante o evento, que \u00e9 considerado a maior feira do agroneg\u00f3cio da Regi\u00e3o Norte do Brasil, Andrade ressaltou a relev\u00e2ncia do setor agropecu\u00e1rio para o &hellip;<\/p>\n","protected":false},"author":5,"featured_media":10312,"comment_status":"open","ping_status":"open","sticky":false,"template":"","format":"standard","meta":{"footnotes":""},"categories":[1],"tags":[],"class_list":["post-10309","post","type-post","status-publish","format-standard","has-post-thumbnail","","category-sem-categoria"],"_links":{"self":[{"href":"https:\/\/focotocantinense.com.br\/index.php?rest_route=\/wp\/v2\/posts\/10309","targetHints":{"allow":["GET"]}}],"collection":[{"href":"https:\/\/focotocantinense.com.br\/index.php?rest_route=\/wp\/v2\/posts"}],"about":[{"href":"https:\/\/focotocantinense.com.br\/index.php?rest_route=\/wp\/v2\/types\/post"}],"author":[{"embeddable":true,"href":"https:\/\/focotocantinense.com.br\/index.php?rest_route=\/wp\/v2\/users\/5"}],"replies":[{"embeddable":true,"href":"https:\/\/focotocantinense.com.br\/index.php?rest_route=%2Fwp%2Fv2%2Fcomments&post=10309"}],"version-history":[{"count":2,"href":"https:\/\/focotocantinense.com.br\/index.php?rest_route=\/wp\/v2\/posts\/10309\/revisions"}],"predecessor-version":[{"id":10315,"href":"https:\/\/focotocantinense.com.br\/index.php?rest_route=\/wp\/v2\/posts\/10309\/revisions\/10315"}],"wp:featuredmedia":[{"embeddable":true,"href":"https:\/\/focotocantinense.com.br\/index.php?rest_route=\/wp\/v2\/media\/10312"}],"wp:attachment":[{"href":"https:\/\/focotocantinense.com.br\/index.php?rest_route=%2Fwp%2Fv2%2Fmedia&parent=10309"}],"wp:term":[{"taxonomy":"category","embeddable":true,"href":"https:\/\/focotocantinense.com.br\/index.php?rest_route=%2Fwp%2Fv2%2Fcategories&post=10309"},{"taxonomy":"post_tag","embeddable":true,"href":"https:\/\/focotocantinense.com.br\/index.php?rest_route=%2Fwp%2Fv2%2Ftags&post=10309"}],"curies":[{"name":"wp","href":"https:\/\/api.w.org\/{rel}","templated":true}]}}