{"id":10304,"date":"2025-05-16T12:24:34","date_gmt":"2025-05-16T15:24:34","guid":{"rendered":"https:\/\/focotocantinense.com.br\/?p=10304"},"modified":"2025-05-16T12:25:33","modified_gmt":"2025-05-16T15:25:33","slug":"eee","status":"publish","type":"post","link":"https:\/\/focotocantinense.com.br\/?p=10304","title":{"rendered":"Gurupi participa nesta quinta-feira da Escutat\u00f3ria Cultural do MinC em Palmas"},"content":{"rendered":"\n<p>Na tarde desta quinta-feira (15), o Audit\u00f3rio do Cine Cultura Palmas, localizado no Espa\u00e7o Cultural Fernanda Montenegro, foi palco da Escutat\u00f3ria Cultural Pelo Brasil \u2013 Tocantins, promovida pelo Minist\u00e9rio da Cultura (MinC). O encontro reuniu autoridades, gestores p\u00fablicos, representantes culturais e artistas de diversas regi\u00f5es do estado para dialogar sobre os desafios e caminhos para a efetiva\u00e7\u00e3o das pol\u00edticas culturais no Tocantins.<\/p>\n\n\n\n<p>Gurupi esteve representada por membros da Secretaria Municipal de Cultura e Turismo: Paulo Ricardo Teixeira (diretor de Cultura), Laryssa Samara Ferreira e Larissa Barbosa Rabelo. Tamb\u00e9m marcaram presen\u00e7a as gurupienses Maria do Socorro de Sousa Barros e Adriana Ang\u00e9lica Mendon\u00e7a do Santos Chaves, que integram o Comit\u00ea de Cultura no Tocantins \u2013 Regi\u00e3o Sul e Sudeste e tamb\u00e9m s\u00e3o da cidade de Gurupi.<\/p>\n\n\n\n<p>Al\u00e9m dos representantes institucionais, artistas gurupienses participaram da escutat\u00f3ria, contribuindo com suas viv\u00eancias e apontando as principais dificuldades enfrentadas no territ\u00f3rio para acessar os recursos federais voltados \u00e0 cultura.<\/p>\n\n\n\n<p><strong>Participa\u00e7\u00e3o<\/strong><\/p>\n\n\n\n<p>O evento teve como foco ouvir as demandas da sociedade civil e dos fazedores de cultura sobre a implementa\u00e7\u00e3o da Pol\u00edtica Nacional Aldir Blanc (PNAB) e do programa Cultura Viva, que financiam a\u00e7\u00f5es por meio de editais espec\u00edficos voltados a Pontos e Pont\u00f5es de Cultura.<\/p>\n\n\n\n<p>A presen\u00e7a dos agentes territoriais do MinC no estado tem sido fundamental para mediar o di\u00e1logo entre os gestores p\u00fablicos e os trabalhadores da cultura, promovendo o alinhamento das a\u00e7\u00f5es e o fortalecimento da pol\u00edtica cultural nos munic\u00edpios.<\/p>\n\n\n\n<p>O diretor de Cultura de Gurupi, Paulo Ricardo Teixeira, destacou a import\u00e2ncia da escuta ativa para a constru\u00e7\u00e3o de pol\u00edticas p\u00fablicas eficazes \u201c\u00c9 importante para promover a participa\u00e7\u00e3o social na constru\u00e7\u00e3o das pol\u00edticas culturais, garantindo que as vozes dos artistas, agentes culturais e comunidades sejam ouvidas e consideradas na formula\u00e7\u00e3o das pol\u00edticas\u201d, afirma.<\/p>\n\n\n\n<figure class=\"wp-block-image size-large\"><img loading=\"lazy\" decoding=\"async\" width=\"1024\" height=\"444\" src=\"https:\/\/focotocantinense.com.br\/wp-content\/uploads\/2025\/05\/f38ac989-1ec3-48ac-9e0e-13947edf90ed-1500x650-1-1024x444.jpeg\" alt=\"\" class=\"wp-image-10305\" srcset=\"https:\/\/focotocantinense.com.br\/wp-content\/uploads\/2025\/05\/f38ac989-1ec3-48ac-9e0e-13947edf90ed-1500x650-1-1024x444.jpeg 1024w, https:\/\/focotocantinense.com.br\/wp-content\/uploads\/2025\/05\/f38ac989-1ec3-48ac-9e0e-13947edf90ed-1500x650-1-300x130.jpeg 300w, https:\/\/focotocantinense.com.br\/wp-content\/uploads\/2025\/05\/f38ac989-1ec3-48ac-9e0e-13947edf90ed-1500x650-1-768x333.jpeg 768w, https:\/\/focotocantinense.com.br\/wp-content\/uploads\/2025\/05\/f38ac989-1ec3-48ac-9e0e-13947edf90ed-1500x650-1.jpeg 1500w\" sizes=\"auto, (max-width: 1024px) 100vw, 1024px\" \/><\/figure>\n\n\n\n<p><\/p>\n\n\n\n<p><strong>Autoridades<\/strong><\/p>\n\n\n\n<p>Tamb\u00e9m participaram do evento autoridades estaduais e federais, como: Jos\u00e9 Sebasti\u00e3o Pinheiro \u2013 Secret\u00e1rio Estadual de Cultura do Tocantins; M\u00e1rcia Helena Gon\u00e7alves Rollemberg \u2013 Secret\u00e1ria Nacional da Cidadania e Diversidade Cultural (SCDC\/MinC); Sebasti\u00e3o Jos\u00e9 Soares \u2013 Diretor de Promo\u00e7\u00e3o das Culturas Tradicionais e Populares (SCDC\/MinC).<\/p>\n\n\n\n<p>A Escutat\u00f3ria Cultural Pelo Brasil \u00e9 uma iniciativa itinerante do Minist\u00e9rio da Cultura que promove o di\u00e1logo direto com a popula\u00e7\u00e3o, refor\u00e7ando o compromisso com a diversidade e o fortalecimento das express\u00f5es culturais em todas as regi\u00f5es do pa\u00eds.<\/p>\n\n\n\n<figure class=\"wp-block-image size-large\"><img loading=\"lazy\" decoding=\"async\" width=\"1024\" height=\"256\" src=\"https:\/\/focotocantinense.com.br\/wp-content\/uploads\/2025\/05\/Vinicius-Martins-ESPECIALISTA-EM-RISOS-5-1024x256.jpeg\" alt=\"\" class=\"wp-image-10306\" srcset=\"https:\/\/focotocantinense.com.br\/wp-content\/uploads\/2025\/05\/Vinicius-Martins-ESPECIALISTA-EM-RISOS-5-1024x256.jpeg 1024w, https:\/\/focotocantinense.com.br\/wp-content\/uploads\/2025\/05\/Vinicius-Martins-ESPECIALISTA-EM-RISOS-5-300x75.jpeg 300w, https:\/\/focotocantinense.com.br\/wp-content\/uploads\/2025\/05\/Vinicius-Martins-ESPECIALISTA-EM-RISOS-5-768x192.jpeg 768w, https:\/\/focotocantinense.com.br\/wp-content\/uploads\/2025\/05\/Vinicius-Martins-ESPECIALISTA-EM-RISOS-5-1536x384.jpeg 1536w, https:\/\/focotocantinense.com.br\/wp-content\/uploads\/2025\/05\/Vinicius-Martins-ESPECIALISTA-EM-RISOS-5.jpeg 1584w\" sizes=\"auto, (max-width: 1024px) 100vw, 1024px\" \/><\/figure>\n","protected":false},"excerpt":{"rendered":"<p>Na tarde desta quinta-feira (15), o Audit\u00f3rio do Cine Cultura Palmas, localizado no Espa\u00e7o Cultural Fernanda Montenegro, foi palco da Escutat\u00f3ria Cultural Pelo Brasil \u2013 Tocantins, promovida pelo Minist\u00e9rio da Cultura (MinC). O encontro reuniu autoridades, gestores p\u00fablicos, representantes culturais e artistas de diversas regi\u00f5es do estado para dialogar sobre os desafios e caminhos para &hellip;<\/p>\n","protected":false},"author":5,"featured_media":10305,"comment_status":"open","ping_status":"open","sticky":false,"template":"","format":"standard","meta":{"footnotes":""},"categories":[38],"tags":[],"class_list":["post-10304","post","type-post","status-publish","format-standard","has-post-thumbnail","","category-gurupi"],"_links":{"self":[{"href":"https:\/\/focotocantinense.com.br\/index.php?rest_route=\/wp\/v2\/posts\/10304","targetHints":{"allow":["GET"]}}],"collection":[{"href":"https:\/\/focotocantinense.com.br\/index.php?rest_route=\/wp\/v2\/posts"}],"about":[{"href":"https:\/\/focotocantinense.com.br\/index.php?rest_route=\/wp\/v2\/types\/post"}],"author":[{"embeddable":true,"href":"https:\/\/focotocantinense.com.br\/index.php?rest_route=\/wp\/v2\/users\/5"}],"replies":[{"embeddable":true,"href":"https:\/\/focotocantinense.com.br\/index.php?rest_route=%2Fwp%2Fv2%2Fcomments&post=10304"}],"version-history":[{"count":2,"href":"https:\/\/focotocantinense.com.br\/index.php?rest_route=\/wp\/v2\/posts\/10304\/revisions"}],"predecessor-version":[{"id":10308,"href":"https:\/\/focotocantinense.com.br\/index.php?rest_route=\/wp\/v2\/posts\/10304\/revisions\/10308"}],"wp:featuredmedia":[{"embeddable":true,"href":"https:\/\/focotocantinense.com.br\/index.php?rest_route=\/wp\/v2\/media\/10305"}],"wp:attachment":[{"href":"https:\/\/focotocantinense.com.br\/index.php?rest_route=%2Fwp%2Fv2%2Fmedia&parent=10304"}],"wp:term":[{"taxonomy":"category","embeddable":true,"href":"https:\/\/focotocantinense.com.br\/index.php?rest_route=%2Fwp%2Fv2%2Fcategories&post=10304"},{"taxonomy":"post_tag","embeddable":true,"href":"https:\/\/focotocantinense.com.br\/index.php?rest_route=%2Fwp%2Fv2%2Ftags&post=10304"}],"curies":[{"name":"wp","href":"https:\/\/api.w.org\/{rel}","templated":true}]}}