{"id":1030,"date":"2021-03-31T11:54:19","date_gmt":"2021-03-31T14:54:19","guid":{"rendered":"http:\/\/focotocantinense.com.br\/?p=1030"},"modified":"2021-03-31T11:56:43","modified_gmt":"2021-03-31T14:56:43","slug":"governo-do-tocantins-atende-1200-familias-na-regiao-sul-do-tocantins-em-mais-uma-etapa-de-entrega-de-cestas-basicas","status":"publish","type":"post","link":"https:\/\/focotocantinense.com.br\/?p=1030","title":{"rendered":"Governo do Tocantins atende 1200 fam\u00edlias na regi\u00e3o sul do Tocantins em mais uma etapa de entrega de cestas b\u00e1sicas"},"content":{"rendered":"\n<p>Em mais uma etapa de entrega de cestas b\u00e1sicas, o Governo do Tocantins, por meio da Secretaria Estadual do Trabalho e Desenvolvimento Social (Setas), atende 1200 fam\u00edlias impactadas pela pandemia da Covid-19. A a\u00e7\u00e3o acontece dessa quarta-feira, 31, at\u00e9 o s\u00e1bado, 3, em seis munic\u00edpios da regi\u00e3o sul do Tocantins.<\/p>\n\n\n\n<p>As cestas est\u00e3o sendo entregues nos Centros de Refer\u00eancias de Assist\u00eancia Social (Cras) dos munic\u00edpios contemplados; que s\u00e3o: Duer\u00e9, Formoso do Araguaia, Ja\u00fa do Tocantins, Palmeir\u00f3polis, S\u00e3o Salvador e Paran\u00e3.<\/p>\n\n\n\n<p>O gestor da Setas, Jos\u00e9 Messias Ara\u00fajo disse que a parceria com os Cras e associa\u00e7\u00f5es dos munic\u00edpios possibilita que os kits com alimentos cheguem a quem realmente necessita. \u201c\u00c9 determina\u00e7\u00e3o do Governador Mauro Carlesse que tenhamos esse cuidado para que os alimentos cheguem a quem realmente est\u00e1 precisando; e nenhuma fam\u00edlia ou trabalhador impactado ser\u00e1 esquecido\u201d, ressaltou o Secret\u00e1rio.<\/p>\n\n\n\n<p>As cestas b\u00e1sicas est\u00e3o sendo distribu\u00eddas para os 139 munic\u00edpios do Estado, desde mar\u00e7o de 2020, com objetivo de garantir a seguran\u00e7a alimentar e nutricional das fam\u00edlias vulner\u00e1veis e impactadas pela pandemia da Covid-19.&nbsp;<\/p>\n\n\n\n<p><strong>Entenda<\/strong><br>A a\u00e7\u00e3o de entrega de cestas b\u00e1sicas, executada pelo Governo do Tocantins, teve in\u00edcio com o Decreto n\u00b0 6.070, de 18 de mar\u00e7o de 2020, quando o governador Mauro Carlesse determinou situa\u00e7\u00e3o de emerg\u00eancia no Tocantins, em virtude dos impactos da Covid-19.<\/p>\n\n\n\n<p><strong>Transpar\u00eancia e controle<\/strong><\/p>\n\n\n\n<p>A aquisi\u00e7\u00e3o e a distribui\u00e7\u00e3o de cerca de 1 milh\u00e3o e 50 mil&nbsp; cestas b\u00e1sicas, por compra direta, fazem parte da a\u00e7\u00e3o emergencial do Governo do Tocantins, por meio da Setas, para minimizar os efeitos da pandemia nas fam\u00edlias mais vulner\u00e1veis do Estado. Os recursos s\u00e3o oriundos do Fundo Estadual de Combate e Erradica\u00e7\u00e3o da Pobreza (Fecoep-TO) e de emendas parlamentares de deputados estaduais.<\/p>\n\n\n\n<p>Os processos referentes \u00e0s aquisi\u00e7\u00f5es e aos contratos realizados no contexto da Covid-19 est\u00e3o dispon\u00edveis no Portal da Transpar\u00eancia pelo endere\u00e7o&nbsp;<a href=\"http:\/\/www.transparencia.to.gov.br.\/\">http:\/\/www.transparencia.to.gov.br.&nbsp;<\/a>Para consultar, acesse na p\u00e1gina principal a aba azul &#8211; Consulta Contratos Emergenciais -, e a aba verde &#8211; Gr\u00e1ficos dos Empenhos e Pagamentos -, e informe-se sobre todos os tr\u00e2mites.<\/p>\n\n\n\n<p>\u00c9 importante ressaltar que compras diretas, ou seja, sem licita\u00e7\u00e3o, est\u00e3o autorizadas pela Lei Federal n\u00b0 13.979\/2020 \u2013 de enfrentamento \u00e0 Covid-19, somente para atender a situa\u00e7\u00e3o emergencial provocada pela pandemia.<\/p>\n\n\n\n<p>Legisla\u00e7\u00f5es federal e estadual referente a este contexto est\u00e3o dispon\u00edveis para consulta no site da Controladoria-Geral do Estado (CGE-TO) pelo link&nbsp;<a href=\"https:\/\/www.cge.to.gov.br\/legislacao\/legislacao\/legislacao-aplicada-a-covid-19\/\">https:\/\/www.cge.to.gov.br\/legislacao\/legislacao\/legislacao-aplicada-a-covid-19\/&nbsp;<\/a>.<\/p>\n\n\n\n<figure class=\"wp-block-image\"><img decoding=\"async\" src=\"https:\/\/central3.to.gov.br\/arquivo\/560549_400.jpg\" alt=\"Foto 1 - As cestas est\u00e3o sendo entregues nos Centros de Refer\u00eancias de Assist\u00eancia Social (Cras) dos munic\u00edpios contemplados.jpeg\"\/><\/figure>\n","protected":false},"excerpt":{"rendered":"<p>Em mais uma etapa de entrega de cestas b\u00e1sicas, o Governo do Tocantins, por meio da Secretaria Estadual do Trabalho e Desenvolvimento Social (Setas), atende 1200 fam\u00edlias impactadas pela pandemia da Covid-19. A a\u00e7\u00e3o acontece dessa quarta-feira, 31, at\u00e9 o s\u00e1bado, 3, em seis munic\u00edpios da regi\u00e3o sul do Tocantins. As cestas est\u00e3o sendo entregues &hellip;<\/p>\n","protected":false},"author":5,"featured_media":1033,"comment_status":"open","ping_status":"open","sticky":false,"template":"","format":"standard","meta":{"footnotes":""},"categories":[69,51,63,60,61,1],"tags":[],"class_list":["post-1030","post","type-post","status-publish","format-standard","has-post-thumbnail","","category-duere","category-formoso-do-araguaia","category-jau","category-parana","category-sao-salvador","category-sem-categoria"],"_links":{"self":[{"href":"https:\/\/focotocantinense.com.br\/index.php?rest_route=\/wp\/v2\/posts\/1030","targetHints":{"allow":["GET"]}}],"collection":[{"href":"https:\/\/focotocantinense.com.br\/index.php?rest_route=\/wp\/v2\/posts"}],"about":[{"href":"https:\/\/focotocantinense.com.br\/index.php?rest_route=\/wp\/v2\/types\/post"}],"author":[{"embeddable":true,"href":"https:\/\/focotocantinense.com.br\/index.php?rest_route=\/wp\/v2\/users\/5"}],"replies":[{"embeddable":true,"href":"https:\/\/focotocantinense.com.br\/index.php?rest_route=%2Fwp%2Fv2%2Fcomments&post=1030"}],"version-history":[{"count":2,"href":"https:\/\/focotocantinense.com.br\/index.php?rest_route=\/wp\/v2\/posts\/1030\/revisions"}],"predecessor-version":[{"id":1034,"href":"https:\/\/focotocantinense.com.br\/index.php?rest_route=\/wp\/v2\/posts\/1030\/revisions\/1034"}],"wp:featuredmedia":[{"embeddable":true,"href":"https:\/\/focotocantinense.com.br\/index.php?rest_route=\/wp\/v2\/media\/1033"}],"wp:attachment":[{"href":"https:\/\/focotocantinense.com.br\/index.php?rest_route=%2Fwp%2Fv2%2Fmedia&parent=1030"}],"wp:term":[{"taxonomy":"category","embeddable":true,"href":"https:\/\/focotocantinense.com.br\/index.php?rest_route=%2Fwp%2Fv2%2Fcategories&post=1030"},{"taxonomy":"post_tag","embeddable":true,"href":"https:\/\/focotocantinense.com.br\/index.php?rest_route=%2Fwp%2Fv2%2Ftags&post=1030"}],"curies":[{"name":"wp","href":"https:\/\/api.w.org\/{rel}","templated":true}]}}