{"id":10297,"date":"2025-05-15T12:50:17","date_gmt":"2025-05-15T15:50:17","guid":{"rendered":"https:\/\/focotocantinense.com.br\/?p=10297"},"modified":"2025-05-15T13:03:04","modified_gmt":"2025-05-15T16:03:04","slug":"centro-cultural-mauro-cunha-recebe-mostra-toca-de-teatro-nos-dias-04-05-e-06-de-junho","status":"publish","type":"post","link":"https:\/\/focotocantinense.com.br\/?p=10297","title":{"rendered":"Centro Cultural Mauro Cunha recebe Mostra Toca de Teatro nos dias 04, 05 e 06 de junho"},"content":{"rendered":"\n<p>O Centro Cultural Mauro Cunha, em Gurupi, ser\u00e1 palco de um dos maiores encontros teatrais do estado nos dias 04, 05 e 06 de junho, com a realiza\u00e7\u00e3o da Mostra Toca de Teatro. O evento \u00e9 promovido pelo Grupo Motir\u00f5 de Teatro, sob a dire\u00e7\u00e3o do diretor teatral Fernando Fran\u00e7a, e conta com o patroc\u00ednio da Lei Aldir Blanc, por meio do Minist\u00e9rio da Cultura.<\/p>\n\n\n\n<figure class=\"wp-block-image size-large is-resized\"><img loading=\"lazy\" decoding=\"async\" width=\"819\" height=\"1024\" src=\"https:\/\/focotocantinense.com.br\/wp-content\/uploads\/2025\/05\/MOATRA-TOCANTINENSE-DE-TEATRO-819x1024.jpeg\" alt=\"\" class=\"wp-image-10298\" style=\"width:359px;height:auto\" srcset=\"https:\/\/focotocantinense.com.br\/wp-content\/uploads\/2025\/05\/MOATRA-TOCANTINENSE-DE-TEATRO-819x1024.jpeg 819w, https:\/\/focotocantinense.com.br\/wp-content\/uploads\/2025\/05\/MOATRA-TOCANTINENSE-DE-TEATRO-240x300.jpeg 240w, https:\/\/focotocantinense.com.br\/wp-content\/uploads\/2025\/05\/MOATRA-TOCANTINENSE-DE-TEATRO-768x960.jpeg 768w, https:\/\/focotocantinense.com.br\/wp-content\/uploads\/2025\/05\/MOATRA-TOCANTINENSE-DE-TEATRO-1229x1536.jpeg 1229w, https:\/\/focotocantinense.com.br\/wp-content\/uploads\/2025\/05\/MOATRA-TOCANTINENSE-DE-TEATRO.jpeg 1280w\" sizes=\"auto, (max-width: 819px) 100vw, 819px\" \/><\/figure>\n\n\n\n<p><br>A Mostra Toca de Teatro reunir\u00e1 grupos de teatro de diversas cidades do Tocantins, promovendo um verdadeiro interc\u00e2mbio art\u00edstico e cultural. Est\u00e3o confirmadas as participa\u00e7\u00f5es do Grupo Artpalco de Aragua\u00edna, da Trupe-A\u00e7u, de Taquaru\u00e7u, al\u00e9m dos grupos Cia Lambrequins,  Caf\u00e9 Teatro, GuruImpro e Um Corpo Uma Voz, todos de Gurupi. Juntos, esses coletivos trar\u00e3o ao p\u00fablico uma programa\u00e7\u00e3o repleta de talento, criatividade e diversidade est\u00e9tica.<\/p>\n\n\n\n<p>Com entrada gratuita, o evento tem como objetivo valorizar a produ\u00e7\u00e3o c\u00eanica tocantinense, fortalecer a cena art\u00edstica local e aproximar a comunidade da linguagem teatral por meio de apresenta\u00e7\u00f5es abertas e acess\u00edveis.<\/p>\n\n\n\n<p>Durante os tr\u00eas dias de evento, o p\u00fablico poder\u00e1 conferir espet\u00e1culos para todas as idades, em uma programa\u00e7\u00e3o que promete emocionar, provocar reflex\u00f5es e celebrar a for\u00e7a do teatro como ferramenta de transforma\u00e7\u00e3o social.<\/p>\n\n\n\n<p>\u201cSer\u00e1 um momento \u00fanico para nossa cidade de Gurupi, que h\u00e1 muito tempo n\u00e3o possui um evento t\u00e3o rico e de uma troca t\u00e3o direta com o teatro tocantinense. E o povo gurupiense precisa ter acesso \u00e0s produ\u00e7\u00f5es art\u00edsticas que realizamos por aqui, precisam sentir que a capital da amizade tamb\u00e9m respira arte e cultura. Essa \u00e9 uma Mostra idealizada para ser ponto de encontro do artista com a comunidade\u201d. Ressaltou Fran\u00e7a.\u00a0<\/p>\n\n\n\n<p>As apresenta\u00e7\u00f5es acontecer\u00e3o tanto no palco externo do Centro Cultural Mauro Cunha, quanto no espa\u00e7o interno. Toda a programa\u00e7\u00e3o pode ser conferida nas redes sociais do Grupo Motir\u00f5 de Teatro : @grupo_motiro e\/ou no site: www.motirodeteatro.com.br\u00a0<br><\/p>\n\n\n\n<p><strong>Credenciais do Motir\u00f4<\/strong><br>O Grupo Motir\u00f5 de Teatro \u00e9 um grupo de teatro da cidade de Gurupi existente h\u00e1 mais de 10 anos no cen\u00e1rio cultural gurupiense, desenvolvendo apresenta\u00e7\u00f5es, oficinas e diversos produtos artisticos ao longo de sua existencia. E agora desenvolve a segunda edi\u00e7\u00e3o de sua Mostra tocantinense de Teatro.&nbsp;<\/p>\n\n\n\n<p>A Mostra Toca de Teatro \u00e9 um projeto aprovado pela Lei Aldir Blanc Tocantins e conta com o apoio da Secretaria Municipal de Cultura, IFTO e Casa de Cultura Maestro Benevenuto.<br>A Mostra Toca de Teatro \u00e9 mais do que um evento cultural \u2014 \u00e9 um espa\u00e7o de encontro, express\u00e3o e resist\u00eancia art\u00edstica no cora\u00e7\u00e3o do Tocantins.<\/p>\n\n\n\n<p><strong>Servi\u00e7o:<\/strong><br>\ud83d\udcc5<strong> Data:<\/strong> 04, 05 e 06 de junho<br>\ud83d\udccd<strong> Local: <\/strong>Centro Cultural Mauro Cunha<br>\ud83c\udfad<strong> Evento: <\/strong>Mostra Toca de Teatro<br>\ud83c\udf9f\ufe0f <strong>Entrada gratuita<\/strong><br>\ud83d\udccc <strong>Realiza\u00e7\u00e3o: <\/strong>Grupo Motir\u00f5 de Teatro<\/p>\n","protected":false},"excerpt":{"rendered":"<p>O Centro Cultural Mauro Cunha, em Gurupi, ser\u00e1 palco de um dos maiores encontros teatrais do estado nos dias 04, 05 e 06 de junho, com a realiza\u00e7\u00e3o da Mostra Toca de Teatro. O evento \u00e9 promovido pelo Grupo Motir\u00f5 de Teatro, sob a dire\u00e7\u00e3o do diretor teatral Fernando Fran\u00e7a, e conta com o patroc\u00ednio &hellip;<\/p>\n","protected":false},"author":5,"featured_media":10298,"comment_status":"open","ping_status":"open","sticky":false,"template":"","format":"standard","meta":{"footnotes":""},"categories":[38],"tags":[],"class_list":["post-10297","post","type-post","status-publish","format-standard","has-post-thumbnail","","category-gurupi"],"_links":{"self":[{"href":"https:\/\/focotocantinense.com.br\/index.php?rest_route=\/wp\/v2\/posts\/10297","targetHints":{"allow":["GET"]}}],"collection":[{"href":"https:\/\/focotocantinense.com.br\/index.php?rest_route=\/wp\/v2\/posts"}],"about":[{"href":"https:\/\/focotocantinense.com.br\/index.php?rest_route=\/wp\/v2\/types\/post"}],"author":[{"embeddable":true,"href":"https:\/\/focotocantinense.com.br\/index.php?rest_route=\/wp\/v2\/users\/5"}],"replies":[{"embeddable":true,"href":"https:\/\/focotocantinense.com.br\/index.php?rest_route=%2Fwp%2Fv2%2Fcomments&post=10297"}],"version-history":[{"count":4,"href":"https:\/\/focotocantinense.com.br\/index.php?rest_route=\/wp\/v2\/posts\/10297\/revisions"}],"predecessor-version":[{"id":10302,"href":"https:\/\/focotocantinense.com.br\/index.php?rest_route=\/wp\/v2\/posts\/10297\/revisions\/10302"}],"wp:featuredmedia":[{"embeddable":true,"href":"https:\/\/focotocantinense.com.br\/index.php?rest_route=\/wp\/v2\/media\/10298"}],"wp:attachment":[{"href":"https:\/\/focotocantinense.com.br\/index.php?rest_route=%2Fwp%2Fv2%2Fmedia&parent=10297"}],"wp:term":[{"taxonomy":"category","embeddable":true,"href":"https:\/\/focotocantinense.com.br\/index.php?rest_route=%2Fwp%2Fv2%2Fcategories&post=10297"},{"taxonomy":"post_tag","embeddable":true,"href":"https:\/\/focotocantinense.com.br\/index.php?rest_route=%2Fwp%2Fv2%2Ftags&post=10297"}],"curies":[{"name":"wp","href":"https:\/\/api.w.org\/{rel}","templated":true}]}}