{"id":10287,"date":"2025-05-14T06:37:59","date_gmt":"2025-05-14T09:37:59","guid":{"rendered":"https:\/\/focotocantinense.com.br\/?p=10287"},"modified":"2025-05-14T12:43:42","modified_gmt":"2025-05-14T15:43:42","slug":"poeta-gustavo-dourado-esta-com-novo-livro-na-praca","status":"publish","type":"post","link":"https:\/\/focotocantinense.com.br\/?p=10287","title":{"rendered":"Poeta Gustavo Dourado est\u00e1 com novo livro na pra\u00e7a"},"content":{"rendered":"\n<p>Sob a \u00e9gide da Fontele Studios e Dourado Editores, tendo o patroc\u00ednio do Fundo de Apoio \u00e0 Cultura do Distrito Federal \u00a0(FAC\/DF), o poeta multifacetado Gustavo Dourado lan\u00e7a no dia 11 de junho, em Bras\u00edlia, sua mais recente obra:\u00a0 \u00a0<strong>Linguato<\/strong>, que re\u00fane uma sele\u00e7\u00e3o esmerada \u00a0de belos textos po\u00e9ticos.<br><br>A obra ressalta, mais uma vez, a inclina\u00e7\u00e3o do autor em (re)inventar a linguagem, sem deixar de lado a heran\u00e7a de uma gera\u00e7\u00e3o que tentou transpor os muros do lugar comum.<br><br>Criador do poema-frase &#8220;<strong><em>O Brasil quem U.$.A sou E.E.U.U<\/em><\/strong>&#8220;, utilizado em quest\u00f5es de vestibular e pichado em muros pelo Brasil afora, Gustavo Dourado afirma que traz, em Linguato, uma verve mais amena e reflexiva, por\u00e9m ainda visceral.<\/p>\n\n\n\n<figure class=\"wp-block-image size-large is-resized\"><img loading=\"lazy\" decoding=\"async\" width=\"988\" height=\"1024\" src=\"https:\/\/focotocantinense.com.br\/wp-content\/uploads\/2025\/05\/GUSTAVO-DOURADO-COM-NOVO-LIVRO-988x1024.jpg\" alt=\"\" class=\"wp-image-10288\" style=\"width:385px;height:auto\" srcset=\"https:\/\/focotocantinense.com.br\/wp-content\/uploads\/2025\/05\/GUSTAVO-DOURADO-COM-NOVO-LIVRO-988x1024.jpg 988w, https:\/\/focotocantinense.com.br\/wp-content\/uploads\/2025\/05\/GUSTAVO-DOURADO-COM-NOVO-LIVRO-290x300.jpg 290w, https:\/\/focotocantinense.com.br\/wp-content\/uploads\/2025\/05\/GUSTAVO-DOURADO-COM-NOVO-LIVRO-768x796.jpg 768w, https:\/\/focotocantinense.com.br\/wp-content\/uploads\/2025\/05\/GUSTAVO-DOURADO-COM-NOVO-LIVRO.jpg 1278w\" sizes=\"auto, (max-width: 988px) 100vw, 988px\" \/><\/figure>\n\n\n\n<p><br><br>Na apresenta\u00e7\u00e3o do livro, o escritor e jornalista Florisvaldo Matos, membro da Academia Baiana de Letras, afirma que \u201cem <strong><em>Linguato<\/em><\/strong>, v\u00ea-se o vigor po\u00e9tico-cr\u00edtico de Dourado com re(in)ven\u00e7\u00e3o da linguagem ao mesmo tempo em que segue pelos campos da ecologia, da inform\u00e1tica, da pol\u00edtica, do cinema, das artes gr\u00e1ficas, da sem\u00e2ntica e da s\u00e1tira, procurando abrir brechas na vastid\u00e3o das possibilidades que lhe oferecem as palavras e uma prole numerosa de signos ic\u00f4nicos e indiciais\u201d.<br><br>Entre seus livros mais recentes est\u00e3o <strong><em>Phal\u00e1bora<\/em><\/strong>, <strong><em>Cordelos<\/em><\/strong>, <strong><em>Lingu@gente<\/em><\/strong>, o <strong><em>ABC de Vladimir Carvalho <\/em><\/strong>e <strong><em>Quadradim<\/em><\/strong>, al\u00e9m de dezenas de cord\u00e9is.<\/p>\n\n\n\n<figure class=\"wp-block-image size-large\"><img loading=\"lazy\" decoding=\"async\" width=\"1024\" height=\"256\" src=\"https:\/\/focotocantinense.com.br\/wp-content\/uploads\/2025\/05\/Vinicius-Martins-ESPECIALISTA-EM-RISOS-4-1024x256.jpeg\" alt=\"\" class=\"wp-image-10253\" srcset=\"https:\/\/focotocantinense.com.br\/wp-content\/uploads\/2025\/05\/Vinicius-Martins-ESPECIALISTA-EM-RISOS-4-1024x256.jpeg 1024w, https:\/\/focotocantinense.com.br\/wp-content\/uploads\/2025\/05\/Vinicius-Martins-ESPECIALISTA-EM-RISOS-4-300x75.jpeg 300w, https:\/\/focotocantinense.com.br\/wp-content\/uploads\/2025\/05\/Vinicius-Martins-ESPECIALISTA-EM-RISOS-4-768x192.jpeg 768w, https:\/\/focotocantinense.com.br\/wp-content\/uploads\/2025\/05\/Vinicius-Martins-ESPECIALISTA-EM-RISOS-4-1536x384.jpeg 1536w, https:\/\/focotocantinense.com.br\/wp-content\/uploads\/2025\/05\/Vinicius-Martins-ESPECIALISTA-EM-RISOS-4.jpeg 1584w\" sizes=\"auto, (max-width: 1024px) 100vw, 1024px\" \/><\/figure>\n","protected":false},"excerpt":{"rendered":"<p>Sob a \u00e9gide da Fontele Studios e Dourado Editores, tendo o patroc\u00ednio do Fundo de Apoio \u00e0 Cultura do Distrito Federal \u00a0(FAC\/DF), o poeta multifacetado Gustavo Dourado lan\u00e7a no dia 11 de junho, em Bras\u00edlia, sua mais recente obra:\u00a0 \u00a0Linguato, que re\u00fane uma sele\u00e7\u00e3o esmerada \u00a0de belos textos po\u00e9ticos.A obra ressalta, mais uma vez, a &hellip;<\/p>\n","protected":false},"author":5,"featured_media":10288,"comment_status":"open","ping_status":"open","sticky":false,"template":"","format":"standard","meta":{"footnotes":""},"categories":[1],"tags":[],"class_list":["post-10287","post","type-post","status-publish","format-standard","has-post-thumbnail","","category-sem-categoria"],"_links":{"self":[{"href":"https:\/\/focotocantinense.com.br\/index.php?rest_route=\/wp\/v2\/posts\/10287","targetHints":{"allow":["GET"]}}],"collection":[{"href":"https:\/\/focotocantinense.com.br\/index.php?rest_route=\/wp\/v2\/posts"}],"about":[{"href":"https:\/\/focotocantinense.com.br\/index.php?rest_route=\/wp\/v2\/types\/post"}],"author":[{"embeddable":true,"href":"https:\/\/focotocantinense.com.br\/index.php?rest_route=\/wp\/v2\/users\/5"}],"replies":[{"embeddable":true,"href":"https:\/\/focotocantinense.com.br\/index.php?rest_route=%2Fwp%2Fv2%2Fcomments&post=10287"}],"version-history":[{"count":5,"href":"https:\/\/focotocantinense.com.br\/index.php?rest_route=\/wp\/v2\/posts\/10287\/revisions"}],"predecessor-version":[{"id":10295,"href":"https:\/\/focotocantinense.com.br\/index.php?rest_route=\/wp\/v2\/posts\/10287\/revisions\/10295"}],"wp:featuredmedia":[{"embeddable":true,"href":"https:\/\/focotocantinense.com.br\/index.php?rest_route=\/wp\/v2\/media\/10288"}],"wp:attachment":[{"href":"https:\/\/focotocantinense.com.br\/index.php?rest_route=%2Fwp%2Fv2%2Fmedia&parent=10287"}],"wp:term":[{"taxonomy":"category","embeddable":true,"href":"https:\/\/focotocantinense.com.br\/index.php?rest_route=%2Fwp%2Fv2%2Fcategories&post=10287"},{"taxonomy":"post_tag","embeddable":true,"href":"https:\/\/focotocantinense.com.br\/index.php?rest_route=%2Fwp%2Fv2%2Ftags&post=10287"}],"curies":[{"name":"wp","href":"https:\/\/api.w.org\/{rel}","templated":true}]}}