{"id":10265,"date":"2025-05-12T20:57:42","date_gmt":"2025-05-12T23:57:42","guid":{"rendered":"https:\/\/focotocantinense.com.br\/?p=10265"},"modified":"2025-05-12T21:00:17","modified_gmt":"2025-05-13T00:00:17","slug":"mais-de-6-500-animais-ja-foram-vacinados-contra-a-raiva-em-gurupi","status":"publish","type":"post","link":"https:\/\/focotocantinense.com.br\/?p=10265","title":{"rendered":"Mais de 6.500 animais j\u00e1 foram vacinados contra a raiva em Gurupi"},"content":{"rendered":"\n<p>Durante o Dia D de Vacina\u00e7\u00e3o Antirr\u00e1bica, realizado no \u00faltimo s\u00e1bado (10), 5.543 c\u00e3es e gatos foram imunizados em Gurupi. A a\u00e7\u00e3o contou com 32 pontos de vacina\u00e7\u00e3o espalhados por diversos bairros da cidade e integra a campanha promovida pela Prefeitura de Gurupi, por meio da Secretaria Municipal de Sa\u00fade (Semus) e do Centro de Controle de Zoonoses (CCZ).<\/p>\n\n\n\n<figure class=\"wp-block-image size-large is-resized\"><img loading=\"lazy\" decoding=\"async\" width=\"1024\" height=\"576\" src=\"https:\/\/focotocantinense.com.br\/wp-content\/uploads\/2025\/05\/1001481908-1024x576.jpg\" alt=\"\" class=\"wp-image-10266\" style=\"width:339px;height:auto\" srcset=\"https:\/\/focotocantinense.com.br\/wp-content\/uploads\/2025\/05\/1001481908-1024x576.jpg 1024w, https:\/\/focotocantinense.com.br\/wp-content\/uploads\/2025\/05\/1001481908-300x169.jpg 300w, https:\/\/focotocantinense.com.br\/wp-content\/uploads\/2025\/05\/1001481908-768x432.jpg 768w, https:\/\/focotocantinense.com.br\/wp-content\/uploads\/2025\/05\/1001481908-1536x864.jpg 1536w, https:\/\/focotocantinense.com.br\/wp-content\/uploads\/2025\/05\/1001481908.jpg 1600w\" sizes=\"auto, (max-width: 1024px) 100vw, 1024px\" \/><\/figure>\n\n\n\n<p><\/p>\n\n\n\n<p>A campanha teve in\u00edcio no dia 31 de mar\u00e7o e, at\u00e9 o momento, j\u00e1 imunizou 6.518 animais. A meta \u00e9 vacinar 11.800 c\u00e3es e gatos at\u00e9 o fim da mobiliza\u00e7\u00e3o.<\/p>\n\n\n\n<p>A vacina\u00e7\u00e3o contra a raiva \u00e9 gratuita, anual e obrigat\u00f3rio para animais a partir de 3 meses de idade, como explicou a veterin\u00e1ria do CCZ, Lara Geovana. &#8221; A vacina \u00e9 a maneira mais eficaz de proteger tanto os c\u00e3es e gatos,\u00a0 como as pessoas, portanto, crucial para a sa\u00fade p\u00fablica, n\u00e3o deixe de vacinar seu pet&#8221;.<\/p>\n\n\n\n<figure class=\"wp-block-image size-large\"><img loading=\"lazy\" decoding=\"async\" width=\"1024\" height=\"256\" src=\"https:\/\/focotocantinense.com.br\/wp-content\/uploads\/2025\/05\/Vinicius-Martins-ESPECIALISTA-EM-RISOS-4-1024x256.jpeg\" alt=\"\" class=\"wp-image-10253\" srcset=\"https:\/\/focotocantinense.com.br\/wp-content\/uploads\/2025\/05\/Vinicius-Martins-ESPECIALISTA-EM-RISOS-4-1024x256.jpeg 1024w, https:\/\/focotocantinense.com.br\/wp-content\/uploads\/2025\/05\/Vinicius-Martins-ESPECIALISTA-EM-RISOS-4-300x75.jpeg 300w, https:\/\/focotocantinense.com.br\/wp-content\/uploads\/2025\/05\/Vinicius-Martins-ESPECIALISTA-EM-RISOS-4-768x192.jpeg 768w, https:\/\/focotocantinense.com.br\/wp-content\/uploads\/2025\/05\/Vinicius-Martins-ESPECIALISTA-EM-RISOS-4-1536x384.jpeg 1536w, https:\/\/focotocantinense.com.br\/wp-content\/uploads\/2025\/05\/Vinicius-Martins-ESPECIALISTA-EM-RISOS-4.jpeg 1584w\" sizes=\"auto, (max-width: 1024px) 100vw, 1024px\" \/><\/figure>\n","protected":false},"excerpt":{"rendered":"<p>Durante o Dia D de Vacina\u00e7\u00e3o Antirr\u00e1bica, realizado no \u00faltimo s\u00e1bado (10), 5.543 c\u00e3es e gatos foram imunizados em Gurupi. A a\u00e7\u00e3o contou com 32 pontos de vacina\u00e7\u00e3o espalhados por diversos bairros da cidade e integra a campanha promovida pela Prefeitura de Gurupi, por meio da Secretaria Municipal de Sa\u00fade (Semus) e do Centro de &hellip;<\/p>\n","protected":false},"author":5,"featured_media":10266,"comment_status":"open","ping_status":"open","sticky":false,"template":"","format":"standard","meta":{"footnotes":""},"categories":[38],"tags":[],"class_list":["post-10265","post","type-post","status-publish","format-standard","has-post-thumbnail","","category-gurupi"],"_links":{"self":[{"href":"https:\/\/focotocantinense.com.br\/index.php?rest_route=\/wp\/v2\/posts\/10265","targetHints":{"allow":["GET"]}}],"collection":[{"href":"https:\/\/focotocantinense.com.br\/index.php?rest_route=\/wp\/v2\/posts"}],"about":[{"href":"https:\/\/focotocantinense.com.br\/index.php?rest_route=\/wp\/v2\/types\/post"}],"author":[{"embeddable":true,"href":"https:\/\/focotocantinense.com.br\/index.php?rest_route=\/wp\/v2\/users\/5"}],"replies":[{"embeddable":true,"href":"https:\/\/focotocantinense.com.br\/index.php?rest_route=%2Fwp%2Fv2%2Fcomments&post=10265"}],"version-history":[{"count":6,"href":"https:\/\/focotocantinense.com.br\/index.php?rest_route=\/wp\/v2\/posts\/10265\/revisions"}],"predecessor-version":[{"id":10273,"href":"https:\/\/focotocantinense.com.br\/index.php?rest_route=\/wp\/v2\/posts\/10265\/revisions\/10273"}],"wp:featuredmedia":[{"embeddable":true,"href":"https:\/\/focotocantinense.com.br\/index.php?rest_route=\/wp\/v2\/media\/10266"}],"wp:attachment":[{"href":"https:\/\/focotocantinense.com.br\/index.php?rest_route=%2Fwp%2Fv2%2Fmedia&parent=10265"}],"wp:term":[{"taxonomy":"category","embeddable":true,"href":"https:\/\/focotocantinense.com.br\/index.php?rest_route=%2Fwp%2Fv2%2Fcategories&post=10265"},{"taxonomy":"post_tag","embeddable":true,"href":"https:\/\/focotocantinense.com.br\/index.php?rest_route=%2Fwp%2Fv2%2Ftags&post=10265"}],"curies":[{"name":"wp","href":"https:\/\/api.w.org\/{rel}","templated":true}]}}