{"id":10258,"date":"2025-05-12T13:35:40","date_gmt":"2025-05-12T16:35:40","guid":{"rendered":"https:\/\/focotocantinense.com.br\/?p=10258"},"modified":"2025-05-12T13:35:40","modified_gmt":"2025-05-12T16:35:40","slug":"novas-empresas-do-setor-agroindustrial-demonstram-interesse-em-expor-na-agrotins-25-anos","status":"publish","type":"post","link":"https:\/\/focotocantinense.com.br\/?p=10258","title":{"rendered":"Novas empresas do setor agroindustrial demonstram interesse em expor na Agrotins 25 anos"},"content":{"rendered":"\n<p>Com o tema AgroEvolu\u00e7\u00e3o, a feira ocorre de 13 a 17 de maio, no Parque Agrotecnol\u00f3gico Engenheiro Agr\u00f4nomo Mauro Mendanha, em Palmas.<\/p>\n\n\n\n<p><strong>por Elmiro de Deus\/Governo do Tocantins<\/strong><\/p>\n\n\n\n<p> <\/p>\n\n\n\n<p>A Feira de Tecnologia Agropecu\u00e1ria do Tocantins (Agrotins 25 anos) atrai novas empresas do setor agroindustrial para expor na maior feira agrotecnol\u00f3gica da regi\u00e3o Norte do Brasil. Com o tema AgroEvolu\u00e7\u00e3o, a feira ser\u00e1 realizada de 13 a 17 de maio, no Parque Agrotecnol\u00f3gico Engenheiro Agr\u00f4nomo Mauro Mendanha, em Palmas.<\/p>\n\n\n\n<figure class=\"wp-block-image size-full is-resized\"><img loading=\"lazy\" decoding=\"async\" width=\"883\" height=\"546\" src=\"https:\/\/focotocantinense.com.br\/wp-content\/uploads\/2025\/05\/AGROTINS-2025.jpg\" alt=\"\" class=\"wp-image-10263\" style=\"width:383px;height:auto\" srcset=\"https:\/\/focotocantinense.com.br\/wp-content\/uploads\/2025\/05\/AGROTINS-2025.jpg 883w, https:\/\/focotocantinense.com.br\/wp-content\/uploads\/2025\/05\/AGROTINS-2025-300x186.jpg 300w, https:\/\/focotocantinense.com.br\/wp-content\/uploads\/2025\/05\/AGROTINS-2025-768x475.jpg 768w\" sizes=\"auto, (max-width: 883px) 100vw, 883px\" \/><\/figure>\n\n\n\n<p><strong>Boom do Brasil<\/strong><\/p>\n\n\n\n<p>A gerente geral da empresa Boom do Brasil, especializada em secadores e elevadores de gr\u00e3os, Daurana Oliveira destacou que, h\u00e1 dois anos, a maioria dos clientes da empresa est\u00e1 no Tocantins, embora sua sede seja em Formosa (GO). \u201cAcreditando nesse potencial, estaremos expondo na Agrotins 25 anos pela primeira vez, com a expectativa de que seja uma das melhores feiras para a nossa empresa. J\u00e1 temos or\u00e7amentos em andamento e esperamos fech\u00e1-los durante o evento\u201d, afirmou.<\/p>\n\n\n\n<p>A empresa atua com secadores port\u00e1teis a g\u00e1s, de f\u00e1cil instala\u00e7\u00e3o, autoportantes e modulares, atendendo tanto pequenos quanto grandes produtores. Por operar com fogo indireto, o equipamento \u00e9 econ\u00f4mico no consumo de g\u00e1s e tem alta efici\u00eancia na secagem de gr\u00e3os como soja, milho, feij\u00e3o, trigo e arroz, retirando de 5 a 8 pontos de umidade por hora.<\/p>\n\n\n\n<p><strong>Classificadora<\/strong><\/p>\n\n\n\n<p>O s\u00f3cio-propriet\u00e1rio da Zampronio Ind\u00fastria de Classificadoras de Sementes, Josenei Zampronio, tamb\u00e9m exp\u00f5e na Agrotins pela primeira vez. A empresa, sediada em Panambi, no Rio Grande do Sul, est\u00e1 em constru\u00e7\u00e3o de uma nova planta em Palmas, Tocantins.<\/p>\n\n\n\n<p>\u201cEstamos participando da Agrotins pela primeira vez, acreditando que faremos \u00f3timos neg\u00f3cios, alguns dos quais j\u00e1 est\u00e3o definidos para a feira e para a regi\u00e3o. Estamos levando o espiral rotativo e a mesa densim\u00e9trica, sistemas automatizados com baixo ru\u00eddo, equipamentos mais compactos, de alta capacidade e automa\u00e7\u00e3o na regulagem individual, por meio de inversores de frequ\u00eancia para o ajuste de descarte\u201d, explica Josenei.<\/p>\n\n\n\n<p>A Zampronio, al\u00e9m de atender grandes sementeiras no Brasil, tamb\u00e9m tem como foco o desenvolvimento de projetos destinados ao produtor rural, a fim de que ele possa produzir sua pr\u00f3pria semente na fazenda, por meio das chamadas \u201cMini-UBS\u201d.<\/p>\n\n\n\n<p><strong>Ademicon<\/strong><\/p>\n\n\n\n<p>Daniel Cabral, diretor da unidade Ademicon na regi\u00e3o do Matopiba, afirmou que o Grupo JMC, especializado em cr\u00e9dito estruturado para aquisi\u00e7\u00e3o de patrim\u00f4nio no agroneg\u00f3cio, participou da Agrotins pela primeira vez em 2024 por meio de uma empresa parceira. \u201cEste ano estaremos com estande pr\u00f3prio. Participar da Agrotins \u00e9 essencial para fortalecer nossa marca e contribuir para o desenvolvimento econ\u00f4mico dos nossos clientes. A feira j\u00e1 est\u00e1 no nosso calend\u00e1rio anual\u201d, destacou.<\/p>\n\n\n\n<p><strong>Infraestrutura ampliada<\/strong><\/p>\n\n\n\n<p>O diretor de Agrotecnologia, Tecnologias Sociais e Biodiversidade da Seagro, Fernando Garcia, destacou que a Agrotins, a cada edi\u00e7\u00e3o, investe em melhorias para receber expositores e visitantes com mais qualidade e conforto. \u201cEsse interesse de novas empresas em expor na Agrotins mostra a confian\u00e7a no potencial da feira. Estamos investindo em infraestrutura com nova rede de energia, constru\u00e7\u00e3o de um p\u00eder de 70 metros como alternativa de acesso pelo lago, asfaltamento de ruas e avenidas internas, e melhorias no estacionamento e nos p\u00e1tios\u201d, explicou.<\/p>\n\n\n\n<p><strong>Agrotins 25 anos<\/strong><\/p>\n\n\n\n<p>Com 25 anos de avan\u00e7os e oportunidades, a Agrotins celebra uma trajet\u00f3ria de crescimento e inova\u00e7\u00e3o, consolidando-se como um dos principais eventos do agroneg\u00f3cio no Brasil.<\/p>\n\n\n\n<p>A feira \u00e9 uma realiza\u00e7\u00e3o do Governo do Tocantins, por meio da Secretaria da Agricultura e Pecu\u00e1ria (Seagro), da Secretaria da Ind\u00fastria, Com\u00e9rcio e Servi\u00e7os (Sics), da Ag\u00eancia de Defesa Agropecu\u00e1ria (Adapec), do Instituto de Desenvolvimento Rural do Tocantins (Ruraltins), da Funda\u00e7\u00e3o de Amparo \u00e0 Pesquisa do Tocantins (Fapt) e da Tocantins Parcerias, em conjunto com empresas do agro, \u00f3rg\u00e3os p\u00fablicos e institui\u00e7\u00f5es de pesquisa e ensino.<\/p>\n","protected":false},"excerpt":{"rendered":"<p>Com o tema AgroEvolu\u00e7\u00e3o, a feira ocorre de 13 a 17 de maio, no Parque Agrotecnol\u00f3gico Engenheiro Agr\u00f4nomo Mauro Mendanha, em Palmas. por Elmiro de Deus\/Governo do Tocantins A Feira de Tecnologia Agropecu\u00e1ria do Tocantins (Agrotins 25 anos) atrai novas empresas do setor agroindustrial para expor na maior feira agrotecnol\u00f3gica da regi\u00e3o Norte do Brasil. &hellip;<\/p>\n","protected":false},"author":5,"featured_media":10263,"comment_status":"open","ping_status":"open","sticky":false,"template":"","format":"standard","meta":{"footnotes":""},"categories":[1],"tags":[],"class_list":["post-10258","post","type-post","status-publish","format-standard","has-post-thumbnail","","category-sem-categoria"],"_links":{"self":[{"href":"https:\/\/focotocantinense.com.br\/index.php?rest_route=\/wp\/v2\/posts\/10258","targetHints":{"allow":["GET"]}}],"collection":[{"href":"https:\/\/focotocantinense.com.br\/index.php?rest_route=\/wp\/v2\/posts"}],"about":[{"href":"https:\/\/focotocantinense.com.br\/index.php?rest_route=\/wp\/v2\/types\/post"}],"author":[{"embeddable":true,"href":"https:\/\/focotocantinense.com.br\/index.php?rest_route=\/wp\/v2\/users\/5"}],"replies":[{"embeddable":true,"href":"https:\/\/focotocantinense.com.br\/index.php?rest_route=%2Fwp%2Fv2%2Fcomments&post=10258"}],"version-history":[{"count":1,"href":"https:\/\/focotocantinense.com.br\/index.php?rest_route=\/wp\/v2\/posts\/10258\/revisions"}],"predecessor-version":[{"id":10264,"href":"https:\/\/focotocantinense.com.br\/index.php?rest_route=\/wp\/v2\/posts\/10258\/revisions\/10264"}],"wp:featuredmedia":[{"embeddable":true,"href":"https:\/\/focotocantinense.com.br\/index.php?rest_route=\/wp\/v2\/media\/10263"}],"wp:attachment":[{"href":"https:\/\/focotocantinense.com.br\/index.php?rest_route=%2Fwp%2Fv2%2Fmedia&parent=10258"}],"wp:term":[{"taxonomy":"category","embeddable":true,"href":"https:\/\/focotocantinense.com.br\/index.php?rest_route=%2Fwp%2Fv2%2Fcategories&post=10258"},{"taxonomy":"post_tag","embeddable":true,"href":"https:\/\/focotocantinense.com.br\/index.php?rest_route=%2Fwp%2Fv2%2Ftags&post=10258"}],"curies":[{"name":"wp","href":"https:\/\/api.w.org\/{rel}","templated":true}]}}