{"id":10250,"date":"2025-05-09T19:47:27","date_gmt":"2025-05-09T22:47:27","guid":{"rendered":"https:\/\/focotocantinense.com.br\/?p=10250"},"modified":"2025-05-09T19:49:11","modified_gmt":"2025-05-09T22:49:11","slug":"gravacoes-do-filme-um-certo-joao-silvino-de-helio-brito-se-iniciam-em-natividade-e-revela-episodio-sombrio-da-ditadura-militar-no-interior-do-brasil","status":"publish","type":"post","link":"https:\/\/focotocantinense.com.br\/?p=10250","title":{"rendered":"Grava\u00e7\u00f5es do filme \u201cUm Certo Jo\u00e3o Silvino\u201d, de H\u00e9lio Brito, se iniciam em Natividade e revela epis\u00f3dio sombrio da Ditadura Militar no interior do Brasil"},"content":{"rendered":"\n<p><strong>Por Cinthia Abreu<\/strong><\/p>\n\n\n\n<p>Come\u00e7aram oficialmente as grava\u00e7\u00f5es do longa-metragem \u201cUm Certo Jo\u00e3o Silvino\u201d, novo projeto do cineasta H\u00e9lio Brito, que prop\u00f5e uma instigante fus\u00e3o entre document\u00e1rio e fic\u00e7\u00e3o para reconstituir uma hist\u00f3ria real e ainda pouco conhecida da repress\u00e3o pol\u00edtica no Brasil. O filme, que se passa na hist\u00f3rica cidade de Natividade, no sudeste do Tocantins, revive um epis\u00f3dio ocorrido no final de 1971, durante os anos mais duros da Ditadura Militar, e que s\u00f3 veio \u00e0 tona duas d\u00e9cadas depois.<\/p>\n\n\n\n<p>Com roteiro e dire\u00e7\u00e3o assinados por H\u00e9lio Brito, o longa \u00e9 um docudrama \u2014 g\u00eanero cinematogr\u00e1fico que mescla t\u00e9cnicas narrativas do cinema de fic\u00e7\u00e3o com o rigor investigativo do document\u00e1rio. A proposta \u00e9 resgatar mem\u00f3rias e humanizar os efeitos da repress\u00e3o estatal, ao mesmo tempo em que reconstr\u00f3i com liberdade po\u00e9tica os acontecimentos que marcaram a cidade de Natividade no apagar das luzes de 1971. A parte documental do filme conta com imagens de arquivo e cenas novas gravadas em Goi\u00e2nia, S\u00e3o Paulo e outras cidades do interior desse estado, al\u00e9m de Palmas.<\/p>\n\n\n\n<p>A trama gira em torno da misteriosa chegada de um jovem desconhecido \u00e0 pacata cidade, que se apresenta como Jo\u00e3o Silvino Lopes: um rapaz bonito, educado e de fala refinada, que logo desperta a aten\u00e7\u00e3o das mo\u00e7as e o estranhamento dos moradores locais. Pouco depois, ele \u00e9 preso pelas autoridades, e dois dias depois \u00e9 encontrado morto, enforcado em sua cela, e enterrado como indigente. Somente em 1992 a verdade veio \u00e0 tona: o prisioneiro era, na verdade, Ruy Carlos Vieira Berbert, um estudante paulista da USP (Universidade de S\u00e3o Paulo) envolvido na luta contra o regime militar, perseguido por sua milit\u00e2ncia pol\u00edtica.<\/p>\n\n\n\n<p>Segundo o diretor H\u00e9lio Brito, o filme \u00e9 um esfor\u00e7o coletivo para romper o sil\u00eancio em torno de hist\u00f3rias abafadas pela repress\u00e3o. \u201cH\u00e1 uma camada profunda de dor que atravessa a hist\u00f3ria do Brasil, sobretudo no interior, onde os ecos da ditadura foram abafados pelo tempo e pelo medo. &#8220;Um Certo Jo\u00e3o Silvino&#8221; \u00e9 tamb\u00e9m um gesto de repara\u00e7\u00e3o simb\u00f3lica, de dar nome e rosto a quem foi apagado\u201d, afirma.<\/p>\n\n\n\n<figure class=\"wp-block-image size-large\"><img loading=\"lazy\" decoding=\"async\" width=\"1024\" height=\"576\" src=\"https:\/\/focotocantinense.com.br\/wp-content\/uploads\/2025\/05\/ssssssssssssssssssssss-1024x576.jpeg\" alt=\"\" class=\"wp-image-10251\" srcset=\"https:\/\/focotocantinense.com.br\/wp-content\/uploads\/2025\/05\/ssssssssssssssssssssss-1024x576.jpeg 1024w, https:\/\/focotocantinense.com.br\/wp-content\/uploads\/2025\/05\/ssssssssssssssssssssss-300x169.jpeg 300w, https:\/\/focotocantinense.com.br\/wp-content\/uploads\/2025\/05\/ssssssssssssssssssssss-768x432.jpeg 768w, https:\/\/focotocantinense.com.br\/wp-content\/uploads\/2025\/05\/ssssssssssssssssssssss-1536x864.jpeg 1536w, https:\/\/focotocantinense.com.br\/wp-content\/uploads\/2025\/05\/ssssssssssssssssssssss-2048x1152.jpeg 2048w\" sizes=\"auto, (max-width: 1024px) 100vw, 1024px\" \/><\/figure>\n\n\n\n<p><\/p>\n\n\n\n<p>A produtora executiva Sandra Alves destaca o desafio e a responsabilidade de conduzir uma produ\u00e7\u00e3o que envolve mem\u00f3ria hist\u00f3rica, pol\u00edtica e afetiva: \u201cEstamos falando de uma hist\u00f3ria real, de um jovem com sonhos interrompidos, e de uma cidade que ainda guarda lembran\u00e7as desse tempo. Trabalhar com essa delicadeza exige sensibilidade, \u00e9tica e muito respeito\u201d.<\/p>\n\n\n\n<p>O longa conta com a parceria da C\u00edrculo Filmes, que fortalece a estrutura de produ\u00e7\u00e3o cinematogr\u00e1fica. A dire\u00e7\u00e3o de fotografia \u00e9 de Ricardo Nogueli, e a dire\u00e7\u00e3o de arte \u00e9 assinada por \u00c9rika Mariano, que destaca o desafio de recriar visualmente o per\u00edodo retratado. \u201cNossa miss\u00e3o \u00e9 transportar o espectador para o in\u00edcio dos anos 1970 de forma aut\u00eantica e sens\u00edvel. Cada elemento de cena \u2014 do figurino ao cen\u00e1rio \u2014 carrega uma narrativa pr\u00f3pria, e foi pensado para dialogar com a atmosfera de mist\u00e9rio, tens\u00e3o, fasc\u00ednio e trag\u00e9dia que a hist\u00f3ria exige\u201d, explica \u00c9rika.<\/p>\n\n\n\n<figure class=\"wp-block-image size-large\"><img loading=\"lazy\" decoding=\"async\" width=\"1024\" height=\"576\" src=\"https:\/\/focotocantinense.com.br\/wp-content\/uploads\/2025\/05\/WhatsApp-Image-2025-05-09-at-13.10.05-1024x576.jpeg\" alt=\"\" class=\"wp-image-10255\" srcset=\"https:\/\/focotocantinense.com.br\/wp-content\/uploads\/2025\/05\/WhatsApp-Image-2025-05-09-at-13.10.05-1024x576.jpeg 1024w, https:\/\/focotocantinense.com.br\/wp-content\/uploads\/2025\/05\/WhatsApp-Image-2025-05-09-at-13.10.05-300x169.jpeg 300w, https:\/\/focotocantinense.com.br\/wp-content\/uploads\/2025\/05\/WhatsApp-Image-2025-05-09-at-13.10.05-768x432.jpeg 768w, https:\/\/focotocantinense.com.br\/wp-content\/uploads\/2025\/05\/WhatsApp-Image-2025-05-09-at-13.10.05-1536x864.jpeg 1536w, https:\/\/focotocantinense.com.br\/wp-content\/uploads\/2025\/05\/WhatsApp-Image-2025-05-09-at-13.10.05-2048x1152.jpeg 2048w\" sizes=\"auto, (max-width: 1024px) 100vw, 1024px\" \/><\/figure>\n\n\n\n<p><\/p>\n\n\n\n<p><strong>Elenco<\/strong><\/p>\n\n\n\n<p>O filme tamb\u00e9m conta com um rigoroso trabalho de prepara\u00e7\u00e3o de elenco, conduzido pela atriz Cleuda Milhomem, e que teve a participa\u00e7\u00e3o tamb\u00e9m do famoso Preparador de Elenco internacional Eduardo Milewicz, famoso por preparar atores da Globo. \u201cNosso maior cuidado \u00e9 fazer com que os atores entrem em cena com verdade, entendendo o peso simb\u00f3lico do que representam, por meio de um mergulho f\u00edsico, emocional e pol\u00edtico do elenco\u201d, comenta a preparadora.<\/p>\n\n\n\n<p>Felipe Trindade, ator que interpreta o protagonista, relata o impacto pessoal de dar vida a uma hist\u00f3ria t\u00e3o intensa. \u201c\u00c9 imposs\u00edvel sair ileso de um papel como esse. Jo\u00e3o Silvino \u2014 ou Ruy Berbert \u2014 representa toda uma gera\u00e7\u00e3o que foi silenciada. Dar voz a ele, ainda que tardiamente, \u00e9 uma forma de dizer que essa hist\u00f3ria importa, que ela precisa ser lembrada\u201d, declara.<\/p>\n\n\n\n<p><strong>Mem\u00f3ria<\/strong><\/p>\n\n\n\n<p>Com uma abordagem sens\u00edvel e potente, o filme pretende n\u00e3o apenas jogar luz sobre mais uma v\u00edtima do autoritarismo, mas tamb\u00e9m dar voz \u00e0s mem\u00f3rias silenciadas pelo tempo, revelando como a repress\u00e3o atravessou fronteiras e chegou at\u00e9 as regi\u00f5es mais isoladas do pa\u00eds.<\/p>\n\n\n\n<p>As grava\u00e7\u00f5es est\u00e3o em curso no pr\u00f3prio munic\u00edpio de Natividade (TO), iniciadas na segunda-feira, 05, valorizando o cen\u00e1rio original da hist\u00f3ria e promovendo a participa\u00e7\u00e3o da comunidade local, na equipe de produ\u00e7\u00e3o e tamb\u00e9m na figura\u00e7\u00e3o. Com estreia prevista ainda para 2025, \u201cUm Certo Jo\u00e3o Silvino\u201d promete emocionar e provocar reflex\u00f5es sobre mem\u00f3ria, identidade e resist\u00eancia.<\/p>\n\n\n\n<p><strong>Sinopse<\/strong><\/p>\n\n\n\n<p>Filme de longa-metragem, misto de document\u00e1rio e fic\u00e7\u00e3o, sendo uma reconstitui\u00e7\u00e3o livre de hist\u00f3ria real ocorrida na hist\u00f3rica e isolada cidade de Natividade\/TO, na virada do ano de 1971 para 1972. \u201cUm Certo Jo\u00e3o Silvino\u201d aborda o impacto da chegada repentina de um jovem viajante \u00e0 pacata Natividade, nos \u00faltimos dias do ano de 1971, e tamb\u00e9m o alvoro\u00e7o que isso causou na cidade.<\/p>\n\n\n\n<p><strong>Projeto<\/strong><\/p>\n\n\n\n<p>Uma iniciativa da produtora \u201cBem-Te-V\u00eddeo Marketing\u201d,&nbsp;o filme \u00e9 um produto de edital da Lei Paulo Gustavo do Tocantins, atrav\u00e9s da Secretaria Estadual de Cultura (Secult) e Minist\u00e9rio da Cultura (MinC).<\/p>\n\n\n\n<p><strong>Equipe T\u00e9cnica<\/strong><\/p>\n\n\n\n<p>Dire\u00e7\u00e3o e Roteiro: H\u00e9lio Brito<\/p>\n\n\n\n<p>Assist\u00eancia de Dire\u00e7\u00e3o: Let\u00edcia Bonatto<\/p>\n\n\n\n<p>Dire\u00e7\u00e3o de Fotografia: Ricardo Nogueira<\/p>\n\n\n\n<p>Som Direto: Diogo Goltara<\/p>\n\n\n\n<p>Dire\u00e7\u00e3o de Arte: \u00c9rika Mariano<\/p>\n\n\n\n<p>Dire\u00e7\u00e3o de Produ\u00e7\u00e3o: Raquel Etges<\/p>\n\n\n\n<p>Produ\u00e7\u00e3o Executiva: Sandra Alves<\/p>\n\n\n\n<p>Produ\u00e7\u00e3o Local (Natividade): Simone Camelo<\/p>\n\n\n\n<p>Prepara\u00e7\u00e3o de Elenco: Cleuda Milhomem<\/p>\n\n\n\n<p>Produ\u00e7\u00e3o de elenco e Assessoria de Imprensa: Cinthia Abreu<\/p>\n\n\n\n<p>Elenco Principal: Felipe Trindade e Aline Milani<\/p>\n\n\n\n<p>Elenco secund\u00e1rio: Cinthia Abreu, Charlene Brito, Dora Maria, Dos Santos, Haru Barbosa, La\u00eds Paz, Larissa Benigno, Leidiane Martins, Leonardo Ara\u00fajo, Let\u00edcia Donato, Merc\u00eas Campelo, Nandyala, Renato Augusto Fontanelli, Vit\u00f3ria Feitosa e Wesley Rocha.&nbsp;<\/p>\n\n\n\n<figure class=\"wp-block-image size-large\"><img loading=\"lazy\" decoding=\"async\" width=\"1024\" height=\"256\" src=\"https:\/\/focotocantinense.com.br\/wp-content\/uploads\/2025\/05\/Vinicius-Martins-ESPECIALISTA-EM-RISOS-4-1024x256.jpeg\" alt=\"\" class=\"wp-image-10253\" srcset=\"https:\/\/focotocantinense.com.br\/wp-content\/uploads\/2025\/05\/Vinicius-Martins-ESPECIALISTA-EM-RISOS-4-1024x256.jpeg 1024w, https:\/\/focotocantinense.com.br\/wp-content\/uploads\/2025\/05\/Vinicius-Martins-ESPECIALISTA-EM-RISOS-4-300x75.jpeg 300w, https:\/\/focotocantinense.com.br\/wp-content\/uploads\/2025\/05\/Vinicius-Martins-ESPECIALISTA-EM-RISOS-4-768x192.jpeg 768w, https:\/\/focotocantinense.com.br\/wp-content\/uploads\/2025\/05\/Vinicius-Martins-ESPECIALISTA-EM-RISOS-4-1536x384.jpeg 1536w, https:\/\/focotocantinense.com.br\/wp-content\/uploads\/2025\/05\/Vinicius-Martins-ESPECIALISTA-EM-RISOS-4.jpeg 1584w\" sizes=\"auto, (max-width: 1024px) 100vw, 1024px\" \/><\/figure>\n","protected":false},"excerpt":{"rendered":"<p>Por Cinthia Abreu Come\u00e7aram oficialmente as grava\u00e7\u00f5es do longa-metragem \u201cUm Certo Jo\u00e3o Silvino\u201d, novo projeto do cineasta H\u00e9lio Brito, que prop\u00f5e uma instigante fus\u00e3o entre document\u00e1rio e fic\u00e7\u00e3o para reconstituir uma hist\u00f3ria real e ainda pouco conhecida da repress\u00e3o pol\u00edtica no Brasil. O filme, que se passa na hist\u00f3rica cidade de Natividade, no sudeste do &hellip;<\/p>\n","protected":false},"author":5,"featured_media":10251,"comment_status":"open","ping_status":"open","sticky":false,"template":"","format":"standard","meta":{"footnotes":""},"categories":[104],"tags":[],"class_list":["post-10250","post","type-post","status-publish","format-standard","has-post-thumbnail","","category-cultura"],"_links":{"self":[{"href":"https:\/\/focotocantinense.com.br\/index.php?rest_route=\/wp\/v2\/posts\/10250","targetHints":{"allow":["GET"]}}],"collection":[{"href":"https:\/\/focotocantinense.com.br\/index.php?rest_route=\/wp\/v2\/posts"}],"about":[{"href":"https:\/\/focotocantinense.com.br\/index.php?rest_route=\/wp\/v2\/types\/post"}],"author":[{"embeddable":true,"href":"https:\/\/focotocantinense.com.br\/index.php?rest_route=\/wp\/v2\/users\/5"}],"replies":[{"embeddable":true,"href":"https:\/\/focotocantinense.com.br\/index.php?rest_route=%2Fwp%2Fv2%2Fcomments&post=10250"}],"version-history":[{"count":2,"href":"https:\/\/focotocantinense.com.br\/index.php?rest_route=\/wp\/v2\/posts\/10250\/revisions"}],"predecessor-version":[{"id":10257,"href":"https:\/\/focotocantinense.com.br\/index.php?rest_route=\/wp\/v2\/posts\/10250\/revisions\/10257"}],"wp:featuredmedia":[{"embeddable":true,"href":"https:\/\/focotocantinense.com.br\/index.php?rest_route=\/wp\/v2\/media\/10251"}],"wp:attachment":[{"href":"https:\/\/focotocantinense.com.br\/index.php?rest_route=%2Fwp%2Fv2%2Fmedia&parent=10250"}],"wp:term":[{"taxonomy":"category","embeddable":true,"href":"https:\/\/focotocantinense.com.br\/index.php?rest_route=%2Fwp%2Fv2%2Fcategories&post=10250"},{"taxonomy":"post_tag","embeddable":true,"href":"https:\/\/focotocantinense.com.br\/index.php?rest_route=%2Fwp%2Fv2%2Ftags&post=10250"}],"curies":[{"name":"wp","href":"https:\/\/api.w.org\/{rel}","templated":true}]}}