{"id":10244,"date":"2025-05-09T18:19:54","date_gmt":"2025-05-09T21:19:54","guid":{"rendered":"https:\/\/focotocantinense.com.br\/?p=10244"},"modified":"2025-05-09T18:24:32","modified_gmt":"2025-05-09T21:24:32","slug":"gestao-de-ivanilson-marinho-a-frente-da-camara-de-gurupi-completa-100-dias-com-foco-em-modernizacao-valorizacao-e-resultados-concretos","status":"publish","type":"post","link":"https:\/\/focotocantinense.com.br\/?p=10244","title":{"rendered":"Gest\u00e3o de Ivanilson Marinho \u00e0 frente da C\u00e2mara de Gurupi completa 100 dias com foco em moderniza\u00e7\u00e3o, valoriza\u00e7\u00e3o e resultados concretos"},"content":{"rendered":"\n<p>Em pouco mais de quatro meses \u00e0 frente da presid\u00eancia da C\u00e2mara Municipal de Gurupi, o vereador Ivanilson Marinho j\u00e1 come\u00e7a a consolidar uma nova marca na Casa de Leis: gest\u00e3o participativa, foco em resultados e valoriza\u00e7\u00e3o das pessoas.<\/p>\n\n\n\n<p>Os primeiros 100 dias foram marcados por mudan\u00e7as significativas na estrutura administrativa, avan\u00e7os no processo legislativo e aproxima\u00e7\u00e3o com a sociedade.<\/p>\n\n\n\n<figure class=\"wp-block-image size-full is-resized\"><img loading=\"lazy\" decoding=\"async\" width=\"768\" height=\"512\" src=\"https:\/\/focotocantinense.com.br\/wp-content\/uploads\/2025\/05\/IMG_9866-768x512-1.jpg\" alt=\"\" class=\"wp-image-10248\" style=\"width:349px;height:auto\" srcset=\"https:\/\/focotocantinense.com.br\/wp-content\/uploads\/2025\/05\/IMG_9866-768x512-1.jpg 768w, https:\/\/focotocantinense.com.br\/wp-content\/uploads\/2025\/05\/IMG_9866-768x512-1-300x200.jpg 300w\" sizes=\"auto, (max-width: 768px) 100vw, 768px\" \/><\/figure>\n\n\n\n<p><\/p>\n\n\n\n<p>Uma das primeiras a\u00e7\u00f5es da nova gest\u00e3o foi reorganizar os espa\u00e7os internos da C\u00e2mara. M\u00f3veis antigos e sem uso foram doados \u00e0 Prefeitura, e os ambientes de trabalho passaram por um processo de readequa\u00e7\u00e3o. A medida gerou economia, otimizou o espa\u00e7o e melhorou as condi\u00e7\u00f5es de trabalho dos servidores.<\/p>\n\n\n\n<p>O desempenho legislativo tamb\u00e9m chamou aten\u00e7\u00e3o. Nesse per\u00edodo, a C\u00e2mara realizou 17 sess\u00f5es ordin\u00e1rias e 8 sess\u00f5es extraordin\u00e1rias. Foram protocolados 830 requerimentos, 296 indica\u00e7\u00f5es, 85 projetos de autoria dos vereadores e 20 projetos do Poder Executivo. Os n\u00fameros refletem um ritmo intenso de trabalho e o compromisso dos parlamentares com as demandas da popula\u00e7\u00e3o.<\/p>\n\n\n\n<p>Al\u00e9m da produtividade, a valoriza\u00e7\u00e3o do servidor foi tratada como prioridade. A gest\u00e3o garantiu o pagamento em dia dos sal\u00e1rios, antecipou a primeira parcela do 13\u00ba sal\u00e1rio, concedeu reajustes no vencimento e no aux\u00edlio-alimenta\u00e7\u00e3o, atualizou os adicionais de insalubridade e retomou as promo\u00e7\u00f5es por escolaridade e progress\u00f5es funcionais, que estavam paralisadas. Tudo isso com base no di\u00e1logo e no respeito aos direitos dos trabalhadores.<\/p>\n\n\n\n<p>A moderniza\u00e7\u00e3o administrativa tamb\u00e9m avan\u00e7ou. A implanta\u00e7\u00e3o do processo legislativo eletr\u00f4nico tornou os tr\u00e2mites internos mais \u00e1geis, sustent\u00e1veis e transparentes. Os servidores foram capacitados e hoje todo o processo legislativo j\u00e1 \u00e9 digital, contribuindo para maior efici\u00eancia e economia de recursos.<\/p>\n\n\n\n<p>A aproxima\u00e7\u00e3o com a sociedade tamb\u00e9m foi fortalecida. A C\u00e2mara participou de eventos p\u00fablicos, realizou sess\u00f5es especiais para homenagear diferentes segmentos \u2013 como mulheres, profissionais da advocacia e pessoas com autismo \u2013 e abriu as portas para visitas de estudantes, al\u00e9m de promover um caf\u00e9 da manh\u00e3 com a imprensa local, refor\u00e7ando a transpar\u00eancia e o di\u00e1logo institucional.<\/p>\n\n\n\n<p>Na \u00e1rea t\u00e9cnica, a Procuradoria da C\u00e2mara teve atua\u00e7\u00e3o destacada, com 177 processos analisados, 77 pareceres emitidos em projetos de lei e 21 processos administrativos finalizados com foco na legalidade e na responsabilidade com o dinheiro p\u00fablico.<\/p>\n\n\n\n<p>Para o presidente Ivanilson Marinho, o balan\u00e7o dos primeiros 100 dias \u00e9 positivo e mostra que a C\u00e2mara est\u00e1 trilhando um caminho de moderniza\u00e7\u00e3o, responsabilidade e compromisso com os cidad\u00e3os. \u201cNosso objetivo \u00e9 fazer uma gest\u00e3o s\u00e9ria, com efici\u00eancia, transpar\u00eancia e respeito ao povo de Gurupi. O que realizamos at\u00e9 aqui \u00e9 s\u00f3 o come\u00e7o. Ainda temos muito a entregar\u201d, afirmou.<\/p>\n\n\n\n<p>A nova fase da C\u00e2mara de Gurupi demonstra que \u00e9 poss\u00edvel fazer mais com menos, sempre colocando o cidad\u00e3o em primeiro lugar.<\/p>\n\n\n\n<figure class=\"wp-block-image size-large\"><img loading=\"lazy\" decoding=\"async\" width=\"1024\" height=\"256\" src=\"https:\/\/focotocantinense.com.br\/wp-content\/uploads\/2025\/05\/Vinicius-Martins-ESPECIALISTA-EM-RISOS-3-1024x256.jpeg\" alt=\"\" class=\"wp-image-10232\" srcset=\"https:\/\/focotocantinense.com.br\/wp-content\/uploads\/2025\/05\/Vinicius-Martins-ESPECIALISTA-EM-RISOS-3-1024x256.jpeg 1024w, https:\/\/focotocantinense.com.br\/wp-content\/uploads\/2025\/05\/Vinicius-Martins-ESPECIALISTA-EM-RISOS-3-300x75.jpeg 300w, https:\/\/focotocantinense.com.br\/wp-content\/uploads\/2025\/05\/Vinicius-Martins-ESPECIALISTA-EM-RISOS-3-768x192.jpeg 768w, https:\/\/focotocantinense.com.br\/wp-content\/uploads\/2025\/05\/Vinicius-Martins-ESPECIALISTA-EM-RISOS-3-1536x384.jpeg 1536w, https:\/\/focotocantinense.com.br\/wp-content\/uploads\/2025\/05\/Vinicius-Martins-ESPECIALISTA-EM-RISOS-3.jpeg 1584w\" sizes=\"auto, (max-width: 1024px) 100vw, 1024px\" \/><\/figure>\n","protected":false},"excerpt":{"rendered":"<p>Em pouco mais de quatro meses \u00e0 frente da presid\u00eancia da C\u00e2mara Municipal de Gurupi, o vereador Ivanilson Marinho j\u00e1 come\u00e7a a consolidar uma nova marca na Casa de Leis: gest\u00e3o participativa, foco em resultados e valoriza\u00e7\u00e3o das pessoas. Os primeiros 100 dias foram marcados por mudan\u00e7as significativas na estrutura administrativa, avan\u00e7os no processo legislativo &hellip;<\/p>\n","protected":false},"author":5,"featured_media":10248,"comment_status":"open","ping_status":"open","sticky":false,"template":"","format":"standard","meta":{"footnotes":""},"categories":[38],"tags":[],"class_list":["post-10244","post","type-post","status-publish","format-standard","has-post-thumbnail","","category-gurupi"],"_links":{"self":[{"href":"https:\/\/focotocantinense.com.br\/index.php?rest_route=\/wp\/v2\/posts\/10244","targetHints":{"allow":["GET"]}}],"collection":[{"href":"https:\/\/focotocantinense.com.br\/index.php?rest_route=\/wp\/v2\/posts"}],"about":[{"href":"https:\/\/focotocantinense.com.br\/index.php?rest_route=\/wp\/v2\/types\/post"}],"author":[{"embeddable":true,"href":"https:\/\/focotocantinense.com.br\/index.php?rest_route=\/wp\/v2\/users\/5"}],"replies":[{"embeddable":true,"href":"https:\/\/focotocantinense.com.br\/index.php?rest_route=%2Fwp%2Fv2%2Fcomments&post=10244"}],"version-history":[{"count":2,"href":"https:\/\/focotocantinense.com.br\/index.php?rest_route=\/wp\/v2\/posts\/10244\/revisions"}],"predecessor-version":[{"id":10249,"href":"https:\/\/focotocantinense.com.br\/index.php?rest_route=\/wp\/v2\/posts\/10244\/revisions\/10249"}],"wp:featuredmedia":[{"embeddable":true,"href":"https:\/\/focotocantinense.com.br\/index.php?rest_route=\/wp\/v2\/media\/10248"}],"wp:attachment":[{"href":"https:\/\/focotocantinense.com.br\/index.php?rest_route=%2Fwp%2Fv2%2Fmedia&parent=10244"}],"wp:term":[{"taxonomy":"category","embeddable":true,"href":"https:\/\/focotocantinense.com.br\/index.php?rest_route=%2Fwp%2Fv2%2Fcategories&post=10244"},{"taxonomy":"post_tag","embeddable":true,"href":"https:\/\/focotocantinense.com.br\/index.php?rest_route=%2Fwp%2Fv2%2Ftags&post=10244"}],"curies":[{"name":"wp","href":"https:\/\/api.w.org\/{rel}","templated":true}]}}