{"id":10239,"date":"2025-05-09T18:00:32","date_gmt":"2025-05-09T21:00:32","guid":{"rendered":"https:\/\/focotocantinense.com.br\/?p=10239"},"modified":"2025-05-09T18:01:38","modified_gmt":"2025-05-09T21:01:38","slug":"tceto-realiza-fiscalizacoes-surpresa-em-unidades-de-saude-de-porto-nacional","status":"publish","type":"post","link":"https:\/\/focotocantinense.com.br\/?p=10239","title":{"rendered":"TCETO realiza fiscaliza\u00e7\u00f5es surpresa em unidades de sa\u00fade de Porto Nacional"},"content":{"rendered":"\n<p><\/p>\n\n\n\n<p><em><strong>Servidores da Corte estiveram na UPA do centro e do distrito de Luzimangues para observar, sem aviso pr\u00e9vio, como anda o atendimento \u00e0 popula\u00e7\u00e3o<\/strong><\/em><\/p>\n\n\n\n<p>Entre os corredores da UPA de Porto Nacional e as salas de atendimento da unidade em Luzimangues, uma equipe do Tribunal de Contas do Tocantins (TCETO) circulou discretamente, mas com um olhar atento, registrando a realidade do atendimento oferecido \u00e0 popula\u00e7\u00e3o.<\/p>\n\n\n\n<p>Foi assim que a fiscaliza\u00e7\u00e3o do projeto TCE de Olho chegou ao munic\u00edpio, e atuou entre os dias 7 e 9 de maio. As visitas foram feitas de surpresa, justamente para garantir que a avalia\u00e7\u00e3o refletisse o cotidiano das unidades. Foram verificados desde a presen\u00e7a dos profissionais escalados at\u00e9 a situa\u00e7\u00e3o das ambul\u00e2ncias, passando por farm\u00e1cias, salas de exames e estrutura f\u00edsica.<\/p>\n\n\n\n<figure class=\"wp-block-image size-full is-resized\"><img loading=\"lazy\" decoding=\"async\" width=\"900\" height=\"600\" src=\"https:\/\/focotocantinense.com.br\/wp-content\/uploads\/2025\/05\/DSC03316.jpg\" alt=\"\" class=\"wp-image-10242\" style=\"width:396px;height:auto\" srcset=\"https:\/\/focotocantinense.com.br\/wp-content\/uploads\/2025\/05\/DSC03316.jpg 900w, https:\/\/focotocantinense.com.br\/wp-content\/uploads\/2025\/05\/DSC03316-300x200.jpg 300w, https:\/\/focotocantinense.com.br\/wp-content\/uploads\/2025\/05\/DSC03316-768x512.jpg 768w\" sizes=\"auto, (max-width: 900px) 100vw, 900px\" \/><\/figure>\n\n\n\n<p><\/p>\n\n\n\n<p>Todo o trabalho realizado ser\u00e1 transformado em um relat\u00f3rio t\u00e9cnico que ser\u00e1 encaminhado \u00e0 Quarta Relatoria do TCE, sob responsabilidade do conselheiro Severiano Costandrade. A partir desse material, os dados poder\u00e3o embasar decis\u00f5es e recomenda\u00e7\u00f5es para corrigir falhas e fortalecer o que j\u00e1 funciona bem.<\/p>\n\n\n\n<figure class=\"wp-block-image size-full\"><img loading=\"lazy\" decoding=\"async\" width=\"900\" height=\"600\" src=\"https:\/\/focotocantinense.com.br\/wp-content\/uploads\/2025\/05\/DSC02685.jpg\" alt=\"\" class=\"wp-image-10240\" srcset=\"https:\/\/focotocantinense.com.br\/wp-content\/uploads\/2025\/05\/DSC02685.jpg 900w, https:\/\/focotocantinense.com.br\/wp-content\/uploads\/2025\/05\/DSC02685-300x200.jpg 300w, https:\/\/focotocantinense.com.br\/wp-content\/uploads\/2025\/05\/DSC02685-768x512.jpg 768w\" sizes=\"auto, (max-width: 900px) 100vw, 900px\" \/><\/figure>\n\n\n\n<p><\/p>\n\n\n\n<p><strong><em>A a\u00e7\u00e3o em Porto Nacional integra um ciclo de fiscaliza\u00e7\u00f5es que o Tribunal tem promovido em diversas cidades do Estado. O foco \u00e9 entender como o servi\u00e7o est\u00e1 chegando \u00e0 ponta, onde o cidad\u00e3o realmente precisa.<\/em><\/strong><\/p>\n\n\n\n<figure class=\"wp-block-gallery has-nested-images columns-default is-cropped wp-block-gallery-1 is-layout-flex wp-block-gallery-is-layout-flex\">\n<figure class=\"wp-block-image size-large\"><img loading=\"lazy\" decoding=\"async\" width=\"1024\" height=\"256\" data-id=\"10232\" src=\"https:\/\/focotocantinense.com.br\/wp-content\/uploads\/2025\/05\/Vinicius-Martins-ESPECIALISTA-EM-RISOS-3-1024x256.jpeg\" alt=\"\" class=\"wp-image-10232\" srcset=\"https:\/\/focotocantinense.com.br\/wp-content\/uploads\/2025\/05\/Vinicius-Martins-ESPECIALISTA-EM-RISOS-3-1024x256.jpeg 1024w, https:\/\/focotocantinense.com.br\/wp-content\/uploads\/2025\/05\/Vinicius-Martins-ESPECIALISTA-EM-RISOS-3-300x75.jpeg 300w, https:\/\/focotocantinense.com.br\/wp-content\/uploads\/2025\/05\/Vinicius-Martins-ESPECIALISTA-EM-RISOS-3-768x192.jpeg 768w, https:\/\/focotocantinense.com.br\/wp-content\/uploads\/2025\/05\/Vinicius-Martins-ESPECIALISTA-EM-RISOS-3-1536x384.jpeg 1536w, https:\/\/focotocantinense.com.br\/wp-content\/uploads\/2025\/05\/Vinicius-Martins-ESPECIALISTA-EM-RISOS-3.jpeg 1584w\" sizes=\"auto, (max-width: 1024px) 100vw, 1024px\" \/><\/figure>\n<\/figure>\n","protected":false},"excerpt":{"rendered":"<p>Servidores da Corte estiveram na UPA do centro e do distrito de Luzimangues para observar, sem aviso pr\u00e9vio, como anda o atendimento \u00e0 popula\u00e7\u00e3o Entre os corredores da UPA de Porto Nacional e as salas de atendimento da unidade em Luzimangues, uma equipe do Tribunal de Contas do Tocantins (TCETO) circulou discretamente, mas com um &hellip;<\/p>\n","protected":false},"author":5,"featured_media":10240,"comment_status":"open","ping_status":"open","sticky":false,"template":"","format":"standard","meta":{"footnotes":""},"categories":[46],"tags":[],"class_list":["post-10239","post","type-post","status-publish","format-standard","has-post-thumbnail","","category-porto_nacional"],"_links":{"self":[{"href":"https:\/\/focotocantinense.com.br\/index.php?rest_route=\/wp\/v2\/posts\/10239","targetHints":{"allow":["GET"]}}],"collection":[{"href":"https:\/\/focotocantinense.com.br\/index.php?rest_route=\/wp\/v2\/posts"}],"about":[{"href":"https:\/\/focotocantinense.com.br\/index.php?rest_route=\/wp\/v2\/types\/post"}],"author":[{"embeddable":true,"href":"https:\/\/focotocantinense.com.br\/index.php?rest_route=\/wp\/v2\/users\/5"}],"replies":[{"embeddable":true,"href":"https:\/\/focotocantinense.com.br\/index.php?rest_route=%2Fwp%2Fv2%2Fcomments&post=10239"}],"version-history":[{"count":2,"href":"https:\/\/focotocantinense.com.br\/index.php?rest_route=\/wp\/v2\/posts\/10239\/revisions"}],"predecessor-version":[{"id":10243,"href":"https:\/\/focotocantinense.com.br\/index.php?rest_route=\/wp\/v2\/posts\/10239\/revisions\/10243"}],"wp:featuredmedia":[{"embeddable":true,"href":"https:\/\/focotocantinense.com.br\/index.php?rest_route=\/wp\/v2\/media\/10240"}],"wp:attachment":[{"href":"https:\/\/focotocantinense.com.br\/index.php?rest_route=%2Fwp%2Fv2%2Fmedia&parent=10239"}],"wp:term":[{"taxonomy":"category","embeddable":true,"href":"https:\/\/focotocantinense.com.br\/index.php?rest_route=%2Fwp%2Fv2%2Fcategories&post=10239"},{"taxonomy":"post_tag","embeddable":true,"href":"https:\/\/focotocantinense.com.br\/index.php?rest_route=%2Fwp%2Fv2%2Ftags&post=10239"}],"curies":[{"name":"wp","href":"https:\/\/api.w.org\/{rel}","templated":true}]}}