{"id":10237,"date":"2025-05-09T07:40:34","date_gmt":"2025-05-09T10:40:34","guid":{"rendered":"https:\/\/focotocantinense.com.br\/?p=10237"},"modified":"2025-05-09T07:40:35","modified_gmt":"2025-05-09T10:40:35","slug":"presidente-da-aleto-se-reune-com-comunicadores-e-prefeitos-em-evento-de-novo-grupo-de-comunicacao-2","status":"publish","type":"post","link":"https:\/\/focotocantinense.com.br\/?p=10237","title":{"rendered":"Presidente da Aleto se re\u00fane com comunicadores e prefeitos em evento de novo grupo de comunica\u00e7\u00e3o"},"content":{"rendered":"\n<p>Na noite desta segunda-feira, 5, o presidente da Assembleia Legislativa do Tocantins (Aleto), deputado Am\u00e9lio Cayres (Republicanos), participou da apresenta\u00e7\u00e3o do Grupo L.P.A de Comunica\u00e7\u00e3o e Multim\u00eddia e do lan\u00e7amento do novo programa jornal\u00edstico Alerta Tocantins. O evento reuniu profissionais da imprensa, empres\u00e1rios da comunica\u00e7\u00e3o, prefeitos e outras autoridades pol\u00edticas de diversas regi\u00f5es do Estado, sendo marcado como um momento importante para a expans\u00e3o dos meios de comunica\u00e7\u00e3o no Tocantins.<\/p>\n\n\n\n<p>A cerim\u00f4nia foi conduzida pelos diretores do Grupo, Liberato P\u00f3voa e Arrhenius Naves, e contou ainda com a presen\u00e7a do apresentador nacional de televis\u00e3o, Sik\u00eara J\u00fanior, que atualmente comanda o programa Alerta, na TV A Cr\u00edtica, em Manaus. Durante o evento, foram apresentadas as novas estruturas de r\u00e1dios e emissoras de TV do Grupo, com cobertura ampliada em v\u00e1rias cidades do Tocantins.<\/p>\n\n\n\n<p>Al\u00e9m do presidente da Aleto, tamb\u00e9m prestigiaram o evento os deputados estaduais J\u00fanior Geo (PSDB) e Valdemar J\u00fanior (Republicanos), refor\u00e7ando o apoio do Parlamento Estadual \u00e0 amplia\u00e7\u00e3o de ve\u00edculos de comunica\u00e7\u00e3o e \u00e0 valoriza\u00e7\u00e3o do jornalismo regional.<\/p>\n\n\n\n<p>\u201cO Tocantins ganha mais um importante Grupo de Comunica\u00e7\u00e3o que vai contribuir para ampliar o acesso \u00e0 informa\u00e7\u00e3o de qualidade. \u00c9 uma alegria participar deste momento ao lado de colegas da imprensa, prefeitos de diversas regi\u00f5es e demais lideran\u00e7as pol\u00edticas\u201d, destacou Am\u00e9lio Cayres.<\/p>\n\n\n\n<p>Estiveram presentes ainda o prefeito de Palmas, Eduardo Siqueira Campos, acompanhado da primeira-dama Polyana Siqueira; o prefeito de Para\u00edso, Celso Morais; a secret\u00e1ria Luana Nunes, representando a prefeita de Gurupi, Josi Nunes; al\u00e9m dos prefeitos Jos\u00e9 Salom\u00e3o (Dian\u00f3polis), Herman Gomes de Almeida (Arraias), Paulo Roberto (Taguatinga) e Jos\u00e9 Luciano (Ponte Alta do Bom Jesus), e o ex-deputado Paulo Mour\u00e3o.<\/p>\n","protected":false},"excerpt":{"rendered":"<p>Na noite desta segunda-feira, 5, o presidente da Assembleia Legislativa do Tocantins (Aleto), deputado Am\u00e9lio Cayres (Republicanos), participou da apresenta\u00e7\u00e3o do Grupo L.P.A de Comunica\u00e7\u00e3o e Multim\u00eddia e do lan\u00e7amento do novo programa jornal\u00edstico Alerta Tocantins. O evento reuniu profissionais da imprensa, empres\u00e1rios da comunica\u00e7\u00e3o, prefeitos e outras autoridades pol\u00edticas de diversas regi\u00f5es do Estado, &hellip;<\/p>\n","protected":false},"author":5,"featured_media":10236,"comment_status":"open","ping_status":"open","sticky":false,"template":"","format":"standard","meta":{"footnotes":""},"categories":[1],"tags":[],"class_list":["post-10237","post","type-post","status-publish","format-standard","has-post-thumbnail","","category-sem-categoria"],"_links":{"self":[{"href":"https:\/\/focotocantinense.com.br\/index.php?rest_route=\/wp\/v2\/posts\/10237","targetHints":{"allow":["GET"]}}],"collection":[{"href":"https:\/\/focotocantinense.com.br\/index.php?rest_route=\/wp\/v2\/posts"}],"about":[{"href":"https:\/\/focotocantinense.com.br\/index.php?rest_route=\/wp\/v2\/types\/post"}],"author":[{"embeddable":true,"href":"https:\/\/focotocantinense.com.br\/index.php?rest_route=\/wp\/v2\/users\/5"}],"replies":[{"embeddable":true,"href":"https:\/\/focotocantinense.com.br\/index.php?rest_route=%2Fwp%2Fv2%2Fcomments&post=10237"}],"version-history":[{"count":1,"href":"https:\/\/focotocantinense.com.br\/index.php?rest_route=\/wp\/v2\/posts\/10237\/revisions"}],"predecessor-version":[{"id":10238,"href":"https:\/\/focotocantinense.com.br\/index.php?rest_route=\/wp\/v2\/posts\/10237\/revisions\/10238"}],"wp:featuredmedia":[{"embeddable":true,"href":"https:\/\/focotocantinense.com.br\/index.php?rest_route=\/wp\/v2\/media\/10236"}],"wp:attachment":[{"href":"https:\/\/focotocantinense.com.br\/index.php?rest_route=%2Fwp%2Fv2%2Fmedia&parent=10237"}],"wp:term":[{"taxonomy":"category","embeddable":true,"href":"https:\/\/focotocantinense.com.br\/index.php?rest_route=%2Fwp%2Fv2%2Fcategories&post=10237"},{"taxonomy":"post_tag","embeddable":true,"href":"https:\/\/focotocantinense.com.br\/index.php?rest_route=%2Fwp%2Fv2%2Ftags&post=10237"}],"curies":[{"name":"wp","href":"https:\/\/api.w.org\/{rel}","templated":true}]}}