{"id":10230,"date":"2025-05-08T22:05:24","date_gmt":"2025-05-09T01:05:24","guid":{"rendered":"https:\/\/focotocantinense.com.br\/?p=10230"},"modified":"2025-05-08T22:06:06","modified_gmt":"2025-05-09T01:06:06","slug":"prefeitura-de-gurupi-inicia-preparativos-para-a-3a-conferencia-municipal-da-cidade","status":"publish","type":"post","link":"https:\/\/focotocantinense.com.br\/?p=10230","title":{"rendered":"Prefeitura de Gurupi inicia preparativos para a 3\u00aa Confer\u00eancia Municipal da Cidade"},"content":{"rendered":"\n<p>A Prefeitura de Gurupi, por meio da Secretaria Municipal de Desenvolvimento Urbano, deu in\u00edcio aos preparativos para a 3\u00aa Confer\u00eancia Municipal da Cidade. A iniciativa tem como tema central \u201cConstruindo a Pol\u00edtica Nacional de Desenvolvimento Urbano: caminhos para cidades inclusivas, democr\u00e1ticas, sustent\u00e1veis e com justi\u00e7a social\u201d, e tem como objetivo promover o debate entre governo e sociedade sobre os rumos do planejamento urbano.<\/p>\n\n\n\n<p>Nesta quinta-feira, 08, foi realizada a primeira reuni\u00e3o de organiza\u00e7\u00e3o, que contou com a participa\u00e7\u00e3o de t\u00e9cnicos e representantes da gest\u00e3o municipal. De acordo com a diretora de Habita\u00e7\u00e3o da Secretaria, Laena Brito, o encontro serviu para alinhar estrat\u00e9gias e discutir a forma\u00e7\u00e3o da comiss\u00e3o respons\u00e1vel pela organiza\u00e7\u00e3o do evento. Ela destacou que a confer\u00eancia municipal \u00e9 uma etapa fundamental que antecede as confer\u00eancias estadual e nacional, previstas para os meses de agosto e outubro, respectivamente.<\/p>\n\n\n\n<p>\u201cA previs\u00e3o \u00e9 que at\u00e9 o dia 31 de maio a Secretaria publique a convoca\u00e7\u00e3o oficial da confer\u00eancia municipal, que ser\u00e1 realizada em junho. Estamos trabalhando para garantir a participa\u00e7\u00e3o efetiva da sociedade civil, representantes do setor p\u00fablico e entidades envolvidas com o desenvolvimento urbano\u201d, afirmou Laena.<\/p>\n\n\n\n<figure class=\"wp-block-image size-large is-resized\"><img loading=\"lazy\" decoding=\"async\" width=\"1024\" height=\"582\" src=\"https:\/\/focotocantinense.com.br\/wp-content\/uploads\/2025\/05\/2-TO-AEREA-DE-GURUPI-SECOM-PREFEITURA-1024x582.jpg\" alt=\"\" class=\"wp-image-10231\" style=\"width:361px;height:auto\" srcset=\"https:\/\/focotocantinense.com.br\/wp-content\/uploads\/2025\/05\/2-TO-AEREA-DE-GURUPI-SECOM-PREFEITURA-1024x582.jpg 1024w, https:\/\/focotocantinense.com.br\/wp-content\/uploads\/2025\/05\/2-TO-AEREA-DE-GURUPI-SECOM-PREFEITURA-300x171.jpg 300w, https:\/\/focotocantinense.com.br\/wp-content\/uploads\/2025\/05\/2-TO-AEREA-DE-GURUPI-SECOM-PREFEITURA-768x437.jpg 768w, https:\/\/focotocantinense.com.br\/wp-content\/uploads\/2025\/05\/2-TO-AEREA-DE-GURUPI-SECOM-PREFEITURA.jpg 1080w\" sizes=\"auto, (max-width: 1024px) 100vw, 1024px\" \/><\/figure>\n\n\n\n<p><\/p>\n\n\n\n<p>O secret\u00e1rio municipal de Desenvolvimento Urbano refor\u00e7ou a import\u00e2ncia do evento como espa\u00e7o de constru\u00e7\u00e3o coletiva. \u201cA confer\u00eancia ser\u00e1 um momento estrat\u00e9gico para avaliarmos os avan\u00e7os, identificarmos os desafios e pensarmos juntos em solu\u00e7\u00f5es para o crescimento ordenado e sustent\u00e1vel de Gurupi. Queremos ouvir a popula\u00e7\u00e3o, acolher sugest\u00f5es e fortalecer o di\u00e1logo democr\u00e1tico na formula\u00e7\u00e3o de pol\u00edticas p\u00fablicas que promovam mais qualidade de vida para todos\u201d, destacou o gestor.<\/p>\n\n\n\n<p>O secret\u00e1rio destaca que a 3\u00aa Confer\u00eancia Municipal da Cidade de Gurupi est\u00e1 alinhada com a pol\u00edtica nacional e representar\u00e1 uma oportunidade valiosa para que o munic\u00edpio contribua ativamente com propostas que ser\u00e3o levadas \u00e0s etapas seguintes, em n\u00edvel estadual e federal. \u201cO processo tamb\u00e9m refor\u00e7a o compromisso da atual gest\u00e3o com a promo\u00e7\u00e3o de uma cidade mais justa, inclusiva e sustent\u00e1vel\u201d, concluiu.<\/p>\n\n\n\n<figure class=\"wp-block-image size-large\"><img loading=\"lazy\" decoding=\"async\" width=\"1024\" height=\"256\" src=\"https:\/\/focotocantinense.com.br\/wp-content\/uploads\/2025\/05\/Vinicius-Martins-ESPECIALISTA-EM-RISOS-3-1024x256.jpeg\" alt=\"\" class=\"wp-image-10232\" srcset=\"https:\/\/focotocantinense.com.br\/wp-content\/uploads\/2025\/05\/Vinicius-Martins-ESPECIALISTA-EM-RISOS-3-1024x256.jpeg 1024w, https:\/\/focotocantinense.com.br\/wp-content\/uploads\/2025\/05\/Vinicius-Martins-ESPECIALISTA-EM-RISOS-3-300x75.jpeg 300w, https:\/\/focotocantinense.com.br\/wp-content\/uploads\/2025\/05\/Vinicius-Martins-ESPECIALISTA-EM-RISOS-3-768x192.jpeg 768w, https:\/\/focotocantinense.com.br\/wp-content\/uploads\/2025\/05\/Vinicius-Martins-ESPECIALISTA-EM-RISOS-3-1536x384.jpeg 1536w, https:\/\/focotocantinense.com.br\/wp-content\/uploads\/2025\/05\/Vinicius-Martins-ESPECIALISTA-EM-RISOS-3.jpeg 1584w\" sizes=\"auto, (max-width: 1024px) 100vw, 1024px\" \/><\/figure>\n","protected":false},"excerpt":{"rendered":"<p>A Prefeitura de Gurupi, por meio da Secretaria Municipal de Desenvolvimento Urbano, deu in\u00edcio aos preparativos para a 3\u00aa Confer\u00eancia Municipal da Cidade. A iniciativa tem como tema central \u201cConstruindo a Pol\u00edtica Nacional de Desenvolvimento Urbano: caminhos para cidades inclusivas, democr\u00e1ticas, sustent\u00e1veis e com justi\u00e7a social\u201d, e tem como objetivo promover o debate entre governo &hellip;<\/p>\n","protected":false},"author":5,"featured_media":10231,"comment_status":"open","ping_status":"open","sticky":false,"template":"","format":"standard","meta":{"footnotes":""},"categories":[1],"tags":[],"class_list":["post-10230","post","type-post","status-publish","format-standard","has-post-thumbnail","","category-sem-categoria"],"_links":{"self":[{"href":"https:\/\/focotocantinense.com.br\/index.php?rest_route=\/wp\/v2\/posts\/10230","targetHints":{"allow":["GET"]}}],"collection":[{"href":"https:\/\/focotocantinense.com.br\/index.php?rest_route=\/wp\/v2\/posts"}],"about":[{"href":"https:\/\/focotocantinense.com.br\/index.php?rest_route=\/wp\/v2\/types\/post"}],"author":[{"embeddable":true,"href":"https:\/\/focotocantinense.com.br\/index.php?rest_route=\/wp\/v2\/users\/5"}],"replies":[{"embeddable":true,"href":"https:\/\/focotocantinense.com.br\/index.php?rest_route=%2Fwp%2Fv2%2Fcomments&post=10230"}],"version-history":[{"count":2,"href":"https:\/\/focotocantinense.com.br\/index.php?rest_route=\/wp\/v2\/posts\/10230\/revisions"}],"predecessor-version":[{"id":10234,"href":"https:\/\/focotocantinense.com.br\/index.php?rest_route=\/wp\/v2\/posts\/10230\/revisions\/10234"}],"wp:featuredmedia":[{"embeddable":true,"href":"https:\/\/focotocantinense.com.br\/index.php?rest_route=\/wp\/v2\/media\/10231"}],"wp:attachment":[{"href":"https:\/\/focotocantinense.com.br\/index.php?rest_route=%2Fwp%2Fv2%2Fmedia&parent=10230"}],"wp:term":[{"taxonomy":"category","embeddable":true,"href":"https:\/\/focotocantinense.com.br\/index.php?rest_route=%2Fwp%2Fv2%2Fcategories&post=10230"},{"taxonomy":"post_tag","embeddable":true,"href":"https:\/\/focotocantinense.com.br\/index.php?rest_route=%2Fwp%2Fv2%2Ftags&post=10230"}],"curies":[{"name":"wp","href":"https:\/\/api.w.org\/{rel}","templated":true}]}}