{"id":10225,"date":"2025-05-08T15:21:36","date_gmt":"2025-05-08T18:21:36","guid":{"rendered":"https:\/\/focotocantinense.com.br\/?p=10225"},"modified":"2025-05-08T15:22:48","modified_gmt":"2025-05-08T18:22:48","slug":"vereadores-gilvan-kacula-divino-e-andresio-tratam-com-deputada-janad-sobre-estradas-de-caseara","status":"publish","type":"post","link":"https:\/\/focotocantinense.com.br\/?p=10225","title":{"rendered":"Vereadores Gilvan, Ka\u00e7ula, Divino e Andresio tratam com deputada Janad sobre estradas de Caseara"},"content":{"rendered":"\n<p>Com o objetivo de atender \u00e0s demandas do munic\u00edpio de Caseara, a deputada estadual Janad Valcari (PL) se reuniu nesta quarta-feira, 7, com os vereadores Gilvan, Ka\u00e7ula, Divino e Andresio. Na ocasi\u00e3o, a deputada protocolou um requerimento com duas solicita\u00e7\u00f5es urgentes para a infraestrutura de estradas da regi\u00e3o.<\/p>\n\n\n\n<p>A primeira demanda refere-se \u00e0 rodovia TO-080, que liga Marian\u00f3polis e Caseara. Reconhecendo a import\u00e2ncia dessa via para o tr\u00e1fego entre os munic\u00edpios e para o escoamento da produ\u00e7\u00e3o agr\u00edcola local, os vereadores solicitaram a reestrutura\u00e7\u00e3o por meio de servi\u00e7os de tapa-buracos e recapeamento asf\u00e1ltico, garantindo assim o traf\u00e9go adequado.<\/p>\n\n\n\n<p>J\u00e1 a segunda solicita\u00e7\u00e3o, abrange a TO-442, estrada que conecta Araguacema a Caseara. Os vereadores presentes na reuni\u00e3o destacaram os desafios enfrentados, especialmente durante o per\u00edodo chuvoso, devido \u00e0s condi\u00e7\u00f5es do trecho de 60 km de estrada de ch\u00e3o. Diante dessa situa\u00e7\u00e3o, o requerimento formaliza o pedido de pavimenta\u00e7\u00e3o desse per\u00edmetro, visando eliminar os problemas de acesso e melhorar a qualidade de vida da popula\u00e7\u00e3o.&nbsp;<\/p>\n\n\n\n<figure class=\"wp-block-image size-full is-resized\"><img loading=\"lazy\" decoding=\"async\" width=\"1007\" height=\"755\" src=\"https:\/\/focotocantinense.com.br\/wp-content\/uploads\/2025\/05\/fa9ef5ae4a0c276363485b3fdd77f99b.jpeg\" alt=\"\" class=\"wp-image-10226\" style=\"width:358px;height:auto\" srcset=\"https:\/\/focotocantinense.com.br\/wp-content\/uploads\/2025\/05\/fa9ef5ae4a0c276363485b3fdd77f99b.jpeg 1007w, https:\/\/focotocantinense.com.br\/wp-content\/uploads\/2025\/05\/fa9ef5ae4a0c276363485b3fdd77f99b-300x225.jpeg 300w, https:\/\/focotocantinense.com.br\/wp-content\/uploads\/2025\/05\/fa9ef5ae4a0c276363485b3fdd77f99b-768x576.jpeg 768w\" sizes=\"auto, (max-width: 1007px) 100vw, 1007px\" \/><\/figure>\n\n\n\n<p>J<strong><em>anad protocolou um requerimento com solicita\u00e7\u00f5es urgentes para a infraestratura de estradas<\/em><\/strong><\/p>\n\n\n\n<p>&#8220;Este requerimento \u00e9 um apelo para que essas obras se tornem realidade o mais breve poss\u00edvel e garanta melhores condi\u00e7\u00f5es de tr\u00e1fego e vida para a nossa gente. Seguiremos acompanhando de perto e trabalhando para que essas demandas sejam atendidas&#8221;, concluiu Janad.<\/p>\n\n\n\n<figure class=\"wp-block-image size-large\"><img loading=\"lazy\" decoding=\"async\" width=\"1024\" height=\"256\" src=\"https:\/\/focotocantinense.com.br\/wp-content\/uploads\/2025\/05\/Vinicius-Martins-ESPECIALISTA-EM-RISOS-2-1024x256.jpeg\" alt=\"\" class=\"wp-image-10211\" srcset=\"https:\/\/focotocantinense.com.br\/wp-content\/uploads\/2025\/05\/Vinicius-Martins-ESPECIALISTA-EM-RISOS-2-1024x256.jpeg 1024w, https:\/\/focotocantinense.com.br\/wp-content\/uploads\/2025\/05\/Vinicius-Martins-ESPECIALISTA-EM-RISOS-2-300x75.jpeg 300w, https:\/\/focotocantinense.com.br\/wp-content\/uploads\/2025\/05\/Vinicius-Martins-ESPECIALISTA-EM-RISOS-2-768x192.jpeg 768w, https:\/\/focotocantinense.com.br\/wp-content\/uploads\/2025\/05\/Vinicius-Martins-ESPECIALISTA-EM-RISOS-2-1536x384.jpeg 1536w, https:\/\/focotocantinense.com.br\/wp-content\/uploads\/2025\/05\/Vinicius-Martins-ESPECIALISTA-EM-RISOS-2.jpeg 1584w\" sizes=\"auto, (max-width: 1024px) 100vw, 1024px\" \/><\/figure>\n","protected":false},"excerpt":{"rendered":"<p>Com o objetivo de atender \u00e0s demandas do munic\u00edpio de Caseara, a deputada estadual Janad Valcari (PL) se reuniu nesta quarta-feira, 7, com os vereadores Gilvan, Ka\u00e7ula, Divino e Andresio. Na ocasi\u00e3o, a deputada protocolou um requerimento com duas solicita\u00e7\u00f5es urgentes para a infraestrutura de estradas da regi\u00e3o. A primeira demanda refere-se \u00e0 rodovia TO-080, &hellip;<\/p>\n","protected":false},"author":5,"featured_media":10226,"comment_status":"open","ping_status":"open","sticky":false,"template":"","format":"standard","meta":{"footnotes":""},"categories":[40],"tags":[],"class_list":["post-10225","post","type-post","status-publish","format-standard","has-post-thumbnail","","category-politica"],"_links":{"self":[{"href":"https:\/\/focotocantinense.com.br\/index.php?rest_route=\/wp\/v2\/posts\/10225","targetHints":{"allow":["GET"]}}],"collection":[{"href":"https:\/\/focotocantinense.com.br\/index.php?rest_route=\/wp\/v2\/posts"}],"about":[{"href":"https:\/\/focotocantinense.com.br\/index.php?rest_route=\/wp\/v2\/types\/post"}],"author":[{"embeddable":true,"href":"https:\/\/focotocantinense.com.br\/index.php?rest_route=\/wp\/v2\/users\/5"}],"replies":[{"embeddable":true,"href":"https:\/\/focotocantinense.com.br\/index.php?rest_route=%2Fwp%2Fv2%2Fcomments&post=10225"}],"version-history":[{"count":2,"href":"https:\/\/focotocantinense.com.br\/index.php?rest_route=\/wp\/v2\/posts\/10225\/revisions"}],"predecessor-version":[{"id":10229,"href":"https:\/\/focotocantinense.com.br\/index.php?rest_route=\/wp\/v2\/posts\/10225\/revisions\/10229"}],"wp:featuredmedia":[{"embeddable":true,"href":"https:\/\/focotocantinense.com.br\/index.php?rest_route=\/wp\/v2\/media\/10226"}],"wp:attachment":[{"href":"https:\/\/focotocantinense.com.br\/index.php?rest_route=%2Fwp%2Fv2%2Fmedia&parent=10225"}],"wp:term":[{"taxonomy":"category","embeddable":true,"href":"https:\/\/focotocantinense.com.br\/index.php?rest_route=%2Fwp%2Fv2%2Fcategories&post=10225"},{"taxonomy":"post_tag","embeddable":true,"href":"https:\/\/focotocantinense.com.br\/index.php?rest_route=%2Fwp%2Fv2%2Ftags&post=10225"}],"curies":[{"name":"wp","href":"https:\/\/api.w.org\/{rel}","templated":true}]}}