{"id":10219,"date":"2025-05-07T21:21:22","date_gmt":"2025-05-08T00:21:22","guid":{"rendered":"https:\/\/focotocantinense.com.br\/?p=10219"},"modified":"2025-05-07T21:22:51","modified_gmt":"2025-05-08T00:22:51","slug":"projeto-leia-mulheres-negras-chega-ao-colegio-militar-de-gurupi","status":"publish","type":"post","link":"https:\/\/focotocantinense.com.br\/?p=10219","title":{"rendered":"Projeto Leia Mulheres Negras chega ao Col\u00e9gio Militar de Gurupi"},"content":{"rendered":"\n<p>A escritora&nbsp; Ana M\u00e1rcia Barros, esteve nesta quarta-feira (07), no Col\u00e9gio&nbsp; Militar Presidente Costa e Silva, em Gurupi, onde colocou em pr\u00e1tica a segunda edi\u00e7\u00e3o de seu&nbsp;&nbsp;<strong><em>Projeto Leia Mulheres Negras<\/em><\/strong>, que foi contemplado pelo Edital da Pol\u00edtica&nbsp; Aldir Blanc 2024,&nbsp; com recursos do Minist\u00e9rio da Cultura (MinC), operacionalizados pela Secretaria de Cultura do Tocantins (Secult).<\/p>\n\n\n\n<p>Nessa etapa est\u00e1 sendo desenvolvido&nbsp; um trabalho pedag\u00f3gico com&nbsp; os alunos&nbsp; a partir da leitura do livro&nbsp;<strong>Lugar de Fala<\/strong>, da escritora Djamila Ribeiro.<\/p>\n\n\n\n<p><strong>Elabora\u00e7\u00e3o<\/strong><\/p>\n\n\n\n<p>O &#8220;lugar de fala&#8221; \u00e9 um conceito que ganhou destaque no Brasil, especialmente com o trabalho de Djamila Ribeiro. Ele desafia a ideia de que todas as vozes t\u00eam o mesmo peso e que as narrativas s\u00e3o neutras. O &#8220;lugar de fala&#8221; questiona a estrutura social que tende a valorizar a voz de grupos privilegiados, muitas vezes negligenciando as experi\u00eancias de grupos marginalizados.<\/p>\n\n\n\n<figure class=\"wp-block-image size-large is-resized\"><img loading=\"lazy\" decoding=\"async\" width=\"1024\" height=\"768\" src=\"https:\/\/focotocantinense.com.br\/wp-content\/uploads\/2025\/05\/1-Ana-Marcia-foto-Divulgacao-1024x768.jpeg\" alt=\"\" class=\"wp-image-10220\" style=\"width:382px;height:auto\" srcset=\"https:\/\/focotocantinense.com.br\/wp-content\/uploads\/2025\/05\/1-Ana-Marcia-foto-Divulgacao-1024x768.jpeg 1024w, https:\/\/focotocantinense.com.br\/wp-content\/uploads\/2025\/05\/1-Ana-Marcia-foto-Divulgacao-300x225.jpeg 300w, https:\/\/focotocantinense.com.br\/wp-content\/uploads\/2025\/05\/1-Ana-Marcia-foto-Divulgacao-768x576.jpeg 768w, https:\/\/focotocantinense.com.br\/wp-content\/uploads\/2025\/05\/1-Ana-Marcia-foto-Divulgacao-1536x1152.jpeg 1536w, https:\/\/focotocantinense.com.br\/wp-content\/uploads\/2025\/05\/1-Ana-Marcia-foto-Divulgacao.jpeg 1600w\" sizes=\"auto, (max-width: 1024px) 100vw, 1024px\" \/><\/figure>\n\n\n\n<p><\/p>\n\n\n\n<p><strong>Outras vis\u00f5es de mundo<\/strong><\/p>\n\n\n\n<p>Ana M\u00e1rcia Barros entende que&nbsp; a leitura de autores negros, sobretudo desses autores que trazem outras vis\u00f5es de mundo e possibilidades de exist\u00eancia, \u00e9 fundamental para se conhecer a hist\u00f3ria da popula\u00e7\u00e3o negra n\u00e3o por uma perspectiva que muitas vezes coloca a popula\u00e7\u00e3o negra a um lugar subalterno, mas a partir da perspectiva da pr\u00f3pria popula\u00e7\u00e3o negra, falando de sujeitos de resist\u00eancia, sujeitos que elaboraram o mundo, sujeitos que constru\u00edram essa sociedade.<\/p>\n\n\n\n<p>Foram esses os motivos que levaram Ana M\u00e1rcia a trabalhar o incentivo \u00e0 leitura no seio estudantil a partir dessa obra de&nbsp; Djamila Ribeiro.<\/p>\n\n\n\n<figure class=\"wp-block-image is-resized\"><a href=\"https:\/\/blogger.googleusercontent.com\/img\/b\/R29vZ2xl\/AVvXsEgQL-BnFOtA4I-li1YW8Um9djrNuWqGB3P3AxGDoRB32GEgXLkhT1a-_aFL8NjzrZOXUx6MEsZ6EIfd5ijZuqoY2C7n-aA6G7bjhYUjXmnq51o_9XYb61H8duFyYOMG0xL13MOldcssfx47IdF_ZSUBO4iBAJnVhQYHxCf8jjWnxEpVe7dNG2F2FYeD-b4q\/s1600\/2%20%20Ana%20Marcia%20foto%20Divulga%C3%A7ao.jpeg\"><img decoding=\"async\" src=\"https:\/\/blogger.googleusercontent.com\/img\/b\/R29vZ2xl\/AVvXsEgQL-BnFOtA4I-li1YW8Um9djrNuWqGB3P3AxGDoRB32GEgXLkhT1a-_aFL8NjzrZOXUx6MEsZ6EIfd5ijZuqoY2C7n-aA6G7bjhYUjXmnq51o_9XYb61H8duFyYOMG0xL13MOldcssfx47IdF_ZSUBO4iBAJnVhQYHxCf8jjWnxEpVe7dNG2F2FYeD-b4q\/w443-h332\/2%20%20Ana%20Marcia%20foto%20Divulga%C3%A7ao.jpeg\" alt=\"\" style=\"width:840px;height:auto\"\/><\/a><\/figure>\n\n\n\n<p><\/p>\n\n\n\n<p><strong>Perfil<\/strong><\/p>\n\n\n\n<p>Ana M\u00e1rcia Barros&nbsp; \u00e9 poeta, estreou oficialmente no mundo da literatura, em meados de 1998, quando participou da Antologia Liter\u00e1ria Internacional Del&#8217;Secchi, organizada em Vassouras (RJ), por Roberto de Castro Del&#8217;Secch. Nesse mesmo ano, participou da Antologia Mensageiro em Prosa &amp; Verso, publicada em Porto Alegre (RS), pelo editor Arthur Filho. J\u00e1 em 1999, participou do livro 2\u00ba Encontro de Escritores, publicado pela Livraria e Editora Borkc, da cidade ga\u00facha de S\u00e3o Luiz Gonzaga. Tamb\u00e9m nesse mesmo ano, teve trabalhos inseridos no primeiro volume da Antologia Liter\u00e1ria da Universidade do Paran\u00e1 &#8211; Unipar e no Anu\u00e1rio de Poetas e Escritores de Gurupi. \u00c9 verbete no Dicion\u00e1rio Biobibliogr\u00e1fico de Autores Brasileiros Contempor\u00e2neos, publicado em 1997 em Teresina (PI), sob a organiza\u00e7\u00e3o de Adri\u00e3o Neto, da Academia Piauiense de Letras. Tamb\u00e9m se encontra presente no Endere\u00e7\u00e1rio Cultural, publicado em Santa Catarina pelo ativista cultural Abel Pereira. \u00c9 titular da Academia Gurupiense de Letras, onde ocupa a Cadeira de n\u00ba 05. Pertence ainda, a Academia Petropolitana de Poesia Raul de Leoni (RJ), Associa\u00e7\u00e3o de Escritores do Amazonas, Casa do Poeta Belmiro Braga, de Juiz de Fora (MG), Casa do Poeta e do Escritor de Ribeiro Preto (SP) e Sociedade de Cultura Latina do Brasil. Integrou o Col\u00e9gio Eleitoral do Pr\u00eamio Multicultural Estad\u00e3o 2000. \u00c9 autora do livro Caminhos (poesias), publicado em 2000, dentre outros.<\/p>\n\n\n\n<figure class=\"wp-block-image is-resized\"><a href=\"https:\/\/blogger.googleusercontent.com\/img\/b\/R29vZ2xl\/AVvXsEiJAqVrqsBRQi02eYZz2BltLN00X705eij1tp_o_0UJDk2oPVdKcdWEIxLkUNC9UBWB1LGtnjitF2XSZ5WeX0dZGnwMHCMIxVzn0x6ZLuNf-hvR1mzh4sQXhy5XifPoUYJk7PITdXSogE1iunPwvOdMaaZm3C20hu79nS298889FXF9sW4OMPVC-oo_qUDP\/s1584\/Vin%C3%ADcius%20Martins%20-%20%20ESPECIALISTA%20EM%20RISOS.jpeg\"><img decoding=\"async\" src=\"https:\/\/blogger.googleusercontent.com\/img\/b\/R29vZ2xl\/AVvXsEiJAqVrqsBRQi02eYZz2BltLN00X705eij1tp_o_0UJDk2oPVdKcdWEIxLkUNC9UBWB1LGtnjitF2XSZ5WeX0dZGnwMHCMIxVzn0x6ZLuNf-hvR1mzh4sQXhy5XifPoUYJk7PITdXSogE1iunPwvOdMaaZm3C20hu79nS298889FXF9sW4OMPVC-oo_qUDP\/w452-h113\/Vin%C3%ADcius%20Martins%20-%20%20ESPECIALISTA%20EM%20RISOS.jpeg\" alt=\"\" style=\"width:840px;height:auto\"\/><\/a><\/figure>\n","protected":false},"excerpt":{"rendered":"<p>A escritora&nbsp; Ana M\u00e1rcia Barros, esteve nesta quarta-feira (07), no Col\u00e9gio&nbsp; Militar Presidente Costa e Silva, em Gurupi, onde colocou em pr\u00e1tica a segunda edi\u00e7\u00e3o de seu&nbsp;&nbsp;Projeto Leia Mulheres Negras, que foi contemplado pelo Edital da Pol\u00edtica&nbsp; Aldir Blanc 2024,&nbsp; com recursos do Minist\u00e9rio da Cultura (MinC), operacionalizados pela Secretaria de Cultura do Tocantins (Secult). &hellip;<\/p>\n","protected":false},"author":5,"featured_media":10220,"comment_status":"open","ping_status":"open","sticky":false,"template":"","format":"standard","meta":{"footnotes":""},"categories":[1],"tags":[],"class_list":["post-10219","post","type-post","status-publish","format-standard","has-post-thumbnail","","category-sem-categoria"],"_links":{"self":[{"href":"https:\/\/focotocantinense.com.br\/index.php?rest_route=\/wp\/v2\/posts\/10219","targetHints":{"allow":["GET"]}}],"collection":[{"href":"https:\/\/focotocantinense.com.br\/index.php?rest_route=\/wp\/v2\/posts"}],"about":[{"href":"https:\/\/focotocantinense.com.br\/index.php?rest_route=\/wp\/v2\/types\/post"}],"author":[{"embeddable":true,"href":"https:\/\/focotocantinense.com.br\/index.php?rest_route=\/wp\/v2\/users\/5"}],"replies":[{"embeddable":true,"href":"https:\/\/focotocantinense.com.br\/index.php?rest_route=%2Fwp%2Fv2%2Fcomments&post=10219"}],"version-history":[{"count":3,"href":"https:\/\/focotocantinense.com.br\/index.php?rest_route=\/wp\/v2\/posts\/10219\/revisions"}],"predecessor-version":[{"id":10223,"href":"https:\/\/focotocantinense.com.br\/index.php?rest_route=\/wp\/v2\/posts\/10219\/revisions\/10223"}],"wp:featuredmedia":[{"embeddable":true,"href":"https:\/\/focotocantinense.com.br\/index.php?rest_route=\/wp\/v2\/media\/10220"}],"wp:attachment":[{"href":"https:\/\/focotocantinense.com.br\/index.php?rest_route=%2Fwp%2Fv2%2Fmedia&parent=10219"}],"wp:term":[{"taxonomy":"category","embeddable":true,"href":"https:\/\/focotocantinense.com.br\/index.php?rest_route=%2Fwp%2Fv2%2Fcategories&post=10219"},{"taxonomy":"post_tag","embeddable":true,"href":"https:\/\/focotocantinense.com.br\/index.php?rest_route=%2Fwp%2Fv2%2Ftags&post=10219"}],"curies":[{"name":"wp","href":"https:\/\/api.w.org\/{rel}","templated":true}]}}