{"id":10215,"date":"2025-05-07T08:48:45","date_gmt":"2025-05-07T11:48:45","guid":{"rendered":"https:\/\/focotocantinense.com.br\/?p=10215"},"modified":"2025-05-07T08:48:46","modified_gmt":"2025-05-07T11:48:46","slug":"governador-wanderlei-barbosa-prestigia-solenidade-de-entrega-da-nova-frota-de-onibus-coletivos-de-palmas","status":"publish","type":"post","link":"https:\/\/focotocantinense.com.br\/?p=10215","title":{"rendered":"Governador Wanderlei Barbosa prestigia solenidade de entrega da nova frota de \u00f4nibus coletivos de Palmas"},"content":{"rendered":"\n<p><strong>Jarbas Coutinho\/Governo do Tocantins<\/strong><\/p>\n\n\n\n<p><\/p>\n\n\n\n<p>O governador do Tocantins, Wanderlei Barbosa, participou nesta ter\u00e7a-feira, 6, ao lado do prefeito de Palmas, Eduardo Siqueira Campos, no Espa\u00e7o Cultural Jos\u00e9 Gomes Sobrinho, da entrega da nova frota de \u00f4nibus coletivo de Palmas. O objetivo \u00e9 melhorar a mobilidade, seguran\u00e7a e conforto da popula\u00e7\u00e3o que necessita de transporte p\u00fablico na Capital. Ao todo, foram disponibilizados \u00e0 popula\u00e7\u00e3o palmense 154 \u00f4nibus zero-quil\u00f4metro, dos quais 14 ser\u00e3o destinados \u00e0 reserva t\u00e9cnica, al\u00e9m de 10 novas vans. A\u00a0 nova frota come\u00e7a a operar nesta quarta-feira, 7.<\/p>\n\n\n\n<p>\u00a0A\u00a0nova frota come\u00e7a a operar nesta quarta-feira, 7, \u00a0com 154 \u00f4nibus zero-quil\u00f4metro, dos quais 14 ser\u00e3o destinados \u00e0 reserva t\u00e9cnica &#8211;\u00a0<\/p>\n\n\n\n<figure class=\"wp-block-gallery has-nested-images columns-default is-cropped wp-block-gallery-1 is-layout-flex wp-block-gallery-is-layout-flex\">\n<figure class=\"wp-block-image size-large\"><img loading=\"lazy\" decoding=\"async\" width=\"1024\" height=\"585\" data-id=\"10217\" src=\"https:\/\/focotocantinense.com.br\/wp-content\/uploads\/2025\/05\/F7-Gov-WB-Apresentacao-da-nova-frota-do-transporte-coletivo-de-Palmas-Foto-drone-Edes-Pereira-2-1024x585.jpg\" alt=\"\" class=\"wp-image-10217\" srcset=\"https:\/\/focotocantinense.com.br\/wp-content\/uploads\/2025\/05\/F7-Gov-WB-Apresentacao-da-nova-frota-do-transporte-coletivo-de-Palmas-Foto-drone-Edes-Pereira-2-1024x585.jpg 1024w, https:\/\/focotocantinense.com.br\/wp-content\/uploads\/2025\/05\/F7-Gov-WB-Apresentacao-da-nova-frota-do-transporte-coletivo-de-Palmas-Foto-drone-Edes-Pereira-2-300x171.jpg 300w, https:\/\/focotocantinense.com.br\/wp-content\/uploads\/2025\/05\/F7-Gov-WB-Apresentacao-da-nova-frota-do-transporte-coletivo-de-Palmas-Foto-drone-Edes-Pereira-2-768x439.jpg 768w, https:\/\/focotocantinense.com.br\/wp-content\/uploads\/2025\/05\/F7-Gov-WB-Apresentacao-da-nova-frota-do-transporte-coletivo-de-Palmas-Foto-drone-Edes-Pereira-2-1536x878.jpg 1536w, https:\/\/focotocantinense.com.br\/wp-content\/uploads\/2025\/05\/F7-Gov-WB-Apresentacao-da-nova-frota-do-transporte-coletivo-de-Palmas-Foto-drone-Edes-Pereira-2-2048x1170.jpg 2048w\" sizes=\"auto, (max-width: 1024px) 100vw, 1024px\" \/><figcaption class=\"wp-element-caption\">default<\/figcaption><\/figure>\n<\/figure>\n\n\n\n<p><strong>Cr\u00e9dito<\/strong>:\u00a0Edes Pereira\/Governo do Tocantins<\/p>\n\n\n\n<p><\/p>\n\n\n\n<p>Durante a solenidade, em que foi assinada a ordem para a opera\u00e7\u00e3o da frota, o governador Wanderlei Barbosa enfatizou que a renova\u00e7\u00e3o representa a melhoria do transporte p\u00fablico, com um servi\u00e7o muito mais eficiente e confort\u00e1vel, contribuindo para o desenvolvimento econ\u00f4mico e social e na qualidade de vida do cidad\u00e3o palmense. \u201cA melhoria ser\u00e1 significativa na oferta desse servi\u00e7o. \u00c9 o locomover das pessoas, seja para o trabalho ou compras, para aqueles que n\u00e3o possuem um ve\u00edculo pr\u00f3prio e necessitam dessa ferramenta com qualidade e seguran\u00e7a. O transporte p\u00fablico de qualidade representa seguran\u00e7a, conforto e cidadania para a popula\u00e7\u00e3o\u201d, pontuou.&nbsp;<\/p>\n\n\n\n<p>Por sua vez, o prefeito Eduardo Siqueira Campos agradeceu a presen\u00e7a do governador Wanderlei Barbosa e destacou a parceria com o Governo do Tocantins, que tem resultado em benef\u00edcio para a popula\u00e7\u00e3o palmense. \u201cAgrade\u00e7o ao governador Wanderlei pela parceria que estabelecemos em prol do povo de Palmas e quero dizer que a realidade que vivenciamos anteriormente, no que diz respeito ao transporte coletivo, n\u00e3o casava com a imagem de uma capital planejada, com \u00f4nibus que n\u00e3o estavam a altura da nossa popula\u00e7\u00e3o\u201d, avaliou o prefeito.<\/p>\n\n\n\n<p>A nova frota de \u00f4nibus pertence ao Grupo SOU Transportes, que atua no setor h\u00e1 mais de 70 anos, como enfatizou o presidente da empresa, Marco Chedid. \u201cSomos um grupo com uma gest\u00e3o s\u00f3lida, inova\u00e7\u00e3o constante e forte compromisso com a qualidade na presta\u00e7\u00e3o de servi\u00e7o. Defendemos a dignidade do trabalhador, porque entendemos que a popula\u00e7\u00e3o da cidade com melhor transporte coletivo \u00e9 muito mais feliz\u201d, frisou o empres\u00e1rio, que na ocasi\u00e3o presenteou o governador com um cart\u00e3o de transporte.<\/p>\n\n\n\n<p>Com a renova\u00e7\u00e3o do sistema de transporte p\u00fablico, Palmas se tornar\u00e1 a \u00fanica capital do Pa\u00eds a operar integralmente com uma frota 100% zero-quil\u00f4metro. Todos os ve\u00edculos s\u00e3o equipados com ar-condicionado, Wi-Fi, c\u00e2meras de seguran\u00e7a, tomadas USB e rampas de acessibilidade.<\/p>\n\n\n\n<p>Em sua fala, o presidente da C\u00e2mara de Vereadores de Palmas, vereador Marilon Barbosa, destacou os ganhos da popula\u00e7\u00e3o com a nova frota de \u00f4nibus. \u201cOs pais e as m\u00e3es de fam\u00edlia agradecem por esse momento. A partir desta quarta-feira [7] os trabalhadores palmenses passam a viver uma nova realidade no transporte p\u00fablico da capital\u201d, refor\u00e7ou.&nbsp;<\/p>\n","protected":false},"excerpt":{"rendered":"<p>Jarbas Coutinho\/Governo do Tocantins O governador do Tocantins, Wanderlei Barbosa, participou nesta ter\u00e7a-feira, 6, ao lado do prefeito de Palmas, Eduardo Siqueira Campos, no Espa\u00e7o Cultural Jos\u00e9 Gomes Sobrinho, da entrega da nova frota de \u00f4nibus coletivo de Palmas. O objetivo \u00e9 melhorar a mobilidade, seguran\u00e7a e conforto da popula\u00e7\u00e3o que necessita de transporte p\u00fablico &hellip;<\/p>\n","protected":false},"author":5,"featured_media":10216,"comment_status":"open","ping_status":"open","sticky":false,"template":"","format":"standard","meta":{"footnotes":""},"categories":[1],"tags":[],"class_list":["post-10215","post","type-post","status-publish","format-standard","has-post-thumbnail","","category-sem-categoria"],"_links":{"self":[{"href":"https:\/\/focotocantinense.com.br\/index.php?rest_route=\/wp\/v2\/posts\/10215","targetHints":{"allow":["GET"]}}],"collection":[{"href":"https:\/\/focotocantinense.com.br\/index.php?rest_route=\/wp\/v2\/posts"}],"about":[{"href":"https:\/\/focotocantinense.com.br\/index.php?rest_route=\/wp\/v2\/types\/post"}],"author":[{"embeddable":true,"href":"https:\/\/focotocantinense.com.br\/index.php?rest_route=\/wp\/v2\/users\/5"}],"replies":[{"embeddable":true,"href":"https:\/\/focotocantinense.com.br\/index.php?rest_route=%2Fwp%2Fv2%2Fcomments&post=10215"}],"version-history":[{"count":1,"href":"https:\/\/focotocantinense.com.br\/index.php?rest_route=\/wp\/v2\/posts\/10215\/revisions"}],"predecessor-version":[{"id":10218,"href":"https:\/\/focotocantinense.com.br\/index.php?rest_route=\/wp\/v2\/posts\/10215\/revisions\/10218"}],"wp:featuredmedia":[{"embeddable":true,"href":"https:\/\/focotocantinense.com.br\/index.php?rest_route=\/wp\/v2\/media\/10216"}],"wp:attachment":[{"href":"https:\/\/focotocantinense.com.br\/index.php?rest_route=%2Fwp%2Fv2%2Fmedia&parent=10215"}],"wp:term":[{"taxonomy":"category","embeddable":true,"href":"https:\/\/focotocantinense.com.br\/index.php?rest_route=%2Fwp%2Fv2%2Fcategories&post=10215"},{"taxonomy":"post_tag","embeddable":true,"href":"https:\/\/focotocantinense.com.br\/index.php?rest_route=%2Fwp%2Fv2%2Ftags&post=10215"}],"curies":[{"name":"wp","href":"https:\/\/api.w.org\/{rel}","templated":true}]}}