{"id":10205,"date":"2025-05-06T20:25:06","date_gmt":"2025-05-06T23:25:06","guid":{"rendered":"https:\/\/focotocantinense.com.br\/?p=10205"},"modified":"2025-05-06T20:25:27","modified_gmt":"2025-05-06T23:25:27","slug":"feirao-do-imposto-2025-ajje-promove-acoes-em-maio-com-previsao-do-dia-d","status":"publish","type":"post","link":"https:\/\/focotocantinense.com.br\/?p=10205","title":{"rendered":"Feir\u00e3o do Imposto 2025: AJJE promove a\u00e7\u00f5es em maio com previs\u00e3o do Dia D"},"content":{"rendered":"\n<p>Maio \u00e9 o m\u00eas do Feir\u00e3o do Imposto, uma iniciativa nacional da Confedera\u00e7\u00e3o Nacional de Jovens Empres\u00e1rios (Conaje), realizada no Tocantins pela Associa\u00e7\u00e3o de Jovens Empres\u00e1rios e Empreendedores do Tocantins (AJEE\/TO), para evidenciar os valores que seriam pagos em produtos e servi\u00e7os sem os tributos. As a\u00e7\u00f5es v\u00e3o de 1\u00ba a&nbsp;<strong>31 de maio<\/strong>, quando ser\u00e1 realizado o&nbsp;<strong>Dia D do Feir\u00e3o<\/strong>, com descontos para consumidores nos estabelecimentos parceiros.<\/p>\n\n\n\n<p>Com o tema &#8220;Menos siglas, mais impostos? No final a conta \u00e9 sua&#8221;&nbsp;a campanha busca provocar uma reflex\u00e3o na sociedade quanto a Reforma Tribut\u00e1ria, em fase de regulamenta\u00e7\u00e3o pelo Governo Federal e seus impactos nas empresas e consequentemente para a sociedade.<\/p>\n\n\n\n<figure class=\"wp-block-image size-large is-resized\"><img loading=\"lazy\" decoding=\"async\" width=\"1024\" height=\"754\" src=\"https:\/\/focotocantinense.com.br\/wp-content\/uploads\/2025\/05\/Ajee_TO-1024x754.jpeg\" alt=\"\" class=\"wp-image-10206\" style=\"width:386px;height:auto\" srcset=\"https:\/\/focotocantinense.com.br\/wp-content\/uploads\/2025\/05\/Ajee_TO-1024x754.jpeg 1024w, https:\/\/focotocantinense.com.br\/wp-content\/uploads\/2025\/05\/Ajee_TO-300x221.jpeg 300w, https:\/\/focotocantinense.com.br\/wp-content\/uploads\/2025\/05\/Ajee_TO-768x566.jpeg 768w, https:\/\/focotocantinense.com.br\/wp-content\/uploads\/2025\/05\/Ajee_TO.jpeg 1284w\" sizes=\"auto, (max-width: 1024px) 100vw, 1024px\" \/><\/figure>\n\n\n\n<p>O impacto da Reforma Tribut\u00e1ria atinge toda a cadeia econ\u00f4mica produtiva do pa\u00eds, do micro empreendedor ao dono da grande empresa, especialmente o consumidor. O que a AJEE pretende para o Feir\u00e3o do Imposto deste ano \u00e9 fortalecer o debate em torno das mudan\u00e7as, promover o associativismo e conscientizar as pessoas sobre o que, de fato, elas est\u00e3o pagando&#8221;, afirma o presidente da AJEE, Andr\u00e9 Luiz.<\/p>\n\n\n\n<figure class=\"wp-block-image size-large\"><img loading=\"lazy\" decoding=\"async\" width=\"1024\" height=\"256\" src=\"https:\/\/focotocantinense.com.br\/wp-content\/uploads\/2025\/05\/Vinicius-Martins-ESPECIALISTA-EM-RISOS-1-1024x256.jpeg\" alt=\"\" class=\"wp-image-10183\" srcset=\"https:\/\/focotocantinense.com.br\/wp-content\/uploads\/2025\/05\/Vinicius-Martins-ESPECIALISTA-EM-RISOS-1-1024x256.jpeg 1024w, https:\/\/focotocantinense.com.br\/wp-content\/uploads\/2025\/05\/Vinicius-Martins-ESPECIALISTA-EM-RISOS-1-300x75.jpeg 300w, https:\/\/focotocantinense.com.br\/wp-content\/uploads\/2025\/05\/Vinicius-Martins-ESPECIALISTA-EM-RISOS-1-768x192.jpeg 768w, https:\/\/focotocantinense.com.br\/wp-content\/uploads\/2025\/05\/Vinicius-Martins-ESPECIALISTA-EM-RISOS-1-1536x384.jpeg 1536w, https:\/\/focotocantinense.com.br\/wp-content\/uploads\/2025\/05\/Vinicius-Martins-ESPECIALISTA-EM-RISOS-1.jpeg 1584w\" sizes=\"auto, (max-width: 1024px) 100vw, 1024px\" \/><\/figure>\n","protected":false},"excerpt":{"rendered":"<p>Maio \u00e9 o m\u00eas do Feir\u00e3o do Imposto, uma iniciativa nacional da Confedera\u00e7\u00e3o Nacional de Jovens Empres\u00e1rios (Conaje), realizada no Tocantins pela Associa\u00e7\u00e3o de Jovens Empres\u00e1rios e Empreendedores do Tocantins (AJEE\/TO), para evidenciar os valores que seriam pagos em produtos e servi\u00e7os sem os tributos. As a\u00e7\u00f5es v\u00e3o de 1\u00ba a&nbsp;31 de maio, quando ser\u00e1 &hellip;<\/p>\n","protected":false},"author":5,"featured_media":10206,"comment_status":"open","ping_status":"open","sticky":false,"template":"","format":"standard","meta":{"footnotes":""},"categories":[39],"tags":[],"class_list":["post-10205","post","type-post","status-publish","format-standard","has-post-thumbnail","","category-estado"],"_links":{"self":[{"href":"https:\/\/focotocantinense.com.br\/index.php?rest_route=\/wp\/v2\/posts\/10205","targetHints":{"allow":["GET"]}}],"collection":[{"href":"https:\/\/focotocantinense.com.br\/index.php?rest_route=\/wp\/v2\/posts"}],"about":[{"href":"https:\/\/focotocantinense.com.br\/index.php?rest_route=\/wp\/v2\/types\/post"}],"author":[{"embeddable":true,"href":"https:\/\/focotocantinense.com.br\/index.php?rest_route=\/wp\/v2\/users\/5"}],"replies":[{"embeddable":true,"href":"https:\/\/focotocantinense.com.br\/index.php?rest_route=%2Fwp%2Fv2%2Fcomments&post=10205"}],"version-history":[{"count":2,"href":"https:\/\/focotocantinense.com.br\/index.php?rest_route=\/wp\/v2\/posts\/10205\/revisions"}],"predecessor-version":[{"id":10208,"href":"https:\/\/focotocantinense.com.br\/index.php?rest_route=\/wp\/v2\/posts\/10205\/revisions\/10208"}],"wp:featuredmedia":[{"embeddable":true,"href":"https:\/\/focotocantinense.com.br\/index.php?rest_route=\/wp\/v2\/media\/10206"}],"wp:attachment":[{"href":"https:\/\/focotocantinense.com.br\/index.php?rest_route=%2Fwp%2Fv2%2Fmedia&parent=10205"}],"wp:term":[{"taxonomy":"category","embeddable":true,"href":"https:\/\/focotocantinense.com.br\/index.php?rest_route=%2Fwp%2Fv2%2Fcategories&post=10205"},{"taxonomy":"post_tag","embeddable":true,"href":"https:\/\/focotocantinense.com.br\/index.php?rest_route=%2Fwp%2Fv2%2Ftags&post=10205"}],"curies":[{"name":"wp","href":"https:\/\/api.w.org\/{rel}","templated":true}]}}