{"id":10200,"date":"2025-05-05T20:28:20","date_gmt":"2025-05-05T23:28:20","guid":{"rendered":"https:\/\/focotocantinense.com.br\/?p=10200"},"modified":"2025-05-05T20:29:11","modified_gmt":"2025-05-05T23:29:11","slug":"prefeitura-de-gurupi-inicia-campanha-de-resgate-da-vacinacao-contra-o-hpv-para-jovens-de-15-a-19-anos","status":"publish","type":"post","link":"https:\/\/focotocantinense.com.br\/?p=10200","title":{"rendered":"Prefeitura de Gurupi inicia campanha de resgate da vacina\u00e7\u00e3o contra o HPV para jovens de 15 a 19 anos"},"content":{"rendered":"\n<p>A Secretaria Municipal de Sa\u00fade de Gurupi (Semus) inicia, nesta segunda-feira (5), a campanha de resgate vacinal contra o HPV voltada para adolescentes e jovens de 15 a 19 anos que ainda n\u00e3o foram vacinados. A mobiliza\u00e7\u00e3o segue at\u00e9 o dia 30 de junho e a vacina estar\u00e1 dispon\u00edvel em todas as Unidades de Sa\u00fade da cidade.<\/p>\n\n\n\n<p>Apesar de a vacina contra o HPV ser indicada, de forma regular, para meninas e meninos de 9 a 14 anos, o Minist\u00e9rio da Sa\u00fade est\u00e1 promovendo uma busca ativa de n\u00e3o vacinados, como estrat\u00e9gia para ampliar a cobertura vacinal e proteger esse p\u00fablico contra os riscos causados pelo Papilomav\u00edrus Humano.<\/p>\n\n\n\n<p>Em Gurupi, os dados apontam que 795 meninas e 2.127 meninos n\u00e3o receberam a vacina na faixa et\u00e1ria indicada pelo MS. A meta da campanha \u00e9 alcan\u00e7ar 90% de cobertura vacinal dentro dessa faixa et\u00e1ria ampliada.<\/p>\n\n\n\n<figure class=\"wp-block-image size-full is-resized\"><img loading=\"lazy\" decoding=\"async\" width=\"800\" height=\"445\" src=\"https:\/\/focotocantinense.com.br\/wp-content\/uploads\/2025\/05\/1751231-800x445-1.jpg\" alt=\"\" class=\"wp-image-10201\" style=\"width:377px;height:auto\" srcset=\"https:\/\/focotocantinense.com.br\/wp-content\/uploads\/2025\/05\/1751231-800x445-1.jpg 800w, https:\/\/focotocantinense.com.br\/wp-content\/uploads\/2025\/05\/1751231-800x445-1-300x167.jpg 300w, https:\/\/focotocantinense.com.br\/wp-content\/uploads\/2025\/05\/1751231-800x445-1-768x427.jpg 768w\" sizes=\"auto, (max-width: 800px) 100vw, 800px\" \/><\/figure>\n\n\n\n<p><\/p>\n\n\n\n<p><strong>Preven\u00e7\u00e3o contra c\u00e2nceres&nbsp;<\/strong><\/p>\n\n\n\n<p>A coordenadora de Imuniza\u00e7\u00e3o de Gurupi, Nara Noleto, ressaltou que a ades\u00e3o da comunidade \u00e9 fundamental para a sa\u00fade coletiva. \u201cA vacina contra o HPV \u00e9 segura, eficaz e uma grande aliada na preven\u00e7\u00e3o de v\u00e1rios tipos de c\u00e2ncer. Com esta campanha, queremos proteger os jovens que, por algum motivo, n\u00e3o conseguiram se vacinar na faixa et\u00e1ria recomendada. \u00c9 fundamental que os pais e respons\u00e1veis incentivem seus filhos a se vacinarem\u201d, afirmou.<\/p>\n\n\n\n<p>A imuniza\u00e7\u00e3o contra o HPV \u00e9 essencial para prevenir diversos tipos de c\u00e2nceres, como o de colo do \u00fatero, p\u00eanis, \u00e2nus, orofaringe, al\u00e9m das verrugas genitais. Quanto mais cedo ocorre a vacina\u00e7\u00e3o, melhor \u00e9 a resposta do organismo e maior a prote\u00e7\u00e3o futura.<\/p>\n\n\n\n<p>A secret\u00e1ria municipal de Sa\u00fade, Luana Nunes, que tamb\u00e9m \u00e9 m\u00e9dica, alertou para os riscos da infec\u00e7\u00e3o. \u201cO HPV \u00e9 uma Infec\u00e7\u00e3o Sexualmente Transmiss\u00edvel silenciosa, ou seja, muitas vezes n\u00e3o apresenta sintomas, mas pode evoluir para complica\u00e7\u00f5es graves, como o c\u00e2ncer de colo do \u00fatero. Por isso, a preven\u00e7\u00e3o \u00e9 fundamental, especialmente por meio da vacina\u00e7\u00e3o de meninas e meninos na faixa et\u00e1ria indicada\u201d, enfatizou.<\/p>\n\n\n\n<p>A vacina est\u00e1 dispon\u00edvel gratuitamente nas Unidades B\u00e1sicas de Sa\u00fade, de segunda a sexta-feira, durante o hor\u00e1rio de atendimento.<\/p>\n\n\n\n<figure class=\"wp-block-image size-large\"><img loading=\"lazy\" decoding=\"async\" width=\"1024\" height=\"256\" src=\"https:\/\/focotocantinense.com.br\/wp-content\/uploads\/2025\/05\/Vinicius-Martins-ESPECIALISTA-EM-RISOS-1-1024x256.jpeg\" alt=\"\" class=\"wp-image-10183\" srcset=\"https:\/\/focotocantinense.com.br\/wp-content\/uploads\/2025\/05\/Vinicius-Martins-ESPECIALISTA-EM-RISOS-1-1024x256.jpeg 1024w, https:\/\/focotocantinense.com.br\/wp-content\/uploads\/2025\/05\/Vinicius-Martins-ESPECIALISTA-EM-RISOS-1-300x75.jpeg 300w, https:\/\/focotocantinense.com.br\/wp-content\/uploads\/2025\/05\/Vinicius-Martins-ESPECIALISTA-EM-RISOS-1-768x192.jpeg 768w, https:\/\/focotocantinense.com.br\/wp-content\/uploads\/2025\/05\/Vinicius-Martins-ESPECIALISTA-EM-RISOS-1-1536x384.jpeg 1536w, https:\/\/focotocantinense.com.br\/wp-content\/uploads\/2025\/05\/Vinicius-Martins-ESPECIALISTA-EM-RISOS-1.jpeg 1584w\" sizes=\"auto, (max-width: 1024px) 100vw, 1024px\" \/><\/figure>\n","protected":false},"excerpt":{"rendered":"<p>A Secretaria Municipal de Sa\u00fade de Gurupi (Semus) inicia, nesta segunda-feira (5), a campanha de resgate vacinal contra o HPV voltada para adolescentes e jovens de 15 a 19 anos que ainda n\u00e3o foram vacinados. A mobiliza\u00e7\u00e3o segue at\u00e9 o dia 30 de junho e a vacina estar\u00e1 dispon\u00edvel em todas as Unidades de Sa\u00fade &hellip;<\/p>\n","protected":false},"author":5,"featured_media":10201,"comment_status":"open","ping_status":"open","sticky":false,"template":"","format":"standard","meta":{"footnotes":""},"categories":[38],"tags":[],"class_list":["post-10200","post","type-post","status-publish","format-standard","has-post-thumbnail","","category-gurupi"],"_links":{"self":[{"href":"https:\/\/focotocantinense.com.br\/index.php?rest_route=\/wp\/v2\/posts\/10200","targetHints":{"allow":["GET"]}}],"collection":[{"href":"https:\/\/focotocantinense.com.br\/index.php?rest_route=\/wp\/v2\/posts"}],"about":[{"href":"https:\/\/focotocantinense.com.br\/index.php?rest_route=\/wp\/v2\/types\/post"}],"author":[{"embeddable":true,"href":"https:\/\/focotocantinense.com.br\/index.php?rest_route=\/wp\/v2\/users\/5"}],"replies":[{"embeddable":true,"href":"https:\/\/focotocantinense.com.br\/index.php?rest_route=%2Fwp%2Fv2%2Fcomments&post=10200"}],"version-history":[{"count":3,"href":"https:\/\/focotocantinense.com.br\/index.php?rest_route=\/wp\/v2\/posts\/10200\/revisions"}],"predecessor-version":[{"id":10204,"href":"https:\/\/focotocantinense.com.br\/index.php?rest_route=\/wp\/v2\/posts\/10200\/revisions\/10204"}],"wp:featuredmedia":[{"embeddable":true,"href":"https:\/\/focotocantinense.com.br\/index.php?rest_route=\/wp\/v2\/media\/10201"}],"wp:attachment":[{"href":"https:\/\/focotocantinense.com.br\/index.php?rest_route=%2Fwp%2Fv2%2Fmedia&parent=10200"}],"wp:term":[{"taxonomy":"category","embeddable":true,"href":"https:\/\/focotocantinense.com.br\/index.php?rest_route=%2Fwp%2Fv2%2Fcategories&post=10200"},{"taxonomy":"post_tag","embeddable":true,"href":"https:\/\/focotocantinense.com.br\/index.php?rest_route=%2Fwp%2Fv2%2Ftags&post=10200"}],"curies":[{"name":"wp","href":"https:\/\/api.w.org\/{rel}","templated":true}]}}