{"id":10194,"date":"2025-05-05T20:14:53","date_gmt":"2025-05-05T23:14:53","guid":{"rendered":"https:\/\/focotocantinense.com.br\/?p=10194"},"modified":"2025-05-05T20:26:37","modified_gmt":"2025-05-05T23:26:37","slug":"governador-wanderlei-barbosa-assina-ordem-de-servico-para-construcao-do-novo-hospital-da-mulher-e-maternidade-estadual-nesta-terca-6","status":"publish","type":"post","link":"https:\/\/focotocantinense.com.br\/?p=10194","title":{"rendered":"Governador Wanderlei Barbosa assina Ordem de Servi\u00e7o para constru\u00e7\u00e3o do novo Hospital da Mulher e Maternidade Estadual nesta ter\u00e7a, 6"},"content":{"rendered":"\n<p>O governador do Tocantins, Wanderlei Barbosa, assina nesta ter\u00e7a-feira, 6, a partir das 9h30, a Ordem de Servi\u00e7o que autoriza o in\u00edcio das obras do novo Hospital da Mulher e Maternidade Estadual. A solenidade, que ocorrer\u00e1 na v\u00e9spera do Dia das M\u00e3es, ser\u00e1 realizada no terreno onde a unidade ser\u00e1 constru\u00edda, localizada na Quadra 1.301 Sul (ACSU-SE 130), em Palmas.<\/p>\n\n\n\n<p>O governador Wanderlei Barbosa destaca que esse \u00e9 um passo hist\u00f3rico na sa\u00fade do Tocantins. \u201cO in\u00edcio desta obra representa o nosso compromisso com o cuidado, o acolhimento e a valoriza\u00e7\u00e3o da sa\u00fade da mulher e de toda a popula\u00e7\u00e3o tocantinense\u201d, afirma.<\/p>\n\n\n\n<figure class=\"wp-block-image size-full is-resized\"><img loading=\"lazy\" decoding=\"async\" width=\"883\" height=\"546\" src=\"https:\/\/focotocantinense.com.br\/wp-content\/uploads\/2025\/05\/aaaaaaaaaaaaaaaaaaaaa.jpeg\" alt=\"\" class=\"wp-image-10195\" style=\"width:390px;height:auto\" srcset=\"https:\/\/focotocantinense.com.br\/wp-content\/uploads\/2025\/05\/aaaaaaaaaaaaaaaaaaaaa.jpeg 883w, https:\/\/focotocantinense.com.br\/wp-content\/uploads\/2025\/05\/aaaaaaaaaaaaaaaaaaaaa-300x186.jpeg 300w, https:\/\/focotocantinense.com.br\/wp-content\/uploads\/2025\/05\/aaaaaaaaaaaaaaaaaaaaa-768x475.jpeg 768w\" sizes=\"auto, (max-width: 883px) 100vw, 883px\" \/><\/figure>\n\n\n\n<p><strong><em>Com investimento de quase R$ 300 milh\u00f5es, governador Wanderlei Barbosa assina Ordem de Servi\u00e7o para constru\u00e7\u00e3o do novo Hospital da Mulher e Maternidade Estadual &#8211; Foto: Esequias Ara\u00fajo\/Governo do Tocantins<\/em><\/strong><\/p>\n\n\n\n<p>Com investimento de R$ 299 milh\u00f5es para implanta\u00e7\u00e3o, o novo hospital ser\u00e1 viabilizado por meio da primeira Parceria P\u00fablico-Privada (PPP) do Governo do Tocantins para a sa\u00fade e substituir\u00e1 o Hospital e Maternidade Dona Regina. A unidade ir\u00e1 ocupar um terreno de 25 mil m\u00b2, oferecendo servi\u00e7os totalmente p\u00fablicos e gratuitos nas \u00e1reas de ginecologia, obstetr\u00edcia e aten\u00e7\u00e3o neonatal.<\/p>\n\n\n\n<p><strong>Parceria P\u00fablico-Privada (PPP) &nbsp;<\/strong><\/p>\n\n\n\n<p>O projeto de PPP \u00e9 resultado do trabalho conjunto da Secretaria de Parcerias e Investimentos (SPI\/TO), da Secretaria de Estado da Sa\u00fade (SES\/TO), da Companhia Imobili\u00e1ria de Participa\u00e7\u00f5es, Investimentos e Parcerias (Tocantins Parcerias) e da Funda\u00e7\u00e3o Ezute.<\/p>\n\n\n\n<p><\/p>\n\n\n\n<figure class=\"wp-block-image size-large\"><img loading=\"lazy\" decoding=\"async\" width=\"1024\" height=\"256\" src=\"https:\/\/focotocantinense.com.br\/wp-content\/uploads\/2025\/05\/Vinicius-Martins-ESPECIALISTA-EM-RISOS-1-1024x256.jpeg\" alt=\"\" class=\"wp-image-10183\" srcset=\"https:\/\/focotocantinense.com.br\/wp-content\/uploads\/2025\/05\/Vinicius-Martins-ESPECIALISTA-EM-RISOS-1-1024x256.jpeg 1024w, https:\/\/focotocantinense.com.br\/wp-content\/uploads\/2025\/05\/Vinicius-Martins-ESPECIALISTA-EM-RISOS-1-300x75.jpeg 300w, https:\/\/focotocantinense.com.br\/wp-content\/uploads\/2025\/05\/Vinicius-Martins-ESPECIALISTA-EM-RISOS-1-768x192.jpeg 768w, https:\/\/focotocantinense.com.br\/wp-content\/uploads\/2025\/05\/Vinicius-Martins-ESPECIALISTA-EM-RISOS-1-1536x384.jpeg 1536w, https:\/\/focotocantinense.com.br\/wp-content\/uploads\/2025\/05\/Vinicius-Martins-ESPECIALISTA-EM-RISOS-1.jpeg 1584w\" sizes=\"auto, (max-width: 1024px) 100vw, 1024px\" \/><\/figure>\n","protected":false},"excerpt":{"rendered":"<p>O governador do Tocantins, Wanderlei Barbosa, assina nesta ter\u00e7a-feira, 6, a partir das 9h30, a Ordem de Servi\u00e7o que autoriza o in\u00edcio das obras do novo Hospital da Mulher e Maternidade Estadual. A solenidade, que ocorrer\u00e1 na v\u00e9spera do Dia das M\u00e3es, ser\u00e1 realizada no terreno onde a unidade ser\u00e1 constru\u00edda, localizada na Quadra 1.301 &hellip;<\/p>\n","protected":false},"author":5,"featured_media":10195,"comment_status":"open","ping_status":"open","sticky":false,"template":"","format":"standard","meta":{"footnotes":""},"categories":[40],"tags":[],"class_list":["post-10194","post","type-post","status-publish","format-standard","has-post-thumbnail","","category-politica"],"_links":{"self":[{"href":"https:\/\/focotocantinense.com.br\/index.php?rest_route=\/wp\/v2\/posts\/10194","targetHints":{"allow":["GET"]}}],"collection":[{"href":"https:\/\/focotocantinense.com.br\/index.php?rest_route=\/wp\/v2\/posts"}],"about":[{"href":"https:\/\/focotocantinense.com.br\/index.php?rest_route=\/wp\/v2\/types\/post"}],"author":[{"embeddable":true,"href":"https:\/\/focotocantinense.com.br\/index.php?rest_route=\/wp\/v2\/users\/5"}],"replies":[{"embeddable":true,"href":"https:\/\/focotocantinense.com.br\/index.php?rest_route=%2Fwp%2Fv2%2Fcomments&post=10194"}],"version-history":[{"count":3,"href":"https:\/\/focotocantinense.com.br\/index.php?rest_route=\/wp\/v2\/posts\/10194\/revisions"}],"predecessor-version":[{"id":10199,"href":"https:\/\/focotocantinense.com.br\/index.php?rest_route=\/wp\/v2\/posts\/10194\/revisions\/10199"}],"wp:featuredmedia":[{"embeddable":true,"href":"https:\/\/focotocantinense.com.br\/index.php?rest_route=\/wp\/v2\/media\/10195"}],"wp:attachment":[{"href":"https:\/\/focotocantinense.com.br\/index.php?rest_route=%2Fwp%2Fv2%2Fmedia&parent=10194"}],"wp:term":[{"taxonomy":"category","embeddable":true,"href":"https:\/\/focotocantinense.com.br\/index.php?rest_route=%2Fwp%2Fv2%2Fcategories&post=10194"},{"taxonomy":"post_tag","embeddable":true,"href":"https:\/\/focotocantinense.com.br\/index.php?rest_route=%2Fwp%2Fv2%2Ftags&post=10194"}],"curies":[{"name":"wp","href":"https:\/\/api.w.org\/{rel}","templated":true}]}}