{"id":10190,"date":"2025-05-05T20:04:22","date_gmt":"2025-05-05T23:04:22","guid":{"rendered":"https:\/\/focotocantinense.com.br\/?p=10190"},"modified":"2025-05-05T20:04:58","modified_gmt":"2025-05-05T23:04:58","slug":"aleto-realiza-3a-edicao-da-semana-de-arte-cultura-e-empreendedorismo","status":"publish","type":"post","link":"https:\/\/focotocantinense.com.br\/?p=10190","title":{"rendered":"Aleto realiza 3\u00aa edi\u00e7\u00e3o da Semana de Arte, Cultura e Empreendedorismo"},"content":{"rendered":"\n<p>Com objetivo de fomentar a economia criativa e talentos regionais, a Assembleia Legislativa do Tocantins (Aleto) realiza de 6 a 8 de maio, das 8 \u00e0s 17 horas, a 3\u00aa edi\u00e7\u00e3o da Semana de Arte, Cultura e Empreendedorismo. A iniciativa, proposta pela deputada estadual Professora Janad Valcari (PL), visa o di\u00e1logo entre arte, cultura e inova\u00e7\u00e3o, sendo gratuita e aberta ao p\u00fablico. As atividades acontecer\u00e3o no hall de entrada da Casa.&nbsp;<\/p>\n\n\n\n<p>Durante os tr\u00eas dias, o evento contar\u00e1 com exposi\u00e7\u00f5es art\u00edsticas, apresenta\u00e7\u00f5es musicais, feira de livros e artesanato, al\u00e9m da presen\u00e7a de convidados especiais que atuam nas \u00e1reas da cultura e do empreendedorismo no estado. A proposta \u00e9 fortalecer o cen\u00e1rio criativo tocantinense, incentivar a gera\u00e7\u00e3o de renda e destacar o protagonismo de artistas, produtores e pequenos empreendedores locais.<\/p>\n\n\n\n<figure class=\"wp-block-image size-large is-resized\"><img loading=\"lazy\" decoding=\"async\" width=\"1024\" height=\"640\" src=\"https:\/\/focotocantinense.com.br\/wp-content\/uploads\/2025\/05\/a3e84283d5e1f84954f4b20f760d7643-1024x640.jpeg\" alt=\"\" class=\"wp-image-10191\" style=\"width:360px;height:auto\" srcset=\"https:\/\/focotocantinense.com.br\/wp-content\/uploads\/2025\/05\/a3e84283d5e1f84954f4b20f760d7643-1024x640.jpeg 1024w, https:\/\/focotocantinense.com.br\/wp-content\/uploads\/2025\/05\/a3e84283d5e1f84954f4b20f760d7643-300x187.jpeg 300w, https:\/\/focotocantinense.com.br\/wp-content\/uploads\/2025\/05\/a3e84283d5e1f84954f4b20f760d7643-768x480.jpeg 768w, https:\/\/focotocantinense.com.br\/wp-content\/uploads\/2025\/05\/a3e84283d5e1f84954f4b20f760d7643.jpeg 1130w\" sizes=\"auto, (max-width: 1024px) 100vw, 1024px\" \/><\/figure>\n\n\n\n<p><\/p>\n\n\n\n<p><strong>Programa\u00e7\u00e3o completa:<\/strong><\/p>\n\n\n\n<p><strong>Ter\u00e7a-feira (06\/05):<\/strong><\/p>\n\n\n\n<p>8h | Abertura oficial com fala das autoridades e convidados<\/p>\n\n\n\n<p>9h30 | Apresenta\u00e7\u00e3o de dan\u00e7a urbana (Gueto)<\/p>\n\n\n\n<p>10h | Apresenta\u00e7\u00e3o de ballet (Academia Tchibum)<\/p>\n\n\n\n<p>10h30 | Apresenta\u00e7\u00e3o de dan\u00e7a junina (Noivos da Junina Encanto Luar)<\/p>\n\n\n\n<p>11h | Apresenta\u00e7\u00e3o musical (Tim Moraes e Natan Rius)<\/p>\n\n\n\n<p>12h \u00e0s 17h | Exposi\u00e7\u00e3o e venda dos produtos<\/p>\n\n\n\n<p><strong>Quarta-feira (07\/05):<\/strong><\/p>\n\n\n\n<p>8h | In\u00edcio das atividades<\/p>\n\n\n\n<p>9h | Exposi\u00e7\u00e3o de livros regionais<\/p>\n\n\n\n<p>10h \u00e0s 12h | Apresenta\u00e7\u00e3o musical (Gabriel Galv\u00e3o, Izo e Lorran)<\/p>\n\n\n\n<p>13h \u00e0s 17h | Exposi\u00e7\u00e3o e venda dos produtos<\/p>\n\n\n\n<p><strong>Quinta-feira (08\/05):<\/strong><\/p>\n\n\n\n<p>8h \u00e0s 9h |&nbsp;Manh\u00e3 de louvor e adora\u00e7\u00e3o com (Larissa Ferracioli e Maria Zelda)<\/p>\n\n\n\n<p>10h \u00e0s 11h |&nbsp;Apresenta\u00e7\u00e3o musical (Agostinho\/Edvaldo)<\/p>\n\n\n\n<p>12h | Encerramento com show de Leandro Pisadinha<\/p>\n\n\n\n<p>13h \u00e0s 17h | Exposi\u00e7\u00e3o e venda dos produtos<\/p>\n\n\n\n<figure class=\"wp-block-image size-large\"><img loading=\"lazy\" decoding=\"async\" width=\"1024\" height=\"256\" src=\"https:\/\/focotocantinense.com.br\/wp-content\/uploads\/2025\/05\/Vinicius-Martins-ESPECIALISTA-EM-RISOS-1-1024x256.jpeg\" alt=\"\" class=\"wp-image-10183\" srcset=\"https:\/\/focotocantinense.com.br\/wp-content\/uploads\/2025\/05\/Vinicius-Martins-ESPECIALISTA-EM-RISOS-1-1024x256.jpeg 1024w, https:\/\/focotocantinense.com.br\/wp-content\/uploads\/2025\/05\/Vinicius-Martins-ESPECIALISTA-EM-RISOS-1-300x75.jpeg 300w, https:\/\/focotocantinense.com.br\/wp-content\/uploads\/2025\/05\/Vinicius-Martins-ESPECIALISTA-EM-RISOS-1-768x192.jpeg 768w, https:\/\/focotocantinense.com.br\/wp-content\/uploads\/2025\/05\/Vinicius-Martins-ESPECIALISTA-EM-RISOS-1-1536x384.jpeg 1536w, https:\/\/focotocantinense.com.br\/wp-content\/uploads\/2025\/05\/Vinicius-Martins-ESPECIALISTA-EM-RISOS-1.jpeg 1584w\" sizes=\"auto, (max-width: 1024px) 100vw, 1024px\" \/><\/figure>\n","protected":false},"excerpt":{"rendered":"<p>Com objetivo de fomentar a economia criativa e talentos regionais, a Assembleia Legislativa do Tocantins (Aleto) realiza de 6 a 8 de maio, das 8 \u00e0s 17 horas, a 3\u00aa edi\u00e7\u00e3o da Semana de Arte, Cultura e Empreendedorismo. A iniciativa, proposta pela deputada estadual Professora Janad Valcari (PL), visa o di\u00e1logo entre arte, cultura e &hellip;<\/p>\n","protected":false},"author":5,"featured_media":10191,"comment_status":"open","ping_status":"open","sticky":false,"template":"","format":"standard","meta":{"footnotes":""},"categories":[37],"tags":[],"class_list":["post-10190","post","type-post","status-publish","format-standard","has-post-thumbnail","","category-palmas"],"_links":{"self":[{"href":"https:\/\/focotocantinense.com.br\/index.php?rest_route=\/wp\/v2\/posts\/10190","targetHints":{"allow":["GET"]}}],"collection":[{"href":"https:\/\/focotocantinense.com.br\/index.php?rest_route=\/wp\/v2\/posts"}],"about":[{"href":"https:\/\/focotocantinense.com.br\/index.php?rest_route=\/wp\/v2\/types\/post"}],"author":[{"embeddable":true,"href":"https:\/\/focotocantinense.com.br\/index.php?rest_route=\/wp\/v2\/users\/5"}],"replies":[{"embeddable":true,"href":"https:\/\/focotocantinense.com.br\/index.php?rest_route=%2Fwp%2Fv2%2Fcomments&post=10190"}],"version-history":[{"count":2,"href":"https:\/\/focotocantinense.com.br\/index.php?rest_route=\/wp\/v2\/posts\/10190\/revisions"}],"predecessor-version":[{"id":10193,"href":"https:\/\/focotocantinense.com.br\/index.php?rest_route=\/wp\/v2\/posts\/10190\/revisions\/10193"}],"wp:featuredmedia":[{"embeddable":true,"href":"https:\/\/focotocantinense.com.br\/index.php?rest_route=\/wp\/v2\/media\/10191"}],"wp:attachment":[{"href":"https:\/\/focotocantinense.com.br\/index.php?rest_route=%2Fwp%2Fv2%2Fmedia&parent=10190"}],"wp:term":[{"taxonomy":"category","embeddable":true,"href":"https:\/\/focotocantinense.com.br\/index.php?rest_route=%2Fwp%2Fv2%2Fcategories&post=10190"},{"taxonomy":"post_tag","embeddable":true,"href":"https:\/\/focotocantinense.com.br\/index.php?rest_route=%2Fwp%2Fv2%2Ftags&post=10190"}],"curies":[{"name":"wp","href":"https:\/\/api.w.org\/{rel}","templated":true}]}}