{"id":10186,"date":"2025-05-05T19:16:35","date_gmt":"2025-05-05T22:16:35","guid":{"rendered":"https:\/\/focotocantinense.com.br\/?p=10186"},"modified":"2025-05-05T19:17:03","modified_gmt":"2025-05-05T22:17:03","slug":"camara-municipal-de-gurupi-realizou-sessao-solene-para-conscientizacao-e-inclusao-do-autismo","status":"publish","type":"post","link":"https:\/\/focotocantinense.com.br\/?p=10186","title":{"rendered":"C\u00e2mara Municipal de Gurupi realizou sess\u00e3o solene para conscientiza\u00e7\u00e3o e inclus\u00e3o do autismo"},"content":{"rendered":"\n<p>A solenidade em alus\u00e3o ao autismo aconteceu na \u00faltima ter\u00e7a-feira (29), no Plen\u00e1rio da C\u00e2mara de Gurupi. A programa\u00e7\u00e3o foi composta por bate-papos, trocas de experi\u00eancias e muita empatia. O objetivo do evento foi oferecer um espa\u00e7o aberto para que a comunidade conhe\u00e7a mais sobre as a\u00e7\u00f5es e atividades relacionadas ao tema, promovendo maior informa\u00e7\u00e3o, inclus\u00e3o e conscientiza\u00e7\u00e3o a respeito do autismo.<\/p>\n\n\n\n<p>Abril \u00e9 o m\u00eas dedicado \u00e0 conscientiza\u00e7\u00e3o sobre o Transtorno do Espectro Autista (TEA). Com base nessa importante causa, o vereador Ronaldo Lira \u2014 autor da lei sancionada n\u00ba 2.608\/2023, que institui o Abril Azul no calend\u00e1rio oficial do munic\u00edpio \u2014 promoveu em parceria com a C\u00e2mara de Gurupi, a solenidade especial dedicada \u00e0s a\u00e7\u00f5es sobre o Autismo.<\/p>\n\n\n\n<figure class=\"wp-block-image size-large is-resized\"><img loading=\"lazy\" decoding=\"async\" width=\"1024\" height=\"683\" src=\"https:\/\/focotocantinense.com.br\/wp-content\/uploads\/2025\/05\/FOTO-SESSAO-AUTISMO-1024x683.jpeg\" alt=\"\" class=\"wp-image-10187\" style=\"width:362px;height:auto\" srcset=\"https:\/\/focotocantinense.com.br\/wp-content\/uploads\/2025\/05\/FOTO-SESSAO-AUTISMO-1024x683.jpeg 1024w, https:\/\/focotocantinense.com.br\/wp-content\/uploads\/2025\/05\/FOTO-SESSAO-AUTISMO-300x200.jpeg 300w, https:\/\/focotocantinense.com.br\/wp-content\/uploads\/2025\/05\/FOTO-SESSAO-AUTISMO-768x512.jpeg 768w, https:\/\/focotocantinense.com.br\/wp-content\/uploads\/2025\/05\/FOTO-SESSAO-AUTISMO.jpeg 1500w\" sizes=\"auto, (max-width: 1024px) 100vw, 1024px\" \/><\/figure>\n\n\n\n<p><\/p>\n\n\n\n<p>\u201cComo parlamentar decidir fazer esta a\u00e7\u00e3o para que a sociedade gurupiense possa conhecer ainda mais sobre o Autismo e principalmente fazer com que aconte\u00e7a pol\u00edticas p\u00fablicas voltadas para este p\u00fablico, sabemos o quanto \u00e9 dif\u00edcil para m\u00e3es e fam\u00edlias que n\u00e3o tem o amparo real do poder p\u00fablico, no enfrentamento dessas dificuldades, estamos juntos nesta a\u00e7\u00e3o para melhorar esta realidade\u201d, frisou Ronaldo.<\/p>\n\n\n\n<p>Para Priscila Flor, m\u00e3e at\u00edpica, receber o diagn\u00f3stico da filha e n\u00e3o ter tido nenhuma informa\u00e7\u00e3o inicial sobre o autismo, foi muito dif\u00edcil. \u201cEu queria que algu\u00e9m tivesse chegado em mim e dito: calma, respira, o diagn\u00f3stico n\u00e3o \u00e9 o fim, ele pode ser o recome\u00e7o\u201d.<\/p>\n\n\n\n<p>A\u00e7\u00f5es como essa s\u00e3o importantes para que cada \u00f3rg\u00e3o envolvido tenha consci\u00eancia do seu papel nessa jornada e se manterem unidos em prol de um bem maior. \u201c As associa\u00e7\u00f5es elas n\u00e3o tem que se opor ao munic\u00edpio, a C\u00e2mara, n\u00f3s temos que andar juntos para conseguirmos mais benef\u00edcios para melhorar a vida das crian\u00e7as e pais\u201d, ressaltou Eduardo, Presidente da Associa\u00e7\u00e3o Via Autista.<\/p>\n\n\n\n<p>A programa\u00e7\u00e3o foi bastante especial. Al\u00e9m de um bom bate-papo com profissionais da \u00e1rea da sa\u00fade, educa\u00e7\u00e3o e pais que acompanham de perto a viv\u00eancia do autismo, contou tamb\u00e9m com exposi\u00e7\u00e3o art\u00edstica de obras realizadas na Casa de Cultura por crian\u00e7as autistas, professores explicando como a did\u00e1tica \u00e9 aplicada durante o processo criativo, e exposi\u00e7\u00e3o de materiais pedag\u00f3gicos utilizados por crian\u00e7as autistas nas escolas municipais.<\/p>\n\n\n\n<figure class=\"wp-block-image size-large\"><img loading=\"lazy\" decoding=\"async\" width=\"1024\" height=\"256\" src=\"https:\/\/focotocantinense.com.br\/wp-content\/uploads\/2025\/05\/Vinicius-Martins-ESPECIALISTA-EM-RISOS-1-1024x256.jpeg\" alt=\"\" class=\"wp-image-10183\" srcset=\"https:\/\/focotocantinense.com.br\/wp-content\/uploads\/2025\/05\/Vinicius-Martins-ESPECIALISTA-EM-RISOS-1-1024x256.jpeg 1024w, https:\/\/focotocantinense.com.br\/wp-content\/uploads\/2025\/05\/Vinicius-Martins-ESPECIALISTA-EM-RISOS-1-300x75.jpeg 300w, https:\/\/focotocantinense.com.br\/wp-content\/uploads\/2025\/05\/Vinicius-Martins-ESPECIALISTA-EM-RISOS-1-768x192.jpeg 768w, https:\/\/focotocantinense.com.br\/wp-content\/uploads\/2025\/05\/Vinicius-Martins-ESPECIALISTA-EM-RISOS-1-1536x384.jpeg 1536w, https:\/\/focotocantinense.com.br\/wp-content\/uploads\/2025\/05\/Vinicius-Martins-ESPECIALISTA-EM-RISOS-1.jpeg 1584w\" sizes=\"auto, (max-width: 1024px) 100vw, 1024px\" \/><\/figure>\n","protected":false},"excerpt":{"rendered":"<p>A solenidade em alus\u00e3o ao autismo aconteceu na \u00faltima ter\u00e7a-feira (29), no Plen\u00e1rio da C\u00e2mara de Gurupi. A programa\u00e7\u00e3o foi composta por bate-papos, trocas de experi\u00eancias e muita empatia. O objetivo do evento foi oferecer um espa\u00e7o aberto para que a comunidade conhe\u00e7a mais sobre as a\u00e7\u00f5es e atividades relacionadas ao tema, promovendo maior informa\u00e7\u00e3o, &hellip;<\/p>\n","protected":false},"author":5,"featured_media":10187,"comment_status":"open","ping_status":"open","sticky":false,"template":"","format":"standard","meta":{"footnotes":""},"categories":[38],"tags":[],"class_list":["post-10186","post","type-post","status-publish","format-standard","has-post-thumbnail","","category-gurupi"],"_links":{"self":[{"href":"https:\/\/focotocantinense.com.br\/index.php?rest_route=\/wp\/v2\/posts\/10186","targetHints":{"allow":["GET"]}}],"collection":[{"href":"https:\/\/focotocantinense.com.br\/index.php?rest_route=\/wp\/v2\/posts"}],"about":[{"href":"https:\/\/focotocantinense.com.br\/index.php?rest_route=\/wp\/v2\/types\/post"}],"author":[{"embeddable":true,"href":"https:\/\/focotocantinense.com.br\/index.php?rest_route=\/wp\/v2\/users\/5"}],"replies":[{"embeddable":true,"href":"https:\/\/focotocantinense.com.br\/index.php?rest_route=%2Fwp%2Fv2%2Fcomments&post=10186"}],"version-history":[{"count":2,"href":"https:\/\/focotocantinense.com.br\/index.php?rest_route=\/wp\/v2\/posts\/10186\/revisions"}],"predecessor-version":[{"id":10189,"href":"https:\/\/focotocantinense.com.br\/index.php?rest_route=\/wp\/v2\/posts\/10186\/revisions\/10189"}],"wp:featuredmedia":[{"embeddable":true,"href":"https:\/\/focotocantinense.com.br\/index.php?rest_route=\/wp\/v2\/media\/10187"}],"wp:attachment":[{"href":"https:\/\/focotocantinense.com.br\/index.php?rest_route=%2Fwp%2Fv2%2Fmedia&parent=10186"}],"wp:term":[{"taxonomy":"category","embeddable":true,"href":"https:\/\/focotocantinense.com.br\/index.php?rest_route=%2Fwp%2Fv2%2Fcategories&post=10186"},{"taxonomy":"post_tag","embeddable":true,"href":"https:\/\/focotocantinense.com.br\/index.php?rest_route=%2Fwp%2Fv2%2Ftags&post=10186"}],"curies":[{"name":"wp","href":"https:\/\/api.w.org\/{rel}","templated":true}]}}