{"id":10180,"date":"2025-05-04T20:32:24","date_gmt":"2025-05-04T23:32:24","guid":{"rendered":"https:\/\/focotocantinense.com.br\/?p=10180"},"modified":"2025-05-04T20:36:10","modified_gmt":"2025-05-04T23:36:10","slug":"reportagem-especial-da-folha-mostra-riquezas-e-belezas-do-tocantins-em-nivel-nacional","status":"publish","type":"post","link":"https:\/\/focotocantinense.com.br\/?p=10180","title":{"rendered":"Reportagem especial da Folha mostra riquezas e belezas do Tocantins em n\u00edvel nacional"},"content":{"rendered":"\n<p><strong><em>Professora e pesquisadora Djamila Ribeiro fala sobre sua experi\u00eancia no Tocantins e reconhece a\u00e7\u00f5es do Governo voltadas \u00e0 valoriza\u00e7\u00e3o das comunidades tradicionais<\/em><\/strong><\/p>\n\n\n\n<p>Conhecido por suas paisagens naturais exuberantes e sua diversidade geogr\u00e1fica e cultural, o Tocantins voltou a ser destaque em uma publica\u00e7\u00e3o de alcance nacional. Desta vez, foi por meio de uma reportagem especial publicada no jornal Folha de S. Paulo, assinada pela colunista, e tamb\u00e9m professora, escritora e pesquisadora Djamila Ribeiro. O texto apresenta um retrato sens\u00edvel e profundo do estado, abordando desde comunidades quilombolas e a arte com mat\u00e9rias-primas como o capim-dourado, at\u00e9 personagens marcantes que vivem e constroem a hist\u00f3ria do Tocantins.<\/p>\n\n\n\n<p>Refer\u00eancia nacional nos estudos sobre feminismo negro e rela\u00e7\u00f5es raciais, Djamila Ribeiro esteve no Tocantins no m\u00eas de abril a convite do Governo do Tocantins, por meio da Secretaria de Estado da Educa\u00e7\u00e3o (Seduc). Em Palmas, ela ministrou a palestra&nbsp;<em>Lugar de fala nas escolas: por que representatividade transforma realidades?<\/em>, que reuniu mais de 700 educadores tocantinenses.<\/p>\n\n\n\n<p>A atividade integrou a programa\u00e7\u00e3o do<em>&nbsp;1\u00ba Semin\u00e1rio de Educa\u00e7\u00e3o Antirracista<\/em>, promovido pela Seduc com organiza\u00e7\u00e3o do N\u00facleo de Educa\u00e7\u00e3o Escolar Quilombola e Educa\u00e7\u00e3o para Rela\u00e7\u00f5es \u00c9tnico-Raciais (Neeq-Erer). A presen\u00e7a de Djamila Ribeiro&nbsp;representou um marco para o debate sobre a educa\u00e7\u00e3o voltada para equidade racial e respeito \u00e0 diversidade.<\/p>\n\n\n\n<p>Em Palmas, durante o evento, a autora vivenciou apresenta\u00e7\u00f5es culturais que evidenciam a riqueza da diversidade tocantinense. Entre elas, a tradicional dan\u00e7a su\u00e7a, apresentada por moradores de Natividade, e o show da banda Vozes de \u00c9bano, formada por mulheres negras, refor\u00e7aram a representatividade e a pot\u00eancia cultural do estado.<\/p>\n\n\n\n<p>\u201cReceber a professora Djamila Ribeiro em nosso estado foi uma honra e reafirma nosso compromisso com a valoriza\u00e7\u00e3o da cultura, da diversidade e da hist\u00f3ria do povo tocantinense. Ver o Tocantins ser retratado em uma reportagem de alcance nacional mostra que estamos no caminho certo, promovendo inclus\u00e3o, respeito \u00e0s nossas ra\u00edzes e cuidado com nossas riquezas naturais e humanas\u201d, afirmou o governador Wanderlei Barbosa.<\/p>\n\n\n\n<p><br><strong>Imers\u00e3o cultural e as comunidades quilombolas<\/strong><\/p>\n\n\n\n<p>A mat\u00e9ria de Djamila Ribeiro destaca a profundidade do semin\u00e1rio realizado na capital e o envolvimento dos educadores com a tem\u00e1tica da educa\u00e7\u00e3o antirracista. Ap\u00f3s sua participa\u00e7\u00e3o no semin\u00e1rio, a pesquisadora paulista visitou diversos munic\u00edpios tocantinenses, como S\u00e3o F\u00e9lix do Tocantins, Mateiros e Pindorama, conhecendo de perto o Jalap\u00e3o e as Serras Gerais. Em sua reportagem, a autora destacou o potencial cultural, hist\u00f3rico e geogr\u00e1fico do estado, valorizando desde os saberes tradicionais at\u00e9 a vasta biodiversidade.<\/p>\n\n\n\n<p>No Jalap\u00e3o, ela conheceu a comunidade quilombola do Mumbuca, onde foi recebida com m\u00fasica tocada na viola de buriti e p\u00f4de ver de perto a confec\u00e7\u00e3o de pe\u00e7as feitas com capim-dourado. Djamila Ribeiro&nbsp; se encantou com personalidades locais como Dona Mi\u00fada e Tia Doutora, al\u00e9m da for\u00e7a da medicina tradicional quilombola. \u201cO Parque Estadual do Jalap\u00e3o \u00e9 um territ\u00f3rio de f\u00e9, criatividade e mem\u00f3ria viva. Foi ali que Dona Mi\u00fada transformou o capim abundante em arte: chap\u00e9us, bolsas, fruteiras e pe\u00e7as que circulam pelo Brasil\u201d, escreveu.<\/p>\n\n\n\n<p><br><strong>Natureza exuberante e turismo sustent\u00e1vel<\/strong><\/p>\n\n\n\n<p><br>Outro ponto alto da reportagem \u00e9 a descri\u00e7\u00e3o dos atrativos naturais do Tocantins. A autora visitou os famosos fervedouros do Jalap\u00e3o, com suas \u00e1guas cristalinas e fen\u00f4meno natural \u00fanico, e os c\u00e2nions milenares das Serras Gerais, no sudeste do estado. Djamila Ribeiro&nbsp;tamb\u00e9m cita lagoas e outras belezas que serviram de cen\u00e1rio para produ\u00e7\u00f5es como a novela&nbsp;<em>O Outro Lado do Para\u00edso<\/em>, exibida pela TV Globo.<\/p>\n\n\n\n<p>Ela destacou ainda o empenho do Governo do Tocantins em ouvir as comunidades tradicionais e desenvolver projetos com foco na sustentabilidade e no turismo de base comunit\u00e1ria. \u201cO atual governo vem ouvindo as comunidades e priorizando a preserva\u00e7\u00e3o ambiental e cultural. Esse novo processo, feito de baixo para cima, com di\u00e1logo e consulta \u00e0s popula\u00e7\u00f5es tradicionais, tem agradado \u00e0 popula\u00e7\u00e3o local que vive do turismo\u201d, afirmou&nbsp;<br>Djamila Ribeiro.<\/p>\n\n\n\n<p><br><strong>Um novo olhar sobre o Tocantins<\/strong><\/p>\n\n\n\n<p><br>Com uma abordagem sens\u00edvel e respeitosa, a reportagem publicada no Folha de S. Paulo apresenta ao Brasil as m\u00faltiplas facetas do Tocantins, de suas riquezas naturais \u00e0s tradi\u00e7\u00f5es culturais que resistem e se reinventam. Por meio do olhar de Djamila Ribeiro, o estado mais jovem do pa\u00eds \u00e9 retratado como um territ\u00f3rio de beleza, mem\u00f3ria e resist\u00eancia, capaz de inspirar e transformar realidades. \u201cRecomendo, com entusiasmo e carinho, que todas as pessoas se permitam viver essa experi\u00eancia. O Tocantins \u00e9 um lugar de muita magia\u201d, finaliza Djamila Ribeiro.<\/p>\n\n\n\n<p><img decoding=\"async\" src=\"https:\/\/central.to.gov.br\/image\/422978?w=670&amp;h=414\"><\/p>\n\n\n\n<p><strong><em>(Canion Encantado, Almas) Serras Gerais impressionaram com seus c\u00e2nions milenares, biodiversidade rica e hist\u00f3rias &#8211; Thiago S\u00e1\/Governo do Tocantins<\/em><\/strong><\/p>\n\n\n\n<p><img decoding=\"async\" src=\"https:\/\/central.to.gov.br\/image\/422979?w=670&amp;h=414\"><\/p>\n\n\n\n<p><strong><em>Para Djamila Ribeiro, o Tocantins \u00e9 um territ\u00f3rio de beleza, criatividade e mem\u00f3ria viva &#8211; Divulga\u00e7\u00e3o<\/em><\/strong><\/p>\n\n\n\n<p><img decoding=\"async\" src=\"https:\/\/central.to.gov.br\/image\/422976?w=670&amp;h=414\"><\/p>\n\n\n\n<p><strong><em>A for\u00e7a das mulheres quilombolas, emociona e inspira quem visita o Jalap\u00e3o e vivencia seus saberes tradicionais &#8211; Ademir dos Anjos\/Governo do Tocantins<\/em><\/strong><\/p>\n\n\n\n<p><img decoding=\"async\" src=\"https:\/\/central.to.gov.br\/image\/422980?w=670&amp;h=414\"><\/p>\n\n\n\n<p><strong><em>Capim dourado \u00e9 arte e tradi\u00e7\u00e3o viva do Tocantins &#8211; Esequias Ara\u00fajo\/Governo do Tocantins<\/em><\/strong><\/p>\n\n\n\n<p><img decoding=\"async\" src=\"https:\/\/central.to.gov.br\/image\/422973?w=670&amp;h=414\"><\/p>\n\n\n\n<p><strong><em>Djamila Ribeiro participou do 1\u00ba Semin\u00e1rio de Educa\u00e7\u00e3o Antirracista, levando sua voz e reflex\u00f5es para mais de 700 educadores em Palmas &#8211; Seduc\/Governo do Tocantins\u00a0<\/em><\/strong><\/p>\n\n\n\n<p><img decoding=\"async\" src=\"https:\/\/central.to.gov.br\/image\/422975?w=670&amp;h=414\"><\/p>\n\n\n\n<p><strong><em>Serras Gerais \u00e9 cen\u00e1rio de natureza exuberante &#8211; Tharson Lopes\/Governo do Tocantins<\/em><\/strong><\/p>\n\n\n\n<figure class=\"wp-block-image size-large\"><img loading=\"lazy\" decoding=\"async\" width=\"1024\" height=\"256\" src=\"https:\/\/focotocantinense.com.br\/wp-content\/uploads\/2025\/05\/Vinicius-Martins-ESPECIALISTA-EM-RISOS-1-1024x256.jpeg\" alt=\"\" class=\"wp-image-10183\" srcset=\"https:\/\/focotocantinense.com.br\/wp-content\/uploads\/2025\/05\/Vinicius-Martins-ESPECIALISTA-EM-RISOS-1-1024x256.jpeg 1024w, https:\/\/focotocantinense.com.br\/wp-content\/uploads\/2025\/05\/Vinicius-Martins-ESPECIALISTA-EM-RISOS-1-300x75.jpeg 300w, https:\/\/focotocantinense.com.br\/wp-content\/uploads\/2025\/05\/Vinicius-Martins-ESPECIALISTA-EM-RISOS-1-768x192.jpeg 768w, https:\/\/focotocantinense.com.br\/wp-content\/uploads\/2025\/05\/Vinicius-Martins-ESPECIALISTA-EM-RISOS-1-1536x384.jpeg 1536w, https:\/\/focotocantinense.com.br\/wp-content\/uploads\/2025\/05\/Vinicius-Martins-ESPECIALISTA-EM-RISOS-1.jpeg 1584w\" sizes=\"auto, (max-width: 1024px) 100vw, 1024px\" \/><\/figure>\n","protected":false},"excerpt":{"rendered":"<p>Professora e pesquisadora Djamila Ribeiro fala sobre sua experi\u00eancia no Tocantins e reconhece a\u00e7\u00f5es do Governo voltadas \u00e0 valoriza\u00e7\u00e3o das comunidades tradicionais Conhecido por suas paisagens naturais exuberantes e sua diversidade geogr\u00e1fica e cultural, o Tocantins voltou a ser destaque em uma publica\u00e7\u00e3o de alcance nacional. Desta vez, foi por meio de uma reportagem especial &hellip;<\/p>\n","protected":false},"author":5,"featured_media":10181,"comment_status":"open","ping_status":"open","sticky":false,"template":"","format":"standard","meta":{"footnotes":""},"categories":[1],"tags":[],"class_list":["post-10180","post","type-post","status-publish","format-standard","has-post-thumbnail","","category-sem-categoria"],"_links":{"self":[{"href":"https:\/\/focotocantinense.com.br\/index.php?rest_route=\/wp\/v2\/posts\/10180","targetHints":{"allow":["GET"]}}],"collection":[{"href":"https:\/\/focotocantinense.com.br\/index.php?rest_route=\/wp\/v2\/posts"}],"about":[{"href":"https:\/\/focotocantinense.com.br\/index.php?rest_route=\/wp\/v2\/types\/post"}],"author":[{"embeddable":true,"href":"https:\/\/focotocantinense.com.br\/index.php?rest_route=\/wp\/v2\/users\/5"}],"replies":[{"embeddable":true,"href":"https:\/\/focotocantinense.com.br\/index.php?rest_route=%2Fwp%2Fv2%2Fcomments&post=10180"}],"version-history":[{"count":3,"href":"https:\/\/focotocantinense.com.br\/index.php?rest_route=\/wp\/v2\/posts\/10180\/revisions"}],"predecessor-version":[{"id":10185,"href":"https:\/\/focotocantinense.com.br\/index.php?rest_route=\/wp\/v2\/posts\/10180\/revisions\/10185"}],"wp:featuredmedia":[{"embeddable":true,"href":"https:\/\/focotocantinense.com.br\/index.php?rest_route=\/wp\/v2\/media\/10181"}],"wp:attachment":[{"href":"https:\/\/focotocantinense.com.br\/index.php?rest_route=%2Fwp%2Fv2%2Fmedia&parent=10180"}],"wp:term":[{"taxonomy":"category","embeddable":true,"href":"https:\/\/focotocantinense.com.br\/index.php?rest_route=%2Fwp%2Fv2%2Fcategories&post=10180"},{"taxonomy":"post_tag","embeddable":true,"href":"https:\/\/focotocantinense.com.br\/index.php?rest_route=%2Fwp%2Fv2%2Ftags&post=10180"}],"curies":[{"name":"wp","href":"https:\/\/api.w.org\/{rel}","templated":true}]}}