{"id":10175,"date":"2025-05-04T20:25:58","date_gmt":"2025-05-04T23:25:58","guid":{"rendered":"https:\/\/focotocantinense.com.br\/?p=10175"},"modified":"2025-05-04T20:29:37","modified_gmt":"2025-05-04T23:29:37","slug":"amelio-cayres-e-convidado-para-colaborar-com-campanha-maio-amarelo-do-detran","status":"publish","type":"post","link":"https:\/\/focotocantinense.com.br\/?p=10175","title":{"rendered":"Am\u00e9lio Cayres \u00e9 convidado para colaborar com campanha Maio Amarelo do Detran"},"content":{"rendered":"\n<p><\/p>\n\n\n\n<p>O presidente da Assembleia Legislativa do Tocantins (Aleto), deputado Am\u00e9lio Cayres (Republicanos), recebeu em seu gabinete  o presidente do Departamento Estadual de Tr\u00e2nsito do Estado do Tocantins (Detran), Willian Gonzaga dos Santos.<\/p>\n\n\n\n<p>A visita teve o objetivo de convidar o Parlamento estadual para participar e colaborar com a campanha \u201cMaio Amarelo\u201d do Detran, que tem a finalidade de reduzir acidentes, coibir infra\u00e7\u00f5es e promover a seguran\u00e7a vi\u00e1ria, especialmente em rela\u00e7\u00e3o a motoristas que dirigem sem habilita\u00e7\u00e3o.<\/p>\n\n\n\n<p>Am\u00e9lio Cayres se colocou \u00e0 disposi\u00e7\u00e3o contribuir com a campanha no que tiver ao alcance da Casa de Leis. \u201cSempre que formos chamados, vamos colaborar com campanhas que visem educar os condutores de ve\u00edculos e objetiva diminuir os acidentes de tr\u00e2nsito\u201d, garantiu.<\/p>\n\n\n\n<figure class=\"wp-block-image size-large is-resized\"><img loading=\"lazy\" decoding=\"async\" width=\"1024\" height=\"761\" src=\"https:\/\/focotocantinense.com.br\/wp-content\/uploads\/2025\/05\/8b6c0fb66f076156cd8d97b243318ead-1024x761.jpeg\" alt=\"\" class=\"wp-image-10176\" style=\"width:363px;height:auto\" srcset=\"https:\/\/focotocantinense.com.br\/wp-content\/uploads\/2025\/05\/8b6c0fb66f076156cd8d97b243318ead-1024x761.jpeg 1024w, https:\/\/focotocantinense.com.br\/wp-content\/uploads\/2025\/05\/8b6c0fb66f076156cd8d97b243318ead-300x223.jpeg 300w, https:\/\/focotocantinense.com.br\/wp-content\/uploads\/2025\/05\/8b6c0fb66f076156cd8d97b243318ead-768x571.jpeg 768w, https:\/\/focotocantinense.com.br\/wp-content\/uploads\/2025\/05\/8b6c0fb66f076156cd8d97b243318ead-1536x1141.jpeg 1536w, https:\/\/focotocantinense.com.br\/wp-content\/uploads\/2025\/05\/8b6c0fb66f076156cd8d97b243318ead.jpeg 1600w\" sizes=\"auto, (max-width: 1024px) 100vw, 1024px\" \/><\/figure>\n\n\n\n<p><strong><em>A campanha tem como objetivo promover a\u00e7\u00f5es de seguran\u00e7a no tr\u00e2nsito<\/em><\/strong><\/p>\n\n\n\n<p>Willian explicou que o convite especial ao presidente e todos os deputados, visa envolv\u00ea-los na Campanha, por sua import\u00e2ncia para a sociedade. \u201cPara alertarmos sobre a quest\u00e3o dos altos \u00edndices de sinistros de tr\u00e2nsito no Estado, esse apoio da Assembleia \u00e9 fundamental.\u201d<\/p>\n\n\n\n<p>O Detran far\u00e1 a abertura oficial da campanha em um evento no dia 7 de maio \u00e0s 9h30 no Audit\u00f3rio do Pal\u00e1cio Araguaia Jos\u00e9 Wilson Siqueira Campos. J\u00e1 \u00e0s 14 horas no mesmo local acontecer\u00e1 o 1\u00ba F\u00f3rum de Tr\u00e2nsito do Tocantins, que ter\u00e1 continuidade na manh\u00e3 do dia seguinte.<\/p>\n\n\n\n<figure class=\"wp-block-image size-large\"><img loading=\"lazy\" decoding=\"async\" width=\"1024\" height=\"256\" src=\"https:\/\/focotocantinense.com.br\/wp-content\/uploads\/2025\/05\/Vinicius-Martins-ESPECIALISTA-EM-RISOS-1024x256.jpeg\" alt=\"\" class=\"wp-image-10155\" srcset=\"https:\/\/focotocantinense.com.br\/wp-content\/uploads\/2025\/05\/Vinicius-Martins-ESPECIALISTA-EM-RISOS-1024x256.jpeg 1024w, https:\/\/focotocantinense.com.br\/wp-content\/uploads\/2025\/05\/Vinicius-Martins-ESPECIALISTA-EM-RISOS-300x75.jpeg 300w, https:\/\/focotocantinense.com.br\/wp-content\/uploads\/2025\/05\/Vinicius-Martins-ESPECIALISTA-EM-RISOS-768x192.jpeg 768w, https:\/\/focotocantinense.com.br\/wp-content\/uploads\/2025\/05\/Vinicius-Martins-ESPECIALISTA-EM-RISOS-1536x384.jpeg 1536w, https:\/\/focotocantinense.com.br\/wp-content\/uploads\/2025\/05\/Vinicius-Martins-ESPECIALISTA-EM-RISOS.jpeg 1584w\" sizes=\"auto, (max-width: 1024px) 100vw, 1024px\" \/><\/figure>\n","protected":false},"excerpt":{"rendered":"<p>O presidente da Assembleia Legislativa do Tocantins (Aleto), deputado Am\u00e9lio Cayres (Republicanos), recebeu em seu gabinete o presidente do Departamento Estadual de Tr\u00e2nsito do Estado do Tocantins (Detran), Willian Gonzaga dos Santos. A visita teve o objetivo de convidar o Parlamento estadual para participar e colaborar com a campanha \u201cMaio Amarelo\u201d do Detran, que tem &hellip;<\/p>\n","protected":false},"author":5,"featured_media":10176,"comment_status":"open","ping_status":"open","sticky":false,"template":"","format":"standard","meta":{"footnotes":""},"categories":[40],"tags":[],"class_list":["post-10175","post","type-post","status-publish","format-standard","has-post-thumbnail","","category-politica"],"_links":{"self":[{"href":"https:\/\/focotocantinense.com.br\/index.php?rest_route=\/wp\/v2\/posts\/10175","targetHints":{"allow":["GET"]}}],"collection":[{"href":"https:\/\/focotocantinense.com.br\/index.php?rest_route=\/wp\/v2\/posts"}],"about":[{"href":"https:\/\/focotocantinense.com.br\/index.php?rest_route=\/wp\/v2\/types\/post"}],"author":[{"embeddable":true,"href":"https:\/\/focotocantinense.com.br\/index.php?rest_route=\/wp\/v2\/users\/5"}],"replies":[{"embeddable":true,"href":"https:\/\/focotocantinense.com.br\/index.php?rest_route=%2Fwp%2Fv2%2Fcomments&post=10175"}],"version-history":[{"count":3,"href":"https:\/\/focotocantinense.com.br\/index.php?rest_route=\/wp\/v2\/posts\/10175\/revisions"}],"predecessor-version":[{"id":10179,"href":"https:\/\/focotocantinense.com.br\/index.php?rest_route=\/wp\/v2\/posts\/10175\/revisions\/10179"}],"wp:featuredmedia":[{"embeddable":true,"href":"https:\/\/focotocantinense.com.br\/index.php?rest_route=\/wp\/v2\/media\/10176"}],"wp:attachment":[{"href":"https:\/\/focotocantinense.com.br\/index.php?rest_route=%2Fwp%2Fv2%2Fmedia&parent=10175"}],"wp:term":[{"taxonomy":"category","embeddable":true,"href":"https:\/\/focotocantinense.com.br\/index.php?rest_route=%2Fwp%2Fv2%2Fcategories&post=10175"},{"taxonomy":"post_tag","embeddable":true,"href":"https:\/\/focotocantinense.com.br\/index.php?rest_route=%2Fwp%2Fv2%2Ftags&post=10175"}],"curies":[{"name":"wp","href":"https:\/\/api.w.org\/{rel}","templated":true}]}}