{"id":10170,"date":"2025-05-04T19:08:51","date_gmt":"2025-05-04T22:08:51","guid":{"rendered":"https:\/\/focotocantinense.com.br\/?p=10170"},"modified":"2025-05-04T19:10:31","modified_gmt":"2025-05-04T22:10:31","slug":"com-foco-na-educacao-deputada-janad-propoe-reforma-geral-para-colegio-estadual-prof-aureliano-em-taguatinga","status":"publish","type":"post","link":"https:\/\/focotocantinense.com.br\/?p=10170","title":{"rendered":"Com foco na educa\u00e7\u00e3o, deputada Janad prop\u00f5e reforma geral para Col\u00e9gio Estadual Prof. Aureliano em Taguatinga"},"content":{"rendered":"\n<p>Visando garantir mais infraestrutura e tecnologia adequada ao Col\u00e9gio Estadual de Tempo Integral Professor Aureliano, em Taguatinga, a deputada estadual Janad Valcari protocolou, nesta \u00faltima ter\u00e7a-feira, 29, um requerimento na Assembleia Legislativa do Tocantins (Aleto), para a reforma geral do pr\u00e9dio.&nbsp;<\/p>\n\n\n\n<figure class=\"wp-block-image size-full is-resized\"><img loading=\"lazy\" decoding=\"async\" width=\"772\" height=\"430\" src=\"https:\/\/focotocantinense.com.br\/wp-content\/uploads\/2025\/05\/eff7f21ca31bef3f042ec2b088f656cf.jpeg\" alt=\"\" class=\"wp-image-10171\" style=\"width:370px;height:auto\" srcset=\"https:\/\/focotocantinense.com.br\/wp-content\/uploads\/2025\/05\/eff7f21ca31bef3f042ec2b088f656cf.jpeg 772w, https:\/\/focotocantinense.com.br\/wp-content\/uploads\/2025\/05\/eff7f21ca31bef3f042ec2b088f656cf-300x167.jpeg 300w, https:\/\/focotocantinense.com.br\/wp-content\/uploads\/2025\/05\/eff7f21ca31bef3f042ec2b088f656cf-768x428.jpeg 768w\" sizes=\"auto, (max-width: 772px) 100vw, 772px\" \/><\/figure>\n\n\n\n<p><strong><em>Parlamentar solicitou reforma geral em institui\u00e7\u00e3o de ensino pioneira no munic\u00edpio<\/em><\/strong><\/p>\n\n\n\n<p>A deputada destacou que o col\u00e9gio desempenha um papel importante na forma\u00e7\u00e3o educacional das crian\u00e7as e jovens da comunidade local, por ser uma das intitui\u00e7\u00f5es pioneiras no munic\u00edpio.&nbsp;<\/p>\n\n\n\n<p>\u201cPrecisamos honrar a trajet\u00f3ria desse col\u00e9gio e oferecer um ambiente mais adequado para o processo de aprendizagem. Com toda certeza, essa reforma promover\u00e1 o bem-estar de toda a comunidade escolar envolvida\u201d, afirmou.<\/p>\n\n\n\n<figure class=\"wp-block-image size-large\"><img loading=\"lazy\" decoding=\"async\" width=\"1024\" height=\"256\" src=\"https:\/\/focotocantinense.com.br\/wp-content\/uploads\/2025\/05\/Vinicius-Martins-ESPECIALISTA-EM-RISOS-1024x256.jpeg\" alt=\"\" class=\"wp-image-10155\" srcset=\"https:\/\/focotocantinense.com.br\/wp-content\/uploads\/2025\/05\/Vinicius-Martins-ESPECIALISTA-EM-RISOS-1024x256.jpeg 1024w, https:\/\/focotocantinense.com.br\/wp-content\/uploads\/2025\/05\/Vinicius-Martins-ESPECIALISTA-EM-RISOS-300x75.jpeg 300w, https:\/\/focotocantinense.com.br\/wp-content\/uploads\/2025\/05\/Vinicius-Martins-ESPECIALISTA-EM-RISOS-768x192.jpeg 768w, https:\/\/focotocantinense.com.br\/wp-content\/uploads\/2025\/05\/Vinicius-Martins-ESPECIALISTA-EM-RISOS-1536x384.jpeg 1536w, https:\/\/focotocantinense.com.br\/wp-content\/uploads\/2025\/05\/Vinicius-Martins-ESPECIALISTA-EM-RISOS.jpeg 1584w\" sizes=\"auto, (max-width: 1024px) 100vw, 1024px\" \/><\/figure>\n","protected":false},"excerpt":{"rendered":"<p>Visando garantir mais infraestrutura e tecnologia adequada ao Col\u00e9gio Estadual de Tempo Integral Professor Aureliano, em Taguatinga, a deputada estadual Janad Valcari protocolou, nesta \u00faltima ter\u00e7a-feira, 29, um requerimento na Assembleia Legislativa do Tocantins (Aleto), para a reforma geral do pr\u00e9dio.&nbsp; Parlamentar solicitou reforma geral em institui\u00e7\u00e3o de ensino pioneira no munic\u00edpio A deputada destacou &hellip;<\/p>\n","protected":false},"author":5,"featured_media":10171,"comment_status":"open","ping_status":"open","sticky":false,"template":"","format":"standard","meta":{"footnotes":""},"categories":[1],"tags":[],"class_list":["post-10170","post","type-post","status-publish","format-standard","has-post-thumbnail","","category-sem-categoria"],"_links":{"self":[{"href":"https:\/\/focotocantinense.com.br\/index.php?rest_route=\/wp\/v2\/posts\/10170","targetHints":{"allow":["GET"]}}],"collection":[{"href":"https:\/\/focotocantinense.com.br\/index.php?rest_route=\/wp\/v2\/posts"}],"about":[{"href":"https:\/\/focotocantinense.com.br\/index.php?rest_route=\/wp\/v2\/types\/post"}],"author":[{"embeddable":true,"href":"https:\/\/focotocantinense.com.br\/index.php?rest_route=\/wp\/v2\/users\/5"}],"replies":[{"embeddable":true,"href":"https:\/\/focotocantinense.com.br\/index.php?rest_route=%2Fwp%2Fv2%2Fcomments&post=10170"}],"version-history":[{"count":2,"href":"https:\/\/focotocantinense.com.br\/index.php?rest_route=\/wp\/v2\/posts\/10170\/revisions"}],"predecessor-version":[{"id":10174,"href":"https:\/\/focotocantinense.com.br\/index.php?rest_route=\/wp\/v2\/posts\/10170\/revisions\/10174"}],"wp:featuredmedia":[{"embeddable":true,"href":"https:\/\/focotocantinense.com.br\/index.php?rest_route=\/wp\/v2\/media\/10171"}],"wp:attachment":[{"href":"https:\/\/focotocantinense.com.br\/index.php?rest_route=%2Fwp%2Fv2%2Fmedia&parent=10170"}],"wp:term":[{"taxonomy":"category","embeddable":true,"href":"https:\/\/focotocantinense.com.br\/index.php?rest_route=%2Fwp%2Fv2%2Fcategories&post=10170"},{"taxonomy":"post_tag","embeddable":true,"href":"https:\/\/focotocantinense.com.br\/index.php?rest_route=%2Fwp%2Fv2%2Ftags&post=10170"}],"curies":[{"name":"wp","href":"https:\/\/api.w.org\/{rel}","templated":true}]}}