{"id":10165,"date":"2025-05-04T09:20:54","date_gmt":"2025-05-04T12:20:54","guid":{"rendered":"https:\/\/focotocantinense.com.br\/?p=10165"},"modified":"2025-05-04T09:21:44","modified_gmt":"2025-05-04T12:21:44","slug":"aos-94-anos-morre-laurinda-moreira-mae-do-vice-governador-laurez-moreira","status":"publish","type":"post","link":"https:\/\/focotocantinense.com.br\/?p=10165","title":{"rendered":"Aos 94 anos morre Laurinda Moreira, m\u00e3e do vice-governador Laurez Moreira"},"content":{"rendered":"\n<p><strong>Por Jonas Amaral<\/strong><\/p>\n\n\n\n<p>Faleceu na tarde deste s\u00e1bado, 3 de maio, em Gurupi, sul do Tocantins,&nbsp;<strong>Laurinda da Rocha Moreira<\/strong>, m\u00e3e do vice-governador Laurez Moreira (PDT). Aos 94 anos, Dona Laurinda partiu deixando uma trajet\u00f3ria marcada pela educa\u00e7\u00e3o, f\u00e9, generosidade e profundo amor pela fam\u00edlia. A causa da morte n\u00e3o foi divulgada.<\/p>\n\n\n\n<p><strong><em>Vel\u00f3rio e cerim\u00f4nia de despedida em Duer\u00e9<\/em><\/strong><\/p>\n\n\n\n<p>A despedida ser\u00e1 realizada a partir das 22h deste s\u00e1bado na resid\u00eancia da fam\u00edlia, localizada na Avenida 14 de Novembro, no centro de Duer\u00e9. A missa de corpo presente acontecer\u00e1 \u00e0s 9h de domingo, 4 de maio, na Igreja Santo Ant\u00f4nio. O sepultamento ser\u00e1 logo ap\u00f3s, \u00e0s 10h, no Cemit\u00e9rio S\u00e3o Jos\u00e9, tamb\u00e9m em Duer\u00e9, cidade onde Dona Laurinda construiu sua hist\u00f3ria.<\/p>\n\n\n\n<figure class=\"wp-block-image size-full is-resized\"><img loading=\"lazy\" decoding=\"async\" width=\"984\" height=\"554\" src=\"https:\/\/focotocantinense.com.br\/wp-content\/uploads\/2025\/05\/LAUREZ-E-LAURINDA.jpeg\" alt=\"\" class=\"wp-image-10166\" style=\"width:384px;height:auto\" srcset=\"https:\/\/focotocantinense.com.br\/wp-content\/uploads\/2025\/05\/LAUREZ-E-LAURINDA.jpeg 984w, https:\/\/focotocantinense.com.br\/wp-content\/uploads\/2025\/05\/LAUREZ-E-LAURINDA-300x169.jpeg 300w, https:\/\/focotocantinense.com.br\/wp-content\/uploads\/2025\/05\/LAUREZ-E-LAURINDA-768x432.jpeg 768w\" sizes=\"auto, (max-width: 984px) 100vw, 984px\" \/><\/figure>\n\n\n\n<p><\/p>\n\n\n\n<p><strong><em>Um legado constru\u00eddo na educa\u00e7\u00e3o e na fam\u00edlia<\/em><\/strong><\/p>\n\n\n\n<p>Natural de fam\u00edlia piauiense, Dona Laurinda chegou ao Tocantins ainda jovem, onde conheceu seu companheiro de vida,&nbsp;<strong>Juarez da Rocha Moreira<\/strong>, e com quem formou uma grande fam\u00edlia com dez filhos. Em Duer\u00e9, ela atuou por muitos anos como professora, contribuindo para a forma\u00e7\u00e3o de crian\u00e7as e fam\u00edlias da regi\u00e3o.<br>Segundo Laurez Moreira, sua m\u00e3e foi&nbsp;<em>\u201cuma verdadeira educadora do cora\u00e7\u00e3o e da alma\u201d<\/em>. Ele destacou ainda que foi ela quem despertou nele o gosto pelas palavras, pela orat\u00f3ria e o incentivou, mesmo que indiretamente, \u00e0 vida p\u00fablica.<\/p>\n\n\n\n<p><em>\u201cSeus ensinamentos seguir\u00e3o comigo para sempre. Seu legado, sua mem\u00f3ria e seu exemplo ser\u00e3o eternamente minha inspira\u00e7\u00e3o\u201d,<\/em>&nbsp;escreveu emocionado o vice-governador em nota publicada nas redes sociais.<\/p>\n\n\n\n<p><strong><em>Solidariedade e homenagens<\/em><\/strong><\/p>\n\n\n\n<p>A not\u00edcia do falecimento mobilizou autoridades e lideran\u00e7as pol\u00edticas do Tocantins, que emitiram notas de pesar e homenagens \u00e0 mem\u00f3ria de Dona Laurinda.<\/p>\n\n\n\n<p>O governador&nbsp;<strong>Wanderlei Barbosa (Republicanos)<\/strong>&nbsp;tamb\u00e9m lamentou a perda:<\/p>\n\n\n\n<p><em>\u201cDona Laurinda foi uma mulher admir\u00e1vel, pioneira da regi\u00e3o sul do estado, cuja trajet\u00f3ria foi marcada por sabedoria, generosidade e uma f\u00e9 inabal\u00e1vel. Sua presen\u00e7a deixar\u00e1 saudades e o seu exemplo continuar\u00e1 inspirando gera\u00e7\u00f5es.\u201d<\/em><\/p>\n\n\n\n<p>O deputado estadual&nbsp;<strong>Jorge Frederico (Republicanos)<\/strong>&nbsp;expressou condol\u00eancias ao vice-governador:<\/p>\n\n\n\n<p><em>\u201cQue o legado de Dona Laurinda, marcado pelo amor \u00e0 fam\u00edlia e pelos valores que transmitiu, siga sendo inspira\u00e7\u00e3o para todos.\u201d<\/em><\/p>\n\n\n\n<p>J\u00e1 o deputado&nbsp;<strong>Eduardo Mantoan (PSDB)<\/strong>&nbsp;destacou a f\u00e9 e a for\u00e7a da matriarca:<\/p>\n\n\n\n<p><em>\u201cQue Deus, em Sua infinita miseric\u00f3rdia, conforte os cora\u00e7\u00f5es e conceda paz \u00e0 Sra. Laurinda.\u201d<\/em><\/p>\n\n\n\n<p><strong><em>Homenagem a uma vida que inspira<\/em><\/strong><\/p>\n\n\n\n<p>O falecimento de Laurinda da Rocha Moreira marca n\u00e3o apenas a dor da fam\u00edlia Moreira, mas tamb\u00e9m o luto de toda uma comunidade que reconhece sua contribui\u00e7\u00e3o \u00e0 educa\u00e7\u00e3o, aos valores familiares e \u00e0 constru\u00e7\u00e3o social do Tocantins. Seu nome segue vivo na mem\u00f3ria de Duer\u00e9 e na hist\u00f3ria do Estado.<\/p>\n","protected":false},"excerpt":{"rendered":"<p>Por Jonas Amaral Faleceu na tarde deste s\u00e1bado, 3 de maio, em Gurupi, sul do Tocantins,&nbsp;Laurinda da Rocha Moreira, m\u00e3e do vice-governador Laurez Moreira (PDT). Aos 94 anos, Dona Laurinda partiu deixando uma trajet\u00f3ria marcada pela educa\u00e7\u00e3o, f\u00e9, generosidade e profundo amor pela fam\u00edlia. A causa da morte n\u00e3o foi divulgada. Vel\u00f3rio e cerim\u00f4nia de &hellip;<\/p>\n","protected":false},"author":5,"featured_media":10166,"comment_status":"open","ping_status":"open","sticky":false,"template":"","format":"standard","meta":{"footnotes":""},"categories":[38],"tags":[],"class_list":["post-10165","post","type-post","status-publish","format-standard","has-post-thumbnail","","category-gurupi"],"_links":{"self":[{"href":"https:\/\/focotocantinense.com.br\/index.php?rest_route=\/wp\/v2\/posts\/10165","targetHints":{"allow":["GET"]}}],"collection":[{"href":"https:\/\/focotocantinense.com.br\/index.php?rest_route=\/wp\/v2\/posts"}],"about":[{"href":"https:\/\/focotocantinense.com.br\/index.php?rest_route=\/wp\/v2\/types\/post"}],"author":[{"embeddable":true,"href":"https:\/\/focotocantinense.com.br\/index.php?rest_route=\/wp\/v2\/users\/5"}],"replies":[{"embeddable":true,"href":"https:\/\/focotocantinense.com.br\/index.php?rest_route=%2Fwp%2Fv2%2Fcomments&post=10165"}],"version-history":[{"count":3,"href":"https:\/\/focotocantinense.com.br\/index.php?rest_route=\/wp\/v2\/posts\/10165\/revisions"}],"predecessor-version":[{"id":10169,"href":"https:\/\/focotocantinense.com.br\/index.php?rest_route=\/wp\/v2\/posts\/10165\/revisions\/10169"}],"wp:featuredmedia":[{"embeddable":true,"href":"https:\/\/focotocantinense.com.br\/index.php?rest_route=\/wp\/v2\/media\/10166"}],"wp:attachment":[{"href":"https:\/\/focotocantinense.com.br\/index.php?rest_route=%2Fwp%2Fv2%2Fmedia&parent=10165"}],"wp:term":[{"taxonomy":"category","embeddable":true,"href":"https:\/\/focotocantinense.com.br\/index.php?rest_route=%2Fwp%2Fv2%2Fcategories&post=10165"},{"taxonomy":"post_tag","embeddable":true,"href":"https:\/\/focotocantinense.com.br\/index.php?rest_route=%2Fwp%2Fv2%2Ftags&post=10165"}],"curies":[{"name":"wp","href":"https:\/\/api.w.org\/{rel}","templated":true}]}}