{"id":10146,"date":"2025-04-30T11:29:36","date_gmt":"2025-04-30T14:29:36","guid":{"rendered":"https:\/\/focotocantinense.com.br\/?p=10146"},"modified":"2025-04-30T11:29:36","modified_gmt":"2025-04-30T14:29:36","slug":"amelio-cayres-recebe-titulo-amigo-da-abrajet-tocantins-pelo-apoio-ao-turismo-tocantinense","status":"publish","type":"post","link":"https:\/\/focotocantinense.com.br\/?p=10146","title":{"rendered":"Am\u00e9lio Cayres recebe t\u00edtulo \u201cAmigo da Abrajet Tocantins\u201d pelo apoio ao turismo tocantinense"},"content":{"rendered":"\n<p>A Assembleia Legislativa do Tocantins (Aleto) teve sua atua\u00e7\u00e3o em prol do Turismo reconhecida pela Associa\u00e7\u00e3o Brasileira de Jornalistas de Turismo \u2013 seccional Tocantins (Abrajet-TO), durante a solenidade de posse da nova diretoria da entidade, realizada na noite desta ter\u00e7a-feira, 29, na sede do Parlamento Estadual. Na ocasi\u00e3o, o presidente da Casa, deputado Am\u00e9lio Cayres (Republicanos), recebeu o t\u00edtulo de \u201cAmigo da Abrajet Tocantins 2025\u201d, em reconhecimento ao apoio prestado ao desenvolvimento do setor tur\u00edstico no Estado.<\/p>\n\n\n\n<figure class=\"wp-block-image size-full is-resized\"><img loading=\"lazy\" decoding=\"async\" width=\"942\" height=\"755\" src=\"https:\/\/focotocantinense.com.br\/wp-content\/uploads\/2025\/04\/aaaaaaaaaaaa-1.png\" alt=\"\" class=\"wp-image-10148\" style=\"width:385px;height:auto\" srcset=\"https:\/\/focotocantinense.com.br\/wp-content\/uploads\/2025\/04\/aaaaaaaaaaaa-1.png 942w, https:\/\/focotocantinense.com.br\/wp-content\/uploads\/2025\/04\/aaaaaaaaaaaa-1-300x240.png 300w, https:\/\/focotocantinense.com.br\/wp-content\/uploads\/2025\/04\/aaaaaaaaaaaa-1-768x616.png 768w\" sizes=\"auto, (max-width: 942px) 100vw, 942px\" \/><\/figure>\n\n\n\n<p><strong><em>Presidente da Casa de Leis recebeu a homenagem pelo apoio prestado \u00e0 Associa\u00e7\u00e3o e ao setor tur\u00edstico &#8211; Foto: Silvio Santos\/Dicom Aleto <\/em><\/strong><\/p>\n\n\n\n<p>\u201cEssa homenagem \u00e9 um indicativo de que os deputados estaduais est\u00e3o atentos e contribuindo para o fortalecimento dos mais diversos setores da nossa economia e o setor de Turismo \u00e9 um deles. Fico muito honrado com essa homenagem, especialmente porque reconhecemos o papel fundamental dos jornalistas de turismo na valoriza\u00e7\u00e3o e divulga\u00e7\u00e3o das nossas belezas naturais e atrativos culturais\u201d, disse Am\u00e9lio Cayres.<\/p>\n\n\n\n<p>Tamb\u00e9m foram entregues homenagens \u00e0 deputada Claudia Lelis (PV) e ao diretor-geral da Aleto, Irisfran de Sousa Pereira, o qual frisou a boa rela\u00e7\u00e3o da Casa de Leis com demais setores da sociedade, al\u00e9m de refor\u00e7ar a miss\u00e3o dos parlamentares de legislar em prol do Turismo e, tamb\u00e9m, por meio de emendas parlamentares. &#8220;Estamos aqui para somar e a Abrajet tem nosso apoio na miss\u00e3o de divulgar nossos atrativos&#8221;, afirmou o diretor-geral.&nbsp;<\/p>\n\n\n\n<p>De acordo com o novo presidente da Abrajet empossado, Rojas Greg\u00f3rio, a titularidade \u00e9 um reconhecimento a personalidades e a institui\u00e7\u00f5es que contribuem com a Associa\u00e7\u00e3o e com o Turismo no Tocantins.<\/p>\n\n\n\n<p>\u201cOs homenageados foram definidos em vota\u00e7\u00e3o entre os membros da Abrajet Tocantins, como reconhecimento aos servi\u00e7os prestados \u00e0 institui\u00e7\u00e3o e ao segmento Turismo em n\u00edvel estadual\u201d, justificou o presidente da Abrajet Nacional, &nbsp;Luiz Pires. &nbsp;<\/p>\n\n\n\n<p><strong>Diretoria Abrajet<\/strong><\/p>\n\n\n\n<p>Institu\u00edda em 1992, a Abrajet empossou nova diretoria para bi\u00eanio 2025-2026, composta pelos seguintes jornalistas: &nbsp;Rojas Rhoden Greg\u00f3rio, na presid\u00eancia, tamb\u00e9m diretor administrativo da Abrajet Nacional; Maria Jos\u00e9 Cotrim, vice-presidente; Teciany Ribeiro Lima, secret\u00e1ria geral, que tamb\u00e9m responde pela Diretoria Regional Centro-Oeste da Abrajet Nacional; Maria Arlete Carvalho Lima, diretora de Finan\u00e7as; Belmiro Greg\u00f3rio dos Santos, diretor Jur\u00eddico; Suzana Barros, diretora de Projetos Especiais, tamb\u00e9m Diretora de Marketing da Abrajet Nacional; Thelma Rejane Lima Maranh\u00e3o, diretora de Eventos e Aurielly Painkow, diretora de Comunica\u00e7\u00e3o e Rela\u00e7\u00f5es P\u00fablicas.<\/p>\n\n\n\n<figure class=\"wp-block-image size-large\"><img loading=\"lazy\" decoding=\"async\" width=\"1024\" height=\"256\" src=\"https:\/\/focotocantinense.com.br\/wp-content\/uploads\/2025\/04\/Vinicius-Martins-ESPECIALISTA-EM-RISOS-10-1024x256.jpeg\" alt=\"\" class=\"wp-image-10143\" srcset=\"https:\/\/focotocantinense.com.br\/wp-content\/uploads\/2025\/04\/Vinicius-Martins-ESPECIALISTA-EM-RISOS-10-1024x256.jpeg 1024w, https:\/\/focotocantinense.com.br\/wp-content\/uploads\/2025\/04\/Vinicius-Martins-ESPECIALISTA-EM-RISOS-10-300x75.jpeg 300w, https:\/\/focotocantinense.com.br\/wp-content\/uploads\/2025\/04\/Vinicius-Martins-ESPECIALISTA-EM-RISOS-10-768x192.jpeg 768w, https:\/\/focotocantinense.com.br\/wp-content\/uploads\/2025\/04\/Vinicius-Martins-ESPECIALISTA-EM-RISOS-10-1536x384.jpeg 1536w, https:\/\/focotocantinense.com.br\/wp-content\/uploads\/2025\/04\/Vinicius-Martins-ESPECIALISTA-EM-RISOS-10.jpeg 1584w\" sizes=\"auto, (max-width: 1024px) 100vw, 1024px\" \/><\/figure>\n","protected":false},"excerpt":{"rendered":"<p>A Assembleia Legislativa do Tocantins (Aleto) teve sua atua\u00e7\u00e3o em prol do Turismo reconhecida pela Associa\u00e7\u00e3o Brasileira de Jornalistas de Turismo \u2013 seccional Tocantins (Abrajet-TO), durante a solenidade de posse da nova diretoria da entidade, realizada na noite desta ter\u00e7a-feira, 29, na sede do Parlamento Estadual. Na ocasi\u00e3o, o presidente da Casa, deputado Am\u00e9lio Cayres &hellip;<\/p>\n","protected":false},"author":5,"featured_media":10147,"comment_status":"open","ping_status":"open","sticky":false,"template":"","format":"standard","meta":{"footnotes":""},"categories":[40],"tags":[],"class_list":["post-10146","post","type-post","status-publish","format-standard","has-post-thumbnail","","category-politica"],"_links":{"self":[{"href":"https:\/\/focotocantinense.com.br\/index.php?rest_route=\/wp\/v2\/posts\/10146","targetHints":{"allow":["GET"]}}],"collection":[{"href":"https:\/\/focotocantinense.com.br\/index.php?rest_route=\/wp\/v2\/posts"}],"about":[{"href":"https:\/\/focotocantinense.com.br\/index.php?rest_route=\/wp\/v2\/types\/post"}],"author":[{"embeddable":true,"href":"https:\/\/focotocantinense.com.br\/index.php?rest_route=\/wp\/v2\/users\/5"}],"replies":[{"embeddable":true,"href":"https:\/\/focotocantinense.com.br\/index.php?rest_route=%2Fwp%2Fv2%2Fcomments&post=10146"}],"version-history":[{"count":1,"href":"https:\/\/focotocantinense.com.br\/index.php?rest_route=\/wp\/v2\/posts\/10146\/revisions"}],"predecessor-version":[{"id":10149,"href":"https:\/\/focotocantinense.com.br\/index.php?rest_route=\/wp\/v2\/posts\/10146\/revisions\/10149"}],"wp:featuredmedia":[{"embeddable":true,"href":"https:\/\/focotocantinense.com.br\/index.php?rest_route=\/wp\/v2\/media\/10147"}],"wp:attachment":[{"href":"https:\/\/focotocantinense.com.br\/index.php?rest_route=%2Fwp%2Fv2%2Fmedia&parent=10146"}],"wp:term":[{"taxonomy":"category","embeddable":true,"href":"https:\/\/focotocantinense.com.br\/index.php?rest_route=%2Fwp%2Fv2%2Fcategories&post=10146"},{"taxonomy":"post_tag","embeddable":true,"href":"https:\/\/focotocantinense.com.br\/index.php?rest_route=%2Fwp%2Fv2%2Ftags&post=10146"}],"curies":[{"name":"wp","href":"https:\/\/api.w.org\/{rel}","templated":true}]}}