{"id":10141,"date":"2025-04-30T11:15:19","date_gmt":"2025-04-30T14:15:19","guid":{"rendered":"https:\/\/focotocantinense.com.br\/?p=10141"},"modified":"2025-04-30T11:16:52","modified_gmt":"2025-04-30T14:16:52","slug":"escola-do-legislativo-inicia-curso-preparatorio-para-concurso-da-pm-to-em-paraiso","status":"publish","type":"post","link":"https:\/\/focotocantinense.com.br\/?p=10141","title":{"rendered":"Escola do Legislativo inicia curso preparat\u00f3rio para concurso da PM-TO em Para\u00edso"},"content":{"rendered":"\n<p><strong>Por Rodrigo Martins<\/strong><\/p>\n\n\n\n<p>A Assembleia Legislativa do Tocantins (Aleto), por meio da Escola do Legislativo, em parceria com a C\u00e2mara Municipal de Para\u00edso do Tocantins, realizou nesta ter\u00e7a-feira, 29, a aula inaugural do curso preparat\u00f3rio gratuito para o concurso da Pol\u00edcia Militar do Tocantins (PM-TO). O evento ocorreu no plen\u00e1rio da C\u00e2mara Municipal, no Pal\u00e1cio Zeca Moraes, e reuniu cerca de 150 inscritos.<\/p>\n\n\n\n<p>A oferta do curso \u00e9 resultado de um termo de coopera\u00e7\u00e3o firmado entre as Escolas do Legislativo da Aleto e da C\u00e2mara de Para\u00edso, fortalecendo a atua\u00e7\u00e3o conjunta entre os Legislativos estadual e municipal. Para\u00edso do Tocantins \u00e9 o terceiro munic\u00edpio a ser contemplado com a iniciativa, que j\u00e1 est\u00e1 em funcionamento em Araguatins e Augustin\u00f3polis, no extremo norte do Estado.<\/p>\n\n\n\n<figure class=\"wp-block-image size-large is-resized\"><img loading=\"lazy\" decoding=\"async\" width=\"1024\" height=\"663\" src=\"https:\/\/focotocantinense.com.br\/wp-content\/uploads\/2025\/04\/alto-1024x663.jpeg\" alt=\"\" class=\"wp-image-10142\" style=\"width:380px;height:auto\" srcset=\"https:\/\/focotocantinense.com.br\/wp-content\/uploads\/2025\/04\/alto-1024x663.jpeg 1024w, https:\/\/focotocantinense.com.br\/wp-content\/uploads\/2025\/04\/alto-300x194.jpeg 300w, https:\/\/focotocantinense.com.br\/wp-content\/uploads\/2025\/04\/alto-768x497.jpeg 768w, https:\/\/focotocantinense.com.br\/wp-content\/uploads\/2025\/04\/alto-1536x995.jpeg 1536w, https:\/\/focotocantinense.com.br\/wp-content\/uploads\/2025\/04\/alto.jpeg 1600w\" sizes=\"auto, (max-width: 1024px) 100vw, 1024px\" \/><\/figure>\n\n\n\n<p><em><strong>Iniciativa atende cerca de 150 alunos e fortalece o compromisso do Parlamento com a educa\u00e7\u00e3o p\u00fablica<\/strong><\/em> <strong><em>(Foto: Victor Assis\/Aleto)<\/em><\/strong><\/p>\n\n\n\n<p>O diretor da Escola do Legislativo da Aleto, J\u00falio Oliveira, destacou a celeridade no atendimento \u00e0 demanda da cidade. \u201cFirmamos um termo de coopera\u00e7\u00e3o entre as Casas Legislativas para atender prontamente ao pedido de Para\u00edso. \u00c9 um compromisso da Aleto contribuir com a educa\u00e7\u00e3o da popula\u00e7\u00e3o\u201d, afirmou.<\/p>\n\n\n\n<p>Al\u00e9m da modalidade presencial, o curso tamb\u00e9m est\u00e1 dispon\u00edvel gratuitamente para toda a popula\u00e7\u00e3o do Tocantins, em formato EAD, por meio da plataforma da Escola do Legislativo da Aleto: www.escolalegto.com.br.<\/p>\n\n\n\n<p>Representando o presidente da Aleto, deputado Am\u00e9lio Cayres (Republicanos), o deputado estadual Nilton Franco (Republicanos) esteve presente e refor\u00e7ou a import\u00e2ncia da a\u00e7\u00e3o. \u201c\u00c9 um momento importante para Para\u00edso e regi\u00e3o. Agrade\u00e7o ao presidente Am\u00e9lio por ter atendido esse pedido. O papel do Legislativo n\u00e3o \u00e9 s\u00f3 legislar, mas tamb\u00e9m oferecer oportunidades de educa\u00e7\u00e3o e capacita\u00e7\u00e3o\u201d.<\/p>\n\n\n\n<p>A presen\u00e7a dos deputados Professor Junior Geo (PSDB). Dr Danilo Alencar (PL) e Professora Janad Valcari (PL) tamb\u00e9m evidenciou o apoio do Parlamento tocantinense \u00e0 iniciativa.<\/p>\n\n\n\n<p>Com o lan\u00e7amento do curso em Para\u00edso, a Assembleia Legislativa do Tocantins, por meio da sua Escola do Legislativo, reafirma seu papel na promo\u00e7\u00e3o da cidadania, educa\u00e7\u00e3o e qualifica\u00e7\u00e3o profissional em todo o Estado.<\/p>\n\n\n\n<figure class=\"wp-block-image size-large\"><img loading=\"lazy\" decoding=\"async\" width=\"1024\" height=\"256\" src=\"https:\/\/focotocantinense.com.br\/wp-content\/uploads\/2025\/04\/Vinicius-Martins-ESPECIALISTA-EM-RISOS-10-1024x256.jpeg\" alt=\"\" class=\"wp-image-10143\" srcset=\"https:\/\/focotocantinense.com.br\/wp-content\/uploads\/2025\/04\/Vinicius-Martins-ESPECIALISTA-EM-RISOS-10-1024x256.jpeg 1024w, https:\/\/focotocantinense.com.br\/wp-content\/uploads\/2025\/04\/Vinicius-Martins-ESPECIALISTA-EM-RISOS-10-300x75.jpeg 300w, https:\/\/focotocantinense.com.br\/wp-content\/uploads\/2025\/04\/Vinicius-Martins-ESPECIALISTA-EM-RISOS-10-768x192.jpeg 768w, https:\/\/focotocantinense.com.br\/wp-content\/uploads\/2025\/04\/Vinicius-Martins-ESPECIALISTA-EM-RISOS-10-1536x384.jpeg 1536w, https:\/\/focotocantinense.com.br\/wp-content\/uploads\/2025\/04\/Vinicius-Martins-ESPECIALISTA-EM-RISOS-10.jpeg 1584w\" sizes=\"auto, (max-width: 1024px) 100vw, 1024px\" \/><\/figure>\n","protected":false},"excerpt":{"rendered":"<p>Por Rodrigo Martins A Assembleia Legislativa do Tocantins (Aleto), por meio da Escola do Legislativo, em parceria com a C\u00e2mara Municipal de Para\u00edso do Tocantins, realizou nesta ter\u00e7a-feira, 29, a aula inaugural do curso preparat\u00f3rio gratuito para o concurso da Pol\u00edcia Militar do Tocantins (PM-TO). O evento ocorreu no plen\u00e1rio da C\u00e2mara Municipal, no Pal\u00e1cio &hellip;<\/p>\n","protected":false},"author":5,"featured_media":10142,"comment_status":"open","ping_status":"open","sticky":false,"template":"","format":"standard","meta":{"footnotes":""},"categories":[47],"tags":[],"class_list":["post-10141","post","type-post","status-publish","format-standard","has-post-thumbnail","","category-paraiso"],"_links":{"self":[{"href":"https:\/\/focotocantinense.com.br\/index.php?rest_route=\/wp\/v2\/posts\/10141","targetHints":{"allow":["GET"]}}],"collection":[{"href":"https:\/\/focotocantinense.com.br\/index.php?rest_route=\/wp\/v2\/posts"}],"about":[{"href":"https:\/\/focotocantinense.com.br\/index.php?rest_route=\/wp\/v2\/types\/post"}],"author":[{"embeddable":true,"href":"https:\/\/focotocantinense.com.br\/index.php?rest_route=\/wp\/v2\/users\/5"}],"replies":[{"embeddable":true,"href":"https:\/\/focotocantinense.com.br\/index.php?rest_route=%2Fwp%2Fv2%2Fcomments&post=10141"}],"version-history":[{"count":2,"href":"https:\/\/focotocantinense.com.br\/index.php?rest_route=\/wp\/v2\/posts\/10141\/revisions"}],"predecessor-version":[{"id":10145,"href":"https:\/\/focotocantinense.com.br\/index.php?rest_route=\/wp\/v2\/posts\/10141\/revisions\/10145"}],"wp:featuredmedia":[{"embeddable":true,"href":"https:\/\/focotocantinense.com.br\/index.php?rest_route=\/wp\/v2\/media\/10142"}],"wp:attachment":[{"href":"https:\/\/focotocantinense.com.br\/index.php?rest_route=%2Fwp%2Fv2%2Fmedia&parent=10141"}],"wp:term":[{"taxonomy":"category","embeddable":true,"href":"https:\/\/focotocantinense.com.br\/index.php?rest_route=%2Fwp%2Fv2%2Fcategories&post=10141"},{"taxonomy":"post_tag","embeddable":true,"href":"https:\/\/focotocantinense.com.br\/index.php?rest_route=%2Fwp%2Fv2%2Ftags&post=10141"}],"curies":[{"name":"wp","href":"https:\/\/api.w.org\/{rel}","templated":true}]}}