{"id":10131,"date":"2025-04-29T21:34:52","date_gmt":"2025-04-30T00:34:52","guid":{"rendered":"https:\/\/focotocantinense.com.br\/?p=10131"},"modified":"2025-04-29T21:38:21","modified_gmt":"2025-04-30T00:38:21","slug":"belem-recebe-ii-congresso-nacional-da-febtur-e-se-firma-como-capital-do-turismo-sustentavel-as-vesperas-da-cop-30","status":"publish","type":"post","link":"https:\/\/focotocantinense.com.br\/?p=10131","title":{"rendered":"Bel\u00e9m recebe II Congresso Nacional da FEBTUR e se firma como capital do turismo sustent\u00e1vel \u00e0s v\u00e9speras da COP 30"},"content":{"rendered":"\n<p><strong>Por Gilberto Silva<\/strong><\/p>\n\n\n\n<p>Em um dos momentos mais emblem\u00e1ticos da hist\u00f3ria do Par\u00e1, a cidade de Bel\u00e9m se prepara para ser, mais uma vez, protagonista em uma agenda que ultrapassa as fronteiras do turismo e se inscreve na pauta global da sustentabilidade. Entre os dias 10 e 15 de junho, a capital paraense ser\u00e1 palco do II Congresso Nacional da FEBTUR (Federa\u00e7\u00e3o Brasileira de Jornalistas e Comunicadores de Turismo), reunindo mais de 150 profissionais da comunica\u00e7\u00e3o, do turismo, estudantes, pesquisadores e representantes de comunidades locais em um grande encontro que promete marcar \u00e9poca.<\/p>\n\n\n\n<figure class=\"wp-block-image size-full is-resized\"><img loading=\"lazy\" decoding=\"async\" width=\"580\" height=\"870\" src=\"https:\/\/focotocantinense.com.br\/wp-content\/uploads\/2025\/04\/BELEM-FOTO-BRUNO-CECIM.jpg\" alt=\"\" class=\"wp-image-10132\" style=\"width:387px;height:auto\" srcset=\"https:\/\/focotocantinense.com.br\/wp-content\/uploads\/2025\/04\/BELEM-FOTO-BRUNO-CECIM.jpg 580w, https:\/\/focotocantinense.com.br\/wp-content\/uploads\/2025\/04\/BELEM-FOTO-BRUNO-CECIM-200x300.jpg 200w\" sizes=\"auto, (max-width: 580px) 100vw, 580px\" \/><\/figure>\n\n\n\n<p><\/p>\n\n\n\n<p>&nbsp; &nbsp;&nbsp;Sob o tema &#8220;<strong>Sustentabilidade tamb\u00e9m se faz com informa\u00e7\u00e3o<\/strong>&#8220;, o evento ser\u00e1 mais do que um congresso. Se prop\u00f5e a ser uma plataforma de forma\u00e7\u00e3o, articula\u00e7\u00e3o, troca de experi\u00eancias e afirma\u00e7\u00e3o de compromissos com o turismo respons\u00e1vel, \u00e9tico e comprometido com o desenvolvimento sustent\u00e1vel da Amaz\u00f4nia e do Brasil.<\/p>\n\n\n\n<p><strong>Vanguarda do turismo sustent\u00e1vel<\/strong><\/p>\n\n\n\n<p>&nbsp;&nbsp; &nbsp;O ano de 2025 reserva um marco hist\u00f3rico para Bel\u00e9m com a realiza\u00e7\u00e3o da COP 30 \u2013 Confer\u00eancia das Na\u00e7\u00f5es Unidas sobre as Mudan\u00e7as Clim\u00e1ticas, programada para novembro. Antecipando essa agenda global, o congresso da FEBTUR chega como um aquecimento de peso, colocando o Par\u00e1 no centro das discuss\u00f5es que envolvem turismo, meio ambiente, comunica\u00e7\u00e3o e justi\u00e7a clim\u00e1tica.<\/p>\n\n\n\n<p>&nbsp;&nbsp; &nbsp;A programa\u00e7\u00e3o, extensa e estrat\u00e9gica, contempla oficinas tem\u00e1ticas, pain\u00e9is de debate, palestras com especialistas, exposi\u00e7\u00f5es culturais e experi\u00eancias imersivas. A proposta \u00e9 clara: mostrar ao mundo as potencialidades e a for\u00e7a da regi\u00e3o Norte, exaltando n\u00e3o apenas suas belezas naturais, mas tamb\u00e9m as pr\u00e1ticas inovadoras que unem tradi\u00e7\u00e3o, tecnologia e responsabilidade socioambiental.<\/p>\n\n\n\n<figure class=\"wp-block-image size-large\"><img loading=\"lazy\" decoding=\"async\" width=\"1024\" height=\"683\" src=\"https:\/\/focotocantinense.com.br\/wp-content\/uploads\/2025\/04\/3-BELEM-FOTO-BRUNO-CECIM-1024x683.jpg\" alt=\"\" class=\"wp-image-10136\" srcset=\"https:\/\/focotocantinense.com.br\/wp-content\/uploads\/2025\/04\/3-BELEM-FOTO-BRUNO-CECIM-1024x683.jpg 1024w, https:\/\/focotocantinense.com.br\/wp-content\/uploads\/2025\/04\/3-BELEM-FOTO-BRUNO-CECIM-300x200.jpg 300w, https:\/\/focotocantinense.com.br\/wp-content\/uploads\/2025\/04\/3-BELEM-FOTO-BRUNO-CECIM-768x512.jpg 768w, https:\/\/focotocantinense.com.br\/wp-content\/uploads\/2025\/04\/3-BELEM-FOTO-BRUNO-CECIM.jpg 1300w\" sizes=\"auto, (max-width: 1024px) 100vw, 1024px\" \/><\/figure>\n\n\n\n<p><\/p>\n\n\n\n<p><strong>Turismo da Amaz\u00f4nia como modelo<\/strong><\/p>\n\n\n\n<p>&nbsp;&nbsp; &nbsp;A Amaz\u00f4nia ser\u00e1 o foco central das discuss\u00f5es. O evento quer provocar reflex\u00f5es e apresentar solu\u00e7\u00f5es que incentivem um turismo sustent\u00e1vel, inclusivo e integrador, com respeito aos povos origin\u00e1rios, \u00e0s comunidades ribeirinhas, \u00e0 biodiversidade e aos saberes ancestrais.<\/p>\n\n\n\n<p>Mais do que explorar a natureza, o congresso quer valorizar as viv\u00eancias, a cultura, os modos de vida e a hospitalidade das popula\u00e7\u00f5es locais, mostrando que o turismo pode e deve ser um aliado da preserva\u00e7\u00e3o ambiental e da justi\u00e7a social.<\/p>\n\n\n\n<figure class=\"wp-block-image size-large\"><img loading=\"lazy\" decoding=\"async\" width=\"1024\" height=\"683\" src=\"https:\/\/focotocantinense.com.br\/wp-content\/uploads\/2025\/04\/2-BELEM-FOTO-BRUNO-CECIM-1024x683.jpg\" alt=\"\" class=\"wp-image-10139\" srcset=\"https:\/\/focotocantinense.com.br\/wp-content\/uploads\/2025\/04\/2-BELEM-FOTO-BRUNO-CECIM-1024x683.jpg 1024w, https:\/\/focotocantinense.com.br\/wp-content\/uploads\/2025\/04\/2-BELEM-FOTO-BRUNO-CECIM-300x200.jpg 300w, https:\/\/focotocantinense.com.br\/wp-content\/uploads\/2025\/04\/2-BELEM-FOTO-BRUNO-CECIM-768x512.jpg 768w, https:\/\/focotocantinense.com.br\/wp-content\/uploads\/2025\/04\/2-BELEM-FOTO-BRUNO-CECIM.jpg 1300w\" sizes=\"auto, (max-width: 1024px) 100vw, 1024px\" \/><\/figure>\n\n\n\n<p><\/p>\n\n\n\n<p><strong>Comunica\u00e7\u00e3o como ferramenta de transforma\u00e7\u00e3o<\/strong><\/p>\n\n\n\n<p>&nbsp;&nbsp; &nbsp;Em tempos de desinforma\u00e7\u00e3o, negacionismo e prolifera\u00e7\u00e3o de fake news, o II Congresso Nacional da FEBTUR, tamb\u00e9m se prop\u00f5e a discutir o papel essencial dos jornalistas e comunicadores como agentes de transforma\u00e7\u00e3o social. Afinal, a sustentabilidade tamb\u00e9m passa pelo modo como as hist\u00f3rias s\u00e3o contadas, pelos dados que circulam e pelas narrativas que se constroem.<\/p>\n\n\n\n<p>&nbsp;&nbsp; &nbsp;Por isso, o evento reunir\u00e1 quase duas dezenas de palestrantes e especialistas, que v\u00e3o compartilhar experi\u00eancias de sucesso, boas pr\u00e1ticas, pesquisas e propostas concretas de atua\u00e7\u00e3o na interface entre turismo, comunica\u00e7\u00e3o e meio ambiente. A ideia \u00e9 que o congresso seja um marco na consolida\u00e7\u00e3o de uma comunica\u00e7\u00e3o mais \u00e9tica, sens\u00edvel e alinhada com os Objetivos de Desenvolvimento Sustent\u00e1vel (ODS) da ONU.<\/p>\n\n\n\n<p><strong>Experi\u00eancias que conectam<\/strong><\/p>\n\n\n\n<p>&nbsp;&nbsp; &nbsp;Um dos diferenciais do evento ser\u00e1 a viv\u00eancia pr\u00e1tica do turismo amaz\u00f4nico, com visitas t\u00e9cnicas a destinos emblem\u00e1ticos do Par\u00e1, como Bel\u00e9m continental e insular, Bragan\u00e7a e Augusto Corr\u00eaa. Os participantes poder\u00e3o conhecer de perto experi\u00eancias de turismo comunit\u00e1rio, gastronomia regional, manifesta\u00e7\u00f5es culturais e iniciativas de conserva\u00e7\u00e3o ambiental.<\/p>\n\n\n\n<p>&nbsp;&nbsp; &nbsp;Essas experi\u00eancias t\u00eam o objetivo de sensibilizar os participantes e mostrar que o turismo n\u00e3o \u00e9 apenas uma atividade econ\u00f4mica, mas um poderoso instrumento de inclus\u00e3o, empoderamento e transforma\u00e7\u00e3o.<\/p>\n\n\n\n<p><strong>Convite aberto. Participe!<\/strong><\/p>\n\n\n\n<p>&nbsp;&nbsp; &nbsp;A FEBTUR Nacional e a FEBTUR-PA, convidam a todos os interessados em transformar o turismo brasileiro para participarem desse momento hist\u00f3rico. Jornalistas, comunicadores, professores, estudantes, empreendedores, gestores p\u00fablicos e amantes do turismo sustent\u00e1vel encontrar\u00e3o no Congresso um espa\u00e7o de di\u00e1logo, forma\u00e7\u00e3o, integra\u00e7\u00e3o e constru\u00e7\u00e3o de redes.<\/p>\n\n\n\n<p>&nbsp; &nbsp;N\u00e3o perca a chance de estar em Bel\u00e9m, onde a Amaz\u00f4nia se conecta com o mundo, e de fazer parte de uma iniciativa que refor\u00e7a a import\u00e2ncia da comunica\u00e7\u00e3o, da cultura e da sustentabilidade como pilares do futuro que queremos construir. Vamos juntos mostrar que a Amaz\u00f4nia n\u00e3o \u00e9 s\u00f3 pulm\u00e3o do mundo. \u00c9 tamb\u00e9m cora\u00e7\u00e3o pulsante de um turismo mais humano, consciente e transformador.<\/p>\n\n\n\n<figure class=\"wp-block-image size-full\"><img loading=\"lazy\" decoding=\"async\" width=\"769\" height=\"222\" src=\"https:\/\/focotocantinense.com.br\/wp-content\/uploads\/2025\/04\/FEBTUR-2025.jpeg\" alt=\"\" class=\"wp-image-10133\" srcset=\"https:\/\/focotocantinense.com.br\/wp-content\/uploads\/2025\/04\/FEBTUR-2025.jpeg 769w, https:\/\/focotocantinense.com.br\/wp-content\/uploads\/2025\/04\/FEBTUR-2025-300x87.jpeg 300w\" sizes=\"auto, (max-width: 769px) 100vw, 769px\" \/><\/figure>\n\n\n\n<p><\/p>\n\n\n\n<figure class=\"wp-block-image size-large\"><img loading=\"lazy\" decoding=\"async\" width=\"1024\" height=\"256\" src=\"https:\/\/focotocantinense.com.br\/wp-content\/uploads\/2025\/04\/Vinicius-Martins-ESPECIALISTA-EM-RISOS-9-1024x256.jpeg\" alt=\"\" class=\"wp-image-10101\" srcset=\"https:\/\/focotocantinense.com.br\/wp-content\/uploads\/2025\/04\/Vinicius-Martins-ESPECIALISTA-EM-RISOS-9-1024x256.jpeg 1024w, https:\/\/focotocantinense.com.br\/wp-content\/uploads\/2025\/04\/Vinicius-Martins-ESPECIALISTA-EM-RISOS-9-300x75.jpeg 300w, https:\/\/focotocantinense.com.br\/wp-content\/uploads\/2025\/04\/Vinicius-Martins-ESPECIALISTA-EM-RISOS-9-768x192.jpeg 768w, https:\/\/focotocantinense.com.br\/wp-content\/uploads\/2025\/04\/Vinicius-Martins-ESPECIALISTA-EM-RISOS-9-1536x384.jpeg 1536w, https:\/\/focotocantinense.com.br\/wp-content\/uploads\/2025\/04\/Vinicius-Martins-ESPECIALISTA-EM-RISOS-9.jpeg 1584w\" sizes=\"auto, (max-width: 1024px) 100vw, 1024px\" \/><\/figure>\n","protected":false},"excerpt":{"rendered":"<p>Por Gilberto Silva Em um dos momentos mais emblem\u00e1ticos da hist\u00f3ria do Par\u00e1, a cidade de Bel\u00e9m se prepara para ser, mais uma vez, protagonista em uma agenda que ultrapassa as fronteiras do turismo e se inscreve na pauta global da sustentabilidade. Entre os dias 10 e 15 de junho, a capital paraense ser\u00e1 palco &hellip;<\/p>\n","protected":false},"author":5,"featured_media":10132,"comment_status":"open","ping_status":"open","sticky":false,"template":"","format":"standard","meta":{"footnotes":""},"categories":[1],"tags":[],"class_list":["post-10131","post","type-post","status-publish","format-standard","has-post-thumbnail","","category-sem-categoria"],"_links":{"self":[{"href":"https:\/\/focotocantinense.com.br\/index.php?rest_route=\/wp\/v2\/posts\/10131","targetHints":{"allow":["GET"]}}],"collection":[{"href":"https:\/\/focotocantinense.com.br\/index.php?rest_route=\/wp\/v2\/posts"}],"about":[{"href":"https:\/\/focotocantinense.com.br\/index.php?rest_route=\/wp\/v2\/types\/post"}],"author":[{"embeddable":true,"href":"https:\/\/focotocantinense.com.br\/index.php?rest_route=\/wp\/v2\/users\/5"}],"replies":[{"embeddable":true,"href":"https:\/\/focotocantinense.com.br\/index.php?rest_route=%2Fwp%2Fv2%2Fcomments&post=10131"}],"version-history":[{"count":4,"href":"https:\/\/focotocantinense.com.br\/index.php?rest_route=\/wp\/v2\/posts\/10131\/revisions"}],"predecessor-version":[{"id":10140,"href":"https:\/\/focotocantinense.com.br\/index.php?rest_route=\/wp\/v2\/posts\/10131\/revisions\/10140"}],"wp:featuredmedia":[{"embeddable":true,"href":"https:\/\/focotocantinense.com.br\/index.php?rest_route=\/wp\/v2\/media\/10132"}],"wp:attachment":[{"href":"https:\/\/focotocantinense.com.br\/index.php?rest_route=%2Fwp%2Fv2%2Fmedia&parent=10131"}],"wp:term":[{"taxonomy":"category","embeddable":true,"href":"https:\/\/focotocantinense.com.br\/index.php?rest_route=%2Fwp%2Fv2%2Fcategories&post=10131"},{"taxonomy":"post_tag","embeddable":true,"href":"https:\/\/focotocantinense.com.br\/index.php?rest_route=%2Fwp%2Fv2%2Ftags&post=10131"}],"curies":[{"name":"wp","href":"https:\/\/api.w.org\/{rel}","templated":true}]}}