{"id":10118,"date":"2025-04-29T07:46:18","date_gmt":"2025-04-29T10:46:18","guid":{"rendered":"https:\/\/focotocantinense.com.br\/?p=10118"},"modified":"2025-04-29T08:02:51","modified_gmt":"2025-04-29T11:02:51","slug":"deputada-janad-valcari-integra-mobilizacao-por-mais-infraestrutura-na-rodovia-br-235-to-ma-em-pedro-afonso","status":"publish","type":"post","link":"https:\/\/focotocantinense.com.br\/?p=10118","title":{"rendered":"Deputada Janad Valcari integra mobiliza\u00e7\u00e3o por mais infraestrutura na rodovia BR-235 TO\/MA em Pedro Afonso"},"content":{"rendered":"\n<p>Refor\u00e7ando seu compromisso com as pautas de melhoria de infraestrutura no estado, neste domingo, 27, a deputada Janad Valcari (PL) participou de uma mobiliza\u00e7\u00e3o em prol da BR-235 TO\/MA. O evento ocorreu na sede da Cooperativa Agroindustrial do Tocantins (COAPA), em Pedro Afonso, reunindo lideran\u00e7as pol\u00edticas e representantes do setor produtivo.<\/p>\n\n\n\n<p>O Movimento BR-235 TO\/MA contou tamb\u00e9m com a presen\u00e7a do presidente em exerc\u00edcio do Senado Federal, Eduardo Gomes, e do prefeito de Pedro Afonso, Joaquim Pinheiro. A pauta central foi o debate sobre os principais desafios e solu\u00e7\u00f5es para a rodovia, que \u00e9 estrat\u00e9gica para o escoamento da produ\u00e7\u00e3o agropecu\u00e1ria e a integra\u00e7\u00e3o entre Tocantins e Maranh\u00e3o, al\u00e9m de outras regi\u00f5es com grande potencial de desenvolvimento.<\/p>\n\n\n\n<figure class=\"wp-block-image size-large is-resized\"><img loading=\"lazy\" decoding=\"async\" width=\"1024\" height=\"576\" src=\"https:\/\/focotocantinense.com.br\/wp-content\/uploads\/2025\/04\/bbbbbbbbbbbbbbbbbbbbbbbbbbbbbbbbb-1024x576.jpg\" alt=\"\" class=\"wp-image-10126\" style=\"width:374px;height:auto\" srcset=\"https:\/\/focotocantinense.com.br\/wp-content\/uploads\/2025\/04\/bbbbbbbbbbbbbbbbbbbbbbbbbbbbbbbbb-1024x576.jpg 1024w, https:\/\/focotocantinense.com.br\/wp-content\/uploads\/2025\/04\/bbbbbbbbbbbbbbbbbbbbbbbbbbbbbbbbb-300x169.jpg 300w, https:\/\/focotocantinense.com.br\/wp-content\/uploads\/2025\/04\/bbbbbbbbbbbbbbbbbbbbbbbbbbbbbbbbb-768x432.jpg 768w, https:\/\/focotocantinense.com.br\/wp-content\/uploads\/2025\/04\/bbbbbbbbbbbbbbbbbbbbbbbbbbbbbbbbb.jpg 1536w\" sizes=\"auto, (max-width: 1024px) 100vw, 1024px\" \/><\/figure>\n\n\n\n<p><\/p>\n\n\n\n<p>A BR-235 \u00e9 vital para a economia do estado, mas enfrenta s\u00e9rios problemas estruturais, como trechos prec\u00e1rios e falta de infraestrutura adequada, prejudicando o transporte de cargas e passageiros.<\/p>\n\n\n\n<p>Para a deputada, \u00e9 importante unir for\u00e7as para buscar investimentos e a\u00e7\u00f5es efetivas que assegurem melhorias na rodovia. \u201c<em>Investir na BR-234 \u00e9 investir no futuro, e aqui, n\u00f3s temos capacidade de mobiliza\u00e7\u00e3o, muita for\u00e7a e uni\u00e3o. Junto ao nosso senador, prefeito de Pedro Afonso e ao setor produtivo, reafirmo meu compromisso de continuar ouvindo as demandas, para que essa rodovia receba a aten\u00e7\u00e3o que merece<\/em>\u201c, declarou.<\/p>\n\n\n\n<figure class=\"wp-block-image size-large\"><img loading=\"lazy\" decoding=\"async\" width=\"1024\" height=\"740\" src=\"https:\/\/focotocantinense.com.br\/wp-content\/uploads\/2025\/04\/IMG-20250427-WA0350-1024x740.jpg\" alt=\"\" class=\"wp-image-10119\" srcset=\"https:\/\/focotocantinense.com.br\/wp-content\/uploads\/2025\/04\/IMG-20250427-WA0350-1024x740.jpg 1024w, https:\/\/focotocantinense.com.br\/wp-content\/uploads\/2025\/04\/IMG-20250427-WA0350-300x217.jpg 300w, https:\/\/focotocantinense.com.br\/wp-content\/uploads\/2025\/04\/IMG-20250427-WA0350-768x555.jpg 768w, https:\/\/focotocantinense.com.br\/wp-content\/uploads\/2025\/04\/IMG-20250427-WA0350-1536x1110.jpg 1536w, https:\/\/focotocantinense.com.br\/wp-content\/uploads\/2025\/04\/IMG-20250427-WA0350.jpg 1600w\" sizes=\"auto, (max-width: 1024px) 100vw, 1024px\" \/><\/figure>\n\n\n\n<p><\/p>\n\n\n\n<figure class=\"wp-block-image size-large\"><img loading=\"lazy\" decoding=\"async\" width=\"1024\" height=\"603\" src=\"https:\/\/focotocantinense.com.br\/wp-content\/uploads\/2025\/04\/aaaaaaaaaaaaaaaaaaaaaaaaaaaaaa-1024x603.jpg\" alt=\"\" class=\"wp-image-10123\" srcset=\"https:\/\/focotocantinense.com.br\/wp-content\/uploads\/2025\/04\/aaaaaaaaaaaaaaaaaaaaaaaaaaaaaa-1024x603.jpg 1024w, https:\/\/focotocantinense.com.br\/wp-content\/uploads\/2025\/04\/aaaaaaaaaaaaaaaaaaaaaaaaaaaaaa-300x177.jpg 300w, https:\/\/focotocantinense.com.br\/wp-content\/uploads\/2025\/04\/aaaaaaaaaaaaaaaaaaaaaaaaaaaaaa-768x452.jpg 768w, https:\/\/focotocantinense.com.br\/wp-content\/uploads\/2025\/04\/aaaaaaaaaaaaaaaaaaaaaaaaaaaaaa.jpg 1080w\" sizes=\"auto, (max-width: 1024px) 100vw, 1024px\" \/><\/figure>\n\n\n\n<p><\/p>\n\n\n\n<figure class=\"wp-block-image size-large\"><img loading=\"lazy\" decoding=\"async\" width=\"1024\" height=\"256\" src=\"https:\/\/focotocantinense.com.br\/wp-content\/uploads\/2025\/04\/Vinicius-Martins-ESPECIALISTA-EM-RISOS-9-1024x256.jpeg\" alt=\"\" class=\"wp-image-10101\" srcset=\"https:\/\/focotocantinense.com.br\/wp-content\/uploads\/2025\/04\/Vinicius-Martins-ESPECIALISTA-EM-RISOS-9-1024x256.jpeg 1024w, https:\/\/focotocantinense.com.br\/wp-content\/uploads\/2025\/04\/Vinicius-Martins-ESPECIALISTA-EM-RISOS-9-300x75.jpeg 300w, https:\/\/focotocantinense.com.br\/wp-content\/uploads\/2025\/04\/Vinicius-Martins-ESPECIALISTA-EM-RISOS-9-768x192.jpeg 768w, https:\/\/focotocantinense.com.br\/wp-content\/uploads\/2025\/04\/Vinicius-Martins-ESPECIALISTA-EM-RISOS-9-1536x384.jpeg 1536w, https:\/\/focotocantinense.com.br\/wp-content\/uploads\/2025\/04\/Vinicius-Martins-ESPECIALISTA-EM-RISOS-9.jpeg 1584w\" sizes=\"auto, (max-width: 1024px) 100vw, 1024px\" \/><\/figure>\n","protected":false},"excerpt":{"rendered":"<p>Refor\u00e7ando seu compromisso com as pautas de melhoria de infraestrutura no estado, neste domingo, 27, a deputada Janad Valcari (PL) participou de uma mobiliza\u00e7\u00e3o em prol da BR-235 TO\/MA. O evento ocorreu na sede da Cooperativa Agroindustrial do Tocantins (COAPA), em Pedro Afonso, reunindo lideran\u00e7as pol\u00edticas e representantes do setor produtivo. O Movimento BR-235 TO\/MA &hellip;<\/p>\n","protected":false},"author":5,"featured_media":10119,"comment_status":"open","ping_status":"open","sticky":false,"template":"","format":"standard","meta":{"footnotes":""},"categories":[62],"tags":[],"class_list":["post-10118","post","type-post","status-publish","format-standard","has-post-thumbnail","","category-palmeiropolis"],"_links":{"self":[{"href":"https:\/\/focotocantinense.com.br\/index.php?rest_route=\/wp\/v2\/posts\/10118","targetHints":{"allow":["GET"]}}],"collection":[{"href":"https:\/\/focotocantinense.com.br\/index.php?rest_route=\/wp\/v2\/posts"}],"about":[{"href":"https:\/\/focotocantinense.com.br\/index.php?rest_route=\/wp\/v2\/types\/post"}],"author":[{"embeddable":true,"href":"https:\/\/focotocantinense.com.br\/index.php?rest_route=\/wp\/v2\/users\/5"}],"replies":[{"embeddable":true,"href":"https:\/\/focotocantinense.com.br\/index.php?rest_route=%2Fwp%2Fv2%2Fcomments&post=10118"}],"version-history":[{"count":7,"href":"https:\/\/focotocantinense.com.br\/index.php?rest_route=\/wp\/v2\/posts\/10118\/revisions"}],"predecessor-version":[{"id":10130,"href":"https:\/\/focotocantinense.com.br\/index.php?rest_route=\/wp\/v2\/posts\/10118\/revisions\/10130"}],"wp:featuredmedia":[{"embeddable":true,"href":"https:\/\/focotocantinense.com.br\/index.php?rest_route=\/wp\/v2\/media\/10119"}],"wp:attachment":[{"href":"https:\/\/focotocantinense.com.br\/index.php?rest_route=%2Fwp%2Fv2%2Fmedia&parent=10118"}],"wp:term":[{"taxonomy":"category","embeddable":true,"href":"https:\/\/focotocantinense.com.br\/index.php?rest_route=%2Fwp%2Fv2%2Fcategories&post=10118"},{"taxonomy":"post_tag","embeddable":true,"href":"https:\/\/focotocantinense.com.br\/index.php?rest_route=%2Fwp%2Fv2%2Ftags&post=10118"}],"curies":[{"name":"wp","href":"https:\/\/api.w.org\/{rel}","templated":true}]}}