{"id":10113,"date":"2025-04-28T21:42:51","date_gmt":"2025-04-29T00:42:51","guid":{"rendered":"https:\/\/focotocantinense.com.br\/?p=10113"},"modified":"2025-04-28T21:43:17","modified_gmt":"2025-04-29T00:43:17","slug":"evento-em-araguatins-fortalece-politicas-culturais-e-aproxima-gestao-dos-agentes-culturais-da-sociedade","status":"publish","type":"post","link":"https:\/\/focotocantinense.com.br\/?p=10113","title":{"rendered":"Evento em Araguatins fortalece pol\u00edticas culturais e aproxima gest\u00e3o dos agentes culturais da sociedade"},"content":{"rendered":"\n<p><strong>Por Rodrigo Martins<\/strong><\/p>\n\n\n\n<p>Com o tema&nbsp;\u201cGest\u00e3o Municipal e a Estrutura\u00e7\u00e3o do Sistema Municipal de Cultura\u201d, o projeto&nbsp;Rotas Culturais Tocantins&nbsp;foi realizado no dia 25 de abril, em Araguatins, na regi\u00e3o do Bico do Papagaio. O encontro movimentou o Audit\u00f3rio da Prefeitura Municipal e reuniu representantes de comunidades tradicionais, artistas locais e autoridades para uma manh\u00e3 de intenso di\u00e1logo e troca de experi\u00eancias.<\/p>\n\n\n\n<p>Promovido pelo&nbsp;Comit\u00ea de Cultura no Tocantins, com coordena\u00e7\u00e3o da Federa\u00e7\u00e3o Tocantinense de Artes C\u00eanicas (FETAC) e do Instituto ISCA, o evento teve como ministrante o m\u00fasico e produtor cultural Diogo Juc\u00e1, que conduziu a roda de conversa abordando temas essenciais para a constru\u00e7\u00e3o das pol\u00edticas culturais nos munic\u00edpios.<\/p>\n\n\n\n<p>Diogo destacou a import\u00e2ncia de discutir a cria\u00e7\u00e3o do Conselho Municipal de Cultura, do Fundo de Cultura e do Plano Municipal de Cultura, al\u00e9m da ades\u00e3o ao Sistema Nacional de Cultura. \u201cFoi uma experi\u00eancia muito rica, com um p\u00fablico engajado e comprometido em fortalecer a cultura local. Um dos pontos mais marcantes foi o esp\u00edrito de uni\u00e3o entre todos, demonstrando o desejo de construir uma pol\u00edtica cultural democr\u00e1tica, estruturada e participativa em Araguatins\u201d afirmou o palestrante.<\/p>\n\n\n\n<p>O assessor metodol\u00f3gico do Regional Norte,&nbsp;Carmelio de Sousa Lima, tamb\u00e9m ressaltou a relev\u00e2ncia do encontro. \u201cA tem\u00e1tica foi de suma import\u00e2ncia para a regi\u00e3o. Fomos muito bem recepcionados pelo secret\u00e1rio de Cultura, Get\u00falio Carneiro, que trouxe questionamentos muito pertinentes sobre elabora\u00e7\u00e3o de projetos e presta\u00e7\u00e3o de contas \u2014 quest\u00f5es totalmente alinhadas com o tema do encontro.\u201d<\/p>\n\n\n\n<figure class=\"wp-block-image size-large\"><img loading=\"lazy\" decoding=\"async\" width=\"1024\" height=\"615\" src=\"https:\/\/focotocantinense.com.br\/wp-content\/uploads\/2025\/04\/1-Rota-Cultural-Araguatins-Comite-de-Cultura-no-Tocantins-Foto-Augusto-Rocha-1024x615.jpeg\" alt=\"\" class=\"wp-image-10115\" srcset=\"https:\/\/focotocantinense.com.br\/wp-content\/uploads\/2025\/04\/1-Rota-Cultural-Araguatins-Comite-de-Cultura-no-Tocantins-Foto-Augusto-Rocha-1024x615.jpeg 1024w, https:\/\/focotocantinense.com.br\/wp-content\/uploads\/2025\/04\/1-Rota-Cultural-Araguatins-Comite-de-Cultura-no-Tocantins-Foto-Augusto-Rocha-300x180.jpeg 300w, https:\/\/focotocantinense.com.br\/wp-content\/uploads\/2025\/04\/1-Rota-Cultural-Araguatins-Comite-de-Cultura-no-Tocantins-Foto-Augusto-Rocha-768x461.jpeg 768w, https:\/\/focotocantinense.com.br\/wp-content\/uploads\/2025\/04\/1-Rota-Cultural-Araguatins-Comite-de-Cultura-no-Tocantins-Foto-Augusto-Rocha.jpeg 1280w\" sizes=\"auto, (max-width: 1024px) 100vw, 1024px\" \/><\/figure>\n\n\n\n<p><em><strong>O evento reuniu lideran\u00e7as pol\u00edticas e representantes quilombolas, artes\u00e3s e artistas musicais. (Foto: Augusto Rocha)<\/strong><\/em><\/p>\n\n\n\n<p>Carmelio ainda destacou o perfil do p\u00fablico, formado por representantes quilombolas, artes\u00e3s e artistas musicais. \u201cA abordagem foi direta, voltada para esse p\u00fablico priorit\u00e1rio. Retornamos extremamente satisfeitos e j\u00e1 com uma nova proposta: seguir dialogando e orientando o munic\u00edpio nas quest\u00f5es das presta\u00e7\u00f5es de contas dos projetos, especialmente no que se refere \u00e0 Lei Paulo Gustavo\u201d.<\/p>\n\n\n\n<figure class=\"wp-block-image size-large\"><img loading=\"lazy\" decoding=\"async\" width=\"1024\" height=\"563\" src=\"https:\/\/focotocantinense.com.br\/wp-content\/uploads\/2025\/04\/2-Rota-Cultural-Araguatins-Comite-de-Cultura-no-Tocantins-Foto-Augusto-Rocha-1-1024x563.jpeg\" alt=\"\" class=\"wp-image-10114\" srcset=\"https:\/\/focotocantinense.com.br\/wp-content\/uploads\/2025\/04\/2-Rota-Cultural-Araguatins-Comite-de-Cultura-no-Tocantins-Foto-Augusto-Rocha-1-1024x563.jpeg 1024w, https:\/\/focotocantinense.com.br\/wp-content\/uploads\/2025\/04\/2-Rota-Cultural-Araguatins-Comite-de-Cultura-no-Tocantins-Foto-Augusto-Rocha-1-300x165.jpeg 300w, https:\/\/focotocantinense.com.br\/wp-content\/uploads\/2025\/04\/2-Rota-Cultural-Araguatins-Comite-de-Cultura-no-Tocantins-Foto-Augusto-Rocha-1-768x422.jpeg 768w, https:\/\/focotocantinense.com.br\/wp-content\/uploads\/2025\/04\/2-Rota-Cultural-Araguatins-Comite-de-Cultura-no-Tocantins-Foto-Augusto-Rocha-1.jpeg 1316w\" sizes=\"auto, (max-width: 1024px) 100vw, 1024px\" \/><\/figure>\n\n\n\n<p>A atividade integra o Programa Nacional dos Comit\u00eas de Cultura (PNCC), uma iniciativa do Minist\u00e9rio da Cultura (MinC), que vem sendo executado no estado do Tocantins por meio da FETAC, sob Coordena\u00e7\u00e3o Geral de Kak\u00e1 Nogueira. Em Araguatins, o evento tamb\u00e9m contou com o apoio da Associa\u00e7\u00e3o Gurupiense de Artes\u00e3os (AGA), do Instituto Social e Cultural Araguaia (ISCA) e da Prefeitura Municipal.<\/p>\n\n\n\n<p><\/p>\n\n\n\n<figure class=\"wp-block-image size-large\"><img loading=\"lazy\" decoding=\"async\" width=\"1024\" height=\"256\" src=\"https:\/\/focotocantinense.com.br\/wp-content\/uploads\/2025\/04\/Vinicius-Martins-ESPECIALISTA-EM-RISOS-9-1024x256.jpeg\" alt=\"\" class=\"wp-image-10101\" srcset=\"https:\/\/focotocantinense.com.br\/wp-content\/uploads\/2025\/04\/Vinicius-Martins-ESPECIALISTA-EM-RISOS-9-1024x256.jpeg 1024w, https:\/\/focotocantinense.com.br\/wp-content\/uploads\/2025\/04\/Vinicius-Martins-ESPECIALISTA-EM-RISOS-9-300x75.jpeg 300w, https:\/\/focotocantinense.com.br\/wp-content\/uploads\/2025\/04\/Vinicius-Martins-ESPECIALISTA-EM-RISOS-9-768x192.jpeg 768w, https:\/\/focotocantinense.com.br\/wp-content\/uploads\/2025\/04\/Vinicius-Martins-ESPECIALISTA-EM-RISOS-9-1536x384.jpeg 1536w, https:\/\/focotocantinense.com.br\/wp-content\/uploads\/2025\/04\/Vinicius-Martins-ESPECIALISTA-EM-RISOS-9.jpeg 1584w\" sizes=\"auto, (max-width: 1024px) 100vw, 1024px\" \/><\/figure>\n","protected":false},"excerpt":{"rendered":"<p>Por Rodrigo Martins Com o tema&nbsp;\u201cGest\u00e3o Municipal e a Estrutura\u00e7\u00e3o do Sistema Municipal de Cultura\u201d, o projeto&nbsp;Rotas Culturais Tocantins&nbsp;foi realizado no dia 25 de abril, em Araguatins, na regi\u00e3o do Bico do Papagaio. O encontro movimentou o Audit\u00f3rio da Prefeitura Municipal e reuniu representantes de comunidades tradicionais, artistas locais e autoridades para uma manh\u00e3 de &hellip;<\/p>\n","protected":false},"author":5,"featured_media":10114,"comment_status":"open","ping_status":"open","sticky":false,"template":"","format":"standard","meta":{"footnotes":""},"categories":[48],"tags":[],"class_list":["post-10113","post","type-post","status-publish","format-standard","has-post-thumbnail","","category-araguatins"],"_links":{"self":[{"href":"https:\/\/focotocantinense.com.br\/index.php?rest_route=\/wp\/v2\/posts\/10113","targetHints":{"allow":["GET"]}}],"collection":[{"href":"https:\/\/focotocantinense.com.br\/index.php?rest_route=\/wp\/v2\/posts"}],"about":[{"href":"https:\/\/focotocantinense.com.br\/index.php?rest_route=\/wp\/v2\/types\/post"}],"author":[{"embeddable":true,"href":"https:\/\/focotocantinense.com.br\/index.php?rest_route=\/wp\/v2\/users\/5"}],"replies":[{"embeddable":true,"href":"https:\/\/focotocantinense.com.br\/index.php?rest_route=%2Fwp%2Fv2%2Fcomments&post=10113"}],"version-history":[{"count":2,"href":"https:\/\/focotocantinense.com.br\/index.php?rest_route=\/wp\/v2\/posts\/10113\/revisions"}],"predecessor-version":[{"id":10117,"href":"https:\/\/focotocantinense.com.br\/index.php?rest_route=\/wp\/v2\/posts\/10113\/revisions\/10117"}],"wp:featuredmedia":[{"embeddable":true,"href":"https:\/\/focotocantinense.com.br\/index.php?rest_route=\/wp\/v2\/media\/10114"}],"wp:attachment":[{"href":"https:\/\/focotocantinense.com.br\/index.php?rest_route=%2Fwp%2Fv2%2Fmedia&parent=10113"}],"wp:term":[{"taxonomy":"category","embeddable":true,"href":"https:\/\/focotocantinense.com.br\/index.php?rest_route=%2Fwp%2Fv2%2Fcategories&post=10113"},{"taxonomy":"post_tag","embeddable":true,"href":"https:\/\/focotocantinense.com.br\/index.php?rest_route=%2Fwp%2Fv2%2Ftags&post=10113"}],"curies":[{"name":"wp","href":"https:\/\/api.w.org\/{rel}","templated":true}]}}