{"id":10105,"date":"2025-04-27T08:17:03","date_gmt":"2025-04-27T11:17:03","guid":{"rendered":"https:\/\/focotocantinense.com.br\/?p=10105"},"modified":"2025-04-27T08:17:03","modified_gmt":"2025-04-27T11:17:03","slug":"governador-wanderlei-barbosa-participa-da-assinatura-de-ordens-de-servico-para-construcao-de-pontes-na-zona-rural-de-miracema","status":"publish","type":"post","link":"https:\/\/focotocantinense.com.br\/?p=10105","title":{"rendered":"Governador Wanderlei Barbosa participa da assinatura de Ordens de Servi\u00e7o para constru\u00e7\u00e3o de pontes na zona rural de Miracema"},"content":{"rendered":"\n<p><em>Autoriza\u00e7\u00e3o para in\u00edcio das obras ocorreu neste s\u00e1bado, 26; constru\u00e7\u00e3o das pontes sobre os c\u00f3rregos Provid\u00eancia e Corrente, na regi\u00e3o da Serra da Lopa, \u00e9 uma demanda antiga de produtores rurais<\/em><\/p>\n\n\n\n<p><strong>Rafael de Oliveira\/Governo do Tocantins<\/strong><\/p>\n\n\n\n<p>O governador do Tocantins, Wanderlei Barbosa, participou neste s\u00e1bado, 26, da assinatura de duas Ordens de Servi\u00e7o que autorizam o in\u00edcio das obras de constru\u00e7\u00e3o das pontes sobre os c\u00f3rregos Provid\u00eancia, na regi\u00e3o da Serra da Lopa, e Corrente, no assentamento Irm\u00e3 Adelaide, em Miracema do Tocantins. As obras, que ser\u00e3o executadas pela prefeitura, contemplam a zona rural e atendem a uma antiga reivindica\u00e7\u00e3o de agropecuaristas, facilitando o acesso entre Miracema e Barrol\u00e2ndia, al\u00e9m de cidades circunvizinhas. A assinatura ocorreu durante o 1\u00ba Encontro de Produtores da Serra da Lopa, na Fazenda Nossa Senhora.<\/p>\n\n\n\n<figure class=\"wp-block-image size-large is-resized\"><img loading=\"lazy\" decoding=\"async\" width=\"1024\" height=\"585\" src=\"https:\/\/focotocantinense.com.br\/wp-content\/uploads\/2025\/04\/Assinatura-ordem-de-servico-das-pontes-corrego-providencia-e-corrego-corrente-Miracema-foto-Marcio-Vieira-3-1024x585.jpg\" alt=\"\" class=\"wp-image-10106\" style=\"width:369px;height:auto\" srcset=\"https:\/\/focotocantinense.com.br\/wp-content\/uploads\/2025\/04\/Assinatura-ordem-de-servico-das-pontes-corrego-providencia-e-corrego-corrente-Miracema-foto-Marcio-Vieira-3-1024x585.jpg 1024w, https:\/\/focotocantinense.com.br\/wp-content\/uploads\/2025\/04\/Assinatura-ordem-de-servico-das-pontes-corrego-providencia-e-corrego-corrente-Miracema-foto-Marcio-Vieira-3-300x172.jpg 300w, https:\/\/focotocantinense.com.br\/wp-content\/uploads\/2025\/04\/Assinatura-ordem-de-servico-das-pontes-corrego-providencia-e-corrego-corrente-Miracema-foto-Marcio-Vieira-3-768x439.jpg 768w, https:\/\/focotocantinense.com.br\/wp-content\/uploads\/2025\/04\/Assinatura-ordem-de-servico-das-pontes-corrego-providencia-e-corrego-corrente-Miracema-foto-Marcio-Vieira-3-1536x878.jpg 1536w, https:\/\/focotocantinense.com.br\/wp-content\/uploads\/2025\/04\/Assinatura-ordem-de-servico-das-pontes-corrego-providencia-e-corrego-corrente-Miracema-foto-Marcio-Vieira-3.jpg 1800w\" sizes=\"auto, (max-width: 1024px) 100vw, 1024px\" \/><\/figure>\n\n\n\n<p>Na ocasi\u00e3o, o governador Wanderlei Barbosa destacou que a constru\u00e7\u00e3o das duas pontes impactar\u00e1 diretamente a produ\u00e7\u00e3o dos agricultores. \u201cS\u00e3o duas obras muito importantes, que v\u00e3o ligar os munic\u00edpios de Miracema e Barrol\u00e2ndia, e ajudar os produtores da regi\u00e3o. Mesmo sendo uma estrada vicinal, que est\u00e1 sob responsabilidade do munic\u00edpio de Miracema, tamb\u00e9m precisamos oferecer suporte do governo estadual, e \u00e9 isso que estamos fazendo. Continuaremos trabalhando, lutando pelo desenvolvimento do nosso estado, conhecendo a realidade dos munic\u00edpios e melhorando a infraestrutura para fortalecer o crescimento socioecon\u00f4mico\u201d, ressaltou o chefe do Executivo.<\/p>\n\n\n\n<figure class=\"wp-block-image size-large is-resized\"><img loading=\"lazy\" decoding=\"async\" width=\"1024\" height=\"585\" src=\"https:\/\/focotocantinense.com.br\/wp-content\/uploads\/2025\/04\/Prefeita-de-Miracema-Camila-Fernades-foto-Marcio-Vieira-1024x585.jpg\" alt=\"\" class=\"wp-image-10107\" style=\"width:382px;height:auto\" srcset=\"https:\/\/focotocantinense.com.br\/wp-content\/uploads\/2025\/04\/Prefeita-de-Miracema-Camila-Fernades-foto-Marcio-Vieira-1024x585.jpg 1024w, https:\/\/focotocantinense.com.br\/wp-content\/uploads\/2025\/04\/Prefeita-de-Miracema-Camila-Fernades-foto-Marcio-Vieira-300x171.jpg 300w, https:\/\/focotocantinense.com.br\/wp-content\/uploads\/2025\/04\/Prefeita-de-Miracema-Camila-Fernades-foto-Marcio-Vieira-768x439.jpg 768w, https:\/\/focotocantinense.com.br\/wp-content\/uploads\/2025\/04\/Prefeita-de-Miracema-Camila-Fernades-foto-Marcio-Vieira.jpg 1154w\" sizes=\"auto, (max-width: 1024px) 100vw, 1024px\" \/><\/figure>\n\n\n\n<p>A prefeita de Miracema do Tocantins, Camila Fernandes, destacou que a constru\u00e7\u00e3o das pontes, especialmente a sobre o C\u00f3rrego Provid\u00eancia, \u00e9 aguardada pela popula\u00e7\u00e3o h\u00e1 mais de quatro anos, desde que a antiga estrutura foi destru\u00edda por um inc\u00eandio.<\/p>\n\n\n\n<p>\u201c\u00c9 um momento hist\u00f3rico, em que lan\u00e7amos obras muito esperadas pela comunidade rural. As pontes v\u00e3o facilitar o escoamento da produ\u00e7\u00e3o e impulsionar o desenvolvimento socioecon\u00f4mico, j\u00e1 que a regi\u00e3o \u00e9 bastante rica em produtores rurais. A empresa que venceu a licita\u00e7\u00e3o afirmou que daremos in\u00edcio aos trabalhos em breve, com prazo de 90 dias para conclus\u00e3o\u201d, informou a prefeita Camila.<\/p>\n\n\n\n<figure class=\"wp-block-image size-large\"><img loading=\"lazy\" decoding=\"async\" width=\"1024\" height=\"585\" src=\"https:\/\/focotocantinense.com.br\/wp-content\/uploads\/2025\/04\/Prefeito-Joao-Machado-de-Barrolandia-foto-Marcio-Vieira-1024x585.jpg\" alt=\"\" class=\"wp-image-10108\" srcset=\"https:\/\/focotocantinense.com.br\/wp-content\/uploads\/2025\/04\/Prefeito-Joao-Machado-de-Barrolandia-foto-Marcio-Vieira-1024x585.jpg 1024w, https:\/\/focotocantinense.com.br\/wp-content\/uploads\/2025\/04\/Prefeito-Joao-Machado-de-Barrolandia-foto-Marcio-Vieira-300x171.jpg 300w, https:\/\/focotocantinense.com.br\/wp-content\/uploads\/2025\/04\/Prefeito-Joao-Machado-de-Barrolandia-foto-Marcio-Vieira-768x439.jpg 768w, https:\/\/focotocantinense.com.br\/wp-content\/uploads\/2025\/04\/Prefeito-Joao-Machado-de-Barrolandia-foto-Marcio-Vieira-1536x878.jpg 1536w, https:\/\/focotocantinense.com.br\/wp-content\/uploads\/2025\/04\/Prefeito-Joao-Machado-de-Barrolandia-foto-Marcio-Vieira-2048x1170.jpg 2048w\" sizes=\"auto, (max-width: 1024px) 100vw, 1024px\" \/><\/figure>\n\n\n\n<p>O prefeito de Barrol\u00e2ndia, Jo\u00e3o Machado, pontuou que as pontes trar\u00e3o benef\u00edcios a todos os produtores rurais da regi\u00e3o. \u201cPara n\u00f3s \u00e9 um momento \u00edmpar. \u00c9 uma constru\u00e7\u00e3o muito aguardada por mim, pelos moradores de Barrol\u00e2ndia e tamb\u00e9m por todos os fazendeiros que produzem aqui na regi\u00e3o\u201d, expressou o prefeito Jo\u00e3o Machado.<\/p>\n\n\n\n<p><strong>Pontes<\/strong><\/p>\n\n\n\n<p>As obras de constru\u00e7\u00e3o das pontes sobre os c\u00f3rregos Provid\u00eancia, com 36 metros de extens\u00e3o, e Corrente, com 10 metros, na zona rural de Miracema, foram viabilizadas por meio de uma emenda parlamentar do senador Eduardo Gomes, que destinou R$ 1,5 milh\u00e3o para a execu\u00e7\u00e3o, com uma contrapartida de aproximadamente R$ 15 mil da prefeitura.<\/p>\n\n\n\n<figure class=\"wp-block-image size-large\"><img loading=\"lazy\" decoding=\"async\" width=\"1024\" height=\"585\" src=\"https:\/\/focotocantinense.com.br\/wp-content\/uploads\/2025\/04\/Senador-Eduardo-Gomes-fOTO-Marcio-Vieira-1024x585.jpg\" alt=\"\" class=\"wp-image-10109\" srcset=\"https:\/\/focotocantinense.com.br\/wp-content\/uploads\/2025\/04\/Senador-Eduardo-Gomes-fOTO-Marcio-Vieira-1024x585.jpg 1024w, https:\/\/focotocantinense.com.br\/wp-content\/uploads\/2025\/04\/Senador-Eduardo-Gomes-fOTO-Marcio-Vieira-300x171.jpg 300w, https:\/\/focotocantinense.com.br\/wp-content\/uploads\/2025\/04\/Senador-Eduardo-Gomes-fOTO-Marcio-Vieira-768x439.jpg 768w, https:\/\/focotocantinense.com.br\/wp-content\/uploads\/2025\/04\/Senador-Eduardo-Gomes-fOTO-Marcio-Vieira-1536x878.jpg 1536w, https:\/\/focotocantinense.com.br\/wp-content\/uploads\/2025\/04\/Senador-Eduardo-Gomes-fOTO-Marcio-Vieira-2048x1171.jpg 2048w\" sizes=\"auto, (max-width: 1024px) 100vw, 1024px\" \/><\/figure>\n\n\n\n<p>\u201cFico feliz de estar aqui presente para a autoriza\u00e7\u00e3o das obras e por ter destinado emenda para suprir essa necessidade da popula\u00e7\u00e3o. Agrade\u00e7o o apoio do governador Wanderlei Barbosa e reafirmo a import\u00e2ncia de continuarmos trabalhando juntos\u201d, enfatizou o senador Eduardo Gomes.<\/p>\n\n\n\n<p>Representando os produtores rurais, o propriet\u00e1rio da Fazenda Nossa Senhora e presidente da Associa\u00e7\u00e3o de Produtores da Serra da Lopa, Abel Moreschi, comentou que as obras s\u00e3o uma grande conquista para o setor da regi\u00e3o. \u201c\u00c9 uma alegria imensa estarmos aqui hoje, especialmente com a presen\u00e7a do governador Wanderlei Barbosa, que demonstra, assim, seu apoio a n\u00f3s, produtores. Temos uma grande produ\u00e7\u00e3o, cultivamos abacaxi, mel, feij\u00e3o, mandioca e tamb\u00e9m atuamos na agropecu\u00e1ria. Ent\u00e3o, melhorias como essa nos incentivam a produzir cada vez mais\u201d, comemorou Abel Moreschi.<\/p>\n\n\n\n<figure class=\"wp-block-image size-large\"><img loading=\"lazy\" decoding=\"async\" width=\"1024\" height=\"585\" src=\"https:\/\/focotocantinense.com.br\/wp-content\/uploads\/2025\/04\/Sr.-Abel-Foto-Marcio-Vieira-1024x585.jpg\" alt=\"\" class=\"wp-image-10110\" srcset=\"https:\/\/focotocantinense.com.br\/wp-content\/uploads\/2025\/04\/Sr.-Abel-Foto-Marcio-Vieira-1024x585.jpg 1024w, https:\/\/focotocantinense.com.br\/wp-content\/uploads\/2025\/04\/Sr.-Abel-Foto-Marcio-Vieira-300x171.jpg 300w, https:\/\/focotocantinense.com.br\/wp-content\/uploads\/2025\/04\/Sr.-Abel-Foto-Marcio-Vieira-768x439.jpg 768w, https:\/\/focotocantinense.com.br\/wp-content\/uploads\/2025\/04\/Sr.-Abel-Foto-Marcio-Vieira.jpg 1131w\" sizes=\"auto, (max-width: 1024px) 100vw, 1024px\" \/><\/figure>\n","protected":false},"excerpt":{"rendered":"<p>Autoriza\u00e7\u00e3o para in\u00edcio das obras ocorreu neste s\u00e1bado, 26; constru\u00e7\u00e3o das pontes sobre os c\u00f3rregos Provid\u00eancia e Corrente, na regi\u00e3o da Serra da Lopa, \u00e9 uma demanda antiga de produtores rurais Rafael de Oliveira\/Governo do Tocantins O governador do Tocantins, Wanderlei Barbosa, participou neste s\u00e1bado, 26, da assinatura de duas Ordens de Servi\u00e7o que autorizam &hellip;<\/p>\n","protected":false},"author":5,"featured_media":10106,"comment_status":"open","ping_status":"open","sticky":false,"template":"","format":"standard","meta":{"footnotes":""},"categories":[1],"tags":[],"class_list":["post-10105","post","type-post","status-publish","format-standard","has-post-thumbnail","","category-sem-categoria"],"_links":{"self":[{"href":"https:\/\/focotocantinense.com.br\/index.php?rest_route=\/wp\/v2\/posts\/10105","targetHints":{"allow":["GET"]}}],"collection":[{"href":"https:\/\/focotocantinense.com.br\/index.php?rest_route=\/wp\/v2\/posts"}],"about":[{"href":"https:\/\/focotocantinense.com.br\/index.php?rest_route=\/wp\/v2\/types\/post"}],"author":[{"embeddable":true,"href":"https:\/\/focotocantinense.com.br\/index.php?rest_route=\/wp\/v2\/users\/5"}],"replies":[{"embeddable":true,"href":"https:\/\/focotocantinense.com.br\/index.php?rest_route=%2Fwp%2Fv2%2Fcomments&post=10105"}],"version-history":[{"count":1,"href":"https:\/\/focotocantinense.com.br\/index.php?rest_route=\/wp\/v2\/posts\/10105\/revisions"}],"predecessor-version":[{"id":10111,"href":"https:\/\/focotocantinense.com.br\/index.php?rest_route=\/wp\/v2\/posts\/10105\/revisions\/10111"}],"wp:featuredmedia":[{"embeddable":true,"href":"https:\/\/focotocantinense.com.br\/index.php?rest_route=\/wp\/v2\/media\/10106"}],"wp:attachment":[{"href":"https:\/\/focotocantinense.com.br\/index.php?rest_route=%2Fwp%2Fv2%2Fmedia&parent=10105"}],"wp:term":[{"taxonomy":"category","embeddable":true,"href":"https:\/\/focotocantinense.com.br\/index.php?rest_route=%2Fwp%2Fv2%2Fcategories&post=10105"},{"taxonomy":"post_tag","embeddable":true,"href":"https:\/\/focotocantinense.com.br\/index.php?rest_route=%2Fwp%2Fv2%2Ftags&post=10105"}],"curies":[{"name":"wp","href":"https:\/\/api.w.org\/{rel}","templated":true}]}}