{"id":1010,"date":"2021-03-27T16:21:32","date_gmt":"2021-03-27T19:21:32","guid":{"rendered":"http:\/\/focotocantinense.com.br\/?p=1010"},"modified":"2021-03-27T17:36:43","modified_gmt":"2021-03-27T20:36:43","slug":"prefeitura-realiza-testes-rapidos-na-populacao-de-tocantinia-para-deteccao-de-covid-19","status":"publish","type":"post","link":"https:\/\/focotocantinense.com.br\/?p=1010","title":{"rendered":"Prefeitura realiza testes r\u00e1pidos na popula\u00e7\u00e3o de Tocant\u00ednia para detec\u00e7\u00e3o de Covid-19"},"content":{"rendered":"\n<p>A Prefeitura de Tocant\u00ednia por meio da Secretaria Municipal de Sa\u00fade (SEMUS) est\u00e1 realizando neste s\u00e1bado (27), uma a\u00e7\u00e3o de testagem r\u00e1pida em tr\u00eas pontos estrat\u00e9gicos de Tocant\u00ednia. Os moradores est\u00e3o sendo atendidos na Unidade B\u00e1sica de Sa\u00fade Dr. Quincas e nos pontos montados para os atendimentos: Academia da Sa\u00fade e Pra\u00e7a Valperino Gomes de Oliveira, no centro da cidade.<\/p>\n\n\n\n<p>A a\u00e7\u00e3o est\u00e1 sendo realizada em fun\u00e7\u00e3o ao aumento de casos constatados de Coronav\u00edrus no munic\u00edpio e no Estado do Tocantins.&nbsp; Os resultados dos exames servir\u00e3o para a equipe de Sa\u00fade rastrear casos assintom\u00e1ticos e leves. Segundo a Secretaria Municipal de Sa\u00fade, a pessoa que testar positivo ser\u00e1 notificada e encaminhada para receber atendimento adequado nas unidades destinadas para os casos de Covid-19.<\/p>\n\n\n\n<p>Realizar testes na popula\u00e7\u00e3o, segundo a Organiza\u00e7\u00e3o Mundial de Sa\u00fade (OMS), \u00e9 um dos procedimentos no enfrentamento ao coronav\u00edrus que auxiliam a identificar pessoas contaminadas, realizar o devido isolamento domiciliar dos positivados e dos seus contactantes e dar o tratamento apropriado para a recupera\u00e7\u00e3o de todos os pacientes.<\/p>\n\n\n\n<p>De acordo com a secret\u00e1ria de Sa\u00fade, Maria Zenite Cardoso, esse teste utiliza algumas gotas de sangue do dedo da pessoa, que s\u00e3o postas em contato com uma fita absorvente e um reagente qu\u00edmico. O resultado sai em apenas 15 minutos. Ela informou, ainda que o\u00a0 munic\u00edpio disp\u00f5e de 700 testes para detectar a Covid-19 nesta a\u00e7\u00e3o que est\u00e1 sendo realizada. Por enquanto, n\u00e3o h\u00e1 \u00a0data prevista para acontecer novos testes em massa, ressaltou a secret\u00e1ria.<\/p>\n\n\n\n<p>O prefeito&nbsp; de Tocant\u00ednia, Manoel Silvino,&nbsp;refor\u00e7a a import\u00e2ncia da popula\u00e7\u00e3o se conscientizar e respeitar as medidas preventivas decretadas pelo munic\u00edpio, a fim de refrear a circula\u00e7\u00e3o do v\u00edrus entre os mun\u00edcipes e, assim, o surto da doen\u00e7a. \u201cEmbora os testes r\u00e1pidos n\u00e3o sejam recomendados como \u00fanica forma de diagn\u00f3stico da doen\u00e7a, podemos consider\u00e1-los excelente alternativa para a triagem inicial e testagem em massa da popula\u00e7\u00e3o. Os resultados obtidos, via teste r\u00e1pido, podem fornecer dados importantes para o entendimento e o rastreamento da infec\u00e7\u00e3o pelo novo coronav\u00edrus em toda a popula\u00e7\u00e3o de&nbsp; Tocant\u00ednia\u201d, explicou o prefeito Silvino.<\/p>\n\n\n\n<figure class=\"wp-block-image size-large\"><img loading=\"lazy\" decoding=\"async\" width=\"1024\" height=\"576\" src=\"http:\/\/focotocantinense.com.br\/wp-content\/uploads\/2021\/03\/image-13-1024x576.png\" alt=\"\" class=\"wp-image-1011\" srcset=\"https:\/\/focotocantinense.com.br\/wp-content\/uploads\/2021\/03\/image-13-1024x576.png 1024w, https:\/\/focotocantinense.com.br\/wp-content\/uploads\/2021\/03\/image-13-300x169.png 300w, https:\/\/focotocantinense.com.br\/wp-content\/uploads\/2021\/03\/image-13-768x432.png 768w, https:\/\/focotocantinense.com.br\/wp-content\/uploads\/2021\/03\/image-13.png 1366w\" sizes=\"auto, (max-width: 1024px) 100vw, 1024px\" \/><\/figure>\n","protected":false},"excerpt":{"rendered":"<p>A Prefeitura de Tocant\u00ednia por meio da Secretaria Municipal de Sa\u00fade (SEMUS) est\u00e1 realizando neste s\u00e1bado (27), uma a\u00e7\u00e3o de testagem r\u00e1pida em tr\u00eas pontos estrat\u00e9gicos de Tocant\u00ednia. Os moradores est\u00e3o sendo atendidos na Unidade B\u00e1sica de Sa\u00fade Dr. Quincas e nos pontos montados para os atendimentos: Academia da Sa\u00fade e Pra\u00e7a Valperino Gomes de &hellip;<\/p>\n","protected":false},"author":5,"featured_media":1013,"comment_status":"open","ping_status":"open","sticky":true,"template":"","format":"standard","meta":{"footnotes":""},"categories":[1,78],"tags":[],"class_list":["post-1010","post","type-post","status-publish","format-standard","has-post-thumbnail","","category-sem-categoria","category-tocantinia"],"_links":{"self":[{"href":"https:\/\/focotocantinense.com.br\/index.php?rest_route=\/wp\/v2\/posts\/1010","targetHints":{"allow":["GET"]}}],"collection":[{"href":"https:\/\/focotocantinense.com.br\/index.php?rest_route=\/wp\/v2\/posts"}],"about":[{"href":"https:\/\/focotocantinense.com.br\/index.php?rest_route=\/wp\/v2\/types\/post"}],"author":[{"embeddable":true,"href":"https:\/\/focotocantinense.com.br\/index.php?rest_route=\/wp\/v2\/users\/5"}],"replies":[{"embeddable":true,"href":"https:\/\/focotocantinense.com.br\/index.php?rest_route=%2Fwp%2Fv2%2Fcomments&post=1010"}],"version-history":[{"count":3,"href":"https:\/\/focotocantinense.com.br\/index.php?rest_route=\/wp\/v2\/posts\/1010\/revisions"}],"predecessor-version":[{"id":1015,"href":"https:\/\/focotocantinense.com.br\/index.php?rest_route=\/wp\/v2\/posts\/1010\/revisions\/1015"}],"wp:featuredmedia":[{"embeddable":true,"href":"https:\/\/focotocantinense.com.br\/index.php?rest_route=\/wp\/v2\/media\/1013"}],"wp:attachment":[{"href":"https:\/\/focotocantinense.com.br\/index.php?rest_route=%2Fwp%2Fv2%2Fmedia&parent=1010"}],"wp:term":[{"taxonomy":"category","embeddable":true,"href":"https:\/\/focotocantinense.com.br\/index.php?rest_route=%2Fwp%2Fv2%2Fcategories&post=1010"},{"taxonomy":"post_tag","embeddable":true,"href":"https:\/\/focotocantinense.com.br\/index.php?rest_route=%2Fwp%2Fv2%2Ftags&post=1010"}],"curies":[{"name":"wp","href":"https:\/\/api.w.org\/{rel}","templated":true}]}}