{"id":10099,"date":"2025-04-26T11:13:07","date_gmt":"2025-04-26T14:13:07","guid":{"rendered":"https:\/\/focotocantinense.com.br\/?p=10099"},"modified":"2025-04-26T11:38:59","modified_gmt":"2025-04-26T14:38:59","slug":"escritor-andre-goveia-participa-do-dia-d-da-leitura-na-escola-estadual-jose-damasceno","status":"publish","type":"post","link":"https:\/\/focotocantinense.com.br\/?p=10099","title":{"rendered":"Escritor Andr\u00e9 Goveia participa do Dia D da Leitura na\u00a0Escola Estadual Jos\u00e9 Damasceno"},"content":{"rendered":"\n<p><strong>Por Zacarias Martins<\/strong><\/p>\n\n\n\n<p><\/p>\n\n\n\n<figure class=\"wp-block-image size-large is-resized\"><img loading=\"lazy\" decoding=\"async\" width=\"1024\" height=\"768\" src=\"https:\/\/focotocantinense.com.br\/wp-content\/uploads\/2025\/04\/1-Escritor-Andre-Goveia-participa-do-Dia-D-da-Leitura-na-Escola-Estadual-Jose-Damasceno-1024x768.jpeg\" alt=\"\" class=\"wp-image-10100\" style=\"width:393px;height:auto\" srcset=\"https:\/\/focotocantinense.com.br\/wp-content\/uploads\/2025\/04\/1-Escritor-Andre-Goveia-participa-do-Dia-D-da-Leitura-na-Escola-Estadual-Jose-Damasceno-1024x768.jpeg 1024w, https:\/\/focotocantinense.com.br\/wp-content\/uploads\/2025\/04\/1-Escritor-Andre-Goveia-participa-do-Dia-D-da-Leitura-na-Escola-Estadual-Jose-Damasceno-300x225.jpeg 300w, https:\/\/focotocantinense.com.br\/wp-content\/uploads\/2025\/04\/1-Escritor-Andre-Goveia-participa-do-Dia-D-da-Leitura-na-Escola-Estadual-Jose-Damasceno-768x576.jpeg 768w, https:\/\/focotocantinense.com.br\/wp-content\/uploads\/2025\/04\/1-Escritor-Andre-Goveia-participa-do-Dia-D-da-Leitura-na-Escola-Estadual-Jose-Damasceno-1536x1152.jpeg 1536w, https:\/\/focotocantinense.com.br\/wp-content\/uploads\/2025\/04\/1-Escritor-Andre-Goveia-participa-do-Dia-D-da-Leitura-na-Escola-Estadual-Jose-Damasceno.jpeg 1600w\" sizes=\"auto, (max-width: 1024px) 100vw, 1024px\" \/><\/figure>\n\n\n\n<p><strong><em>A palestra do escritor Andr\u00e9 Goveia encantou os alunos<\/em><\/strong><\/p>\n\n\n\n<p>A Escola Estadual Jos\u00e9 Damasceno, da cidade de Miracema do Tocantins, realizou na manh\u00e3 desta sexta-feira, 25, &nbsp;a abertura do&nbsp; Dia D da Leitura, tendo como tem\u00e1tica&nbsp; a import\u00e2ncia da leitura.<\/p>\n\n\n\n<p>Na oportunidade houve a exposi\u00e7\u00e3o dos trabalhos desenvolvidos pelos alunos como produ\u00e7\u00f5es de poemas, poesias, dentre outras. Ap\u00f3s as boas vindas dadas pela dire\u00e7\u00e3o da unidade escolar e a equipe da \u00e1rea de Linguagens, &nbsp;&nbsp;o&nbsp; evento foi&nbsp; liderado pela professora Creuzeli Coelho Batista, coordenadora da \u00e1rea de Linguagens que falou dos objetivos e da import\u00e2ncia da a\u00e7\u00e3o para o desenvolvimento da leitura e escrita dos alunos.<\/p>\n\n\n\n<p>Uma das atra\u00e7\u00f5es deste evento foi o escritor e poeta de Tocant\u00ednia, Andr\u00e9&nbsp; Goveia, autor de v\u00e1rios livros publicados e que integra os quadros da Academia Gurupiense de Letras, Academia de Letras de Para\u00edso do Tocantins e&nbsp; da Academia de Letras de Aragua\u00edna, dentre outras.<\/p>\n\n\n\n<p>O ilustre intelectual desenvolveu uma movimentada roda de conversa liter\u00e1ria com alunos &nbsp;do sexto ao nono ano do ensino fundamental, bem como, os alunos da terceira s\u00e9rie do ensino m\u00e9dio.<\/p>\n\n\n\n<p>Ap\u00f3s a leitura de sua &nbsp;biografia, Andr\u00e9 Goveia&nbsp; recitou a&nbsp; poesia &#8220;<strong><em>Viva a Leitura&#8221;<\/em><\/strong>, &nbsp;de sua autoria e, em seguida, &nbsp;contou para os estudantes sobre sua trajet\u00f3ria de vida como poeta e escritor desde a inf\u00e2ncia at\u00e9 os dias atuais, incentivando os alunos a escreverem e produzir poemas, poesias, contos, cr\u00f4nicas e outros g\u00eaneros conforme suas prefer\u00eancias.<\/p>\n\n\n\n<p><strong>Tesouro<\/strong><\/p>\n\n\n\n<p>O escritor fez uma exposi\u00e7\u00e3o de seus livros e falou sobre cada um deles recitando uma poesia de cada. Durante a roda de conversa, &nbsp;o escritor conversou com os alunos sobre o ato de ler e escrever.<\/p>\n\n\n\n<p>\u201c\u00c9 preciso descobrir o tesouro do prazer de ler e escrever, pois quando descobrimos esse tesouro nunca mais queremos parar de escrever, &nbsp;sejam livros ou outros instrumentos de sistematiza\u00e7\u00e3o do conhecimento\u201d, afirmou Goveia,&nbsp; ensinando que a leitura e a escrita nos d\u00e3o asas para realizar nossos sonhos e conquistar a nossa felicidade.<\/p>\n\n\n\n<p><strong>&nbsp;Poesia coletiva<\/strong><\/p>\n\n\n\n<p>Durante a roda de conversa liter\u00e1ria, Goveia criou uma poesia com os alunos participantes com o t\u00edtulo&nbsp;<strong>\u201cMinha Escola tem&#8230;\u201d.<\/strong>&nbsp;Ao final realizou sorteio de tr\u00eas livros para os estudantes presentes.<\/p>\n\n\n\n<p>Para a coordenadora professora Creuzeli Coelho Batista, a presen\u00e7a&nbsp; do escritor Andr\u00e9 Goveia em sua escola foi um momento significativo, pois oportunizou aos estudantes &nbsp;ouvir as belas palavras e conhecer um pouco mais sobre a &nbsp;trajet\u00f3ria desse escritor &nbsp;que vem se destacando no cen\u00e1rio da produ\u00e7\u00e3o liter\u00e1ria tocantinense contempor\u00e2nea.<\/p>\n\n\n\n<figure class=\"wp-block-image size-large\"><img loading=\"lazy\" decoding=\"async\" width=\"1024\" height=\"256\" src=\"https:\/\/focotocantinense.com.br\/wp-content\/uploads\/2025\/04\/Vinicius-Martins-ESPECIALISTA-EM-RISOS-9-1024x256.jpeg\" alt=\"\" class=\"wp-image-10101\" srcset=\"https:\/\/focotocantinense.com.br\/wp-content\/uploads\/2025\/04\/Vinicius-Martins-ESPECIALISTA-EM-RISOS-9-1024x256.jpeg 1024w, https:\/\/focotocantinense.com.br\/wp-content\/uploads\/2025\/04\/Vinicius-Martins-ESPECIALISTA-EM-RISOS-9-300x75.jpeg 300w, https:\/\/focotocantinense.com.br\/wp-content\/uploads\/2025\/04\/Vinicius-Martins-ESPECIALISTA-EM-RISOS-9-768x192.jpeg 768w, https:\/\/focotocantinense.com.br\/wp-content\/uploads\/2025\/04\/Vinicius-Martins-ESPECIALISTA-EM-RISOS-9-1536x384.jpeg 1536w, https:\/\/focotocantinense.com.br\/wp-content\/uploads\/2025\/04\/Vinicius-Martins-ESPECIALISTA-EM-RISOS-9.jpeg 1584w\" sizes=\"auto, (max-width: 1024px) 100vw, 1024px\" \/><\/figure>\n","protected":false},"excerpt":{"rendered":"<p>Por Zacarias Martins A palestra do escritor Andr\u00e9 Goveia encantou os alunos A Escola Estadual Jos\u00e9 Damasceno, da cidade de Miracema do Tocantins, realizou na manh\u00e3 desta sexta-feira, 25, &nbsp;a abertura do&nbsp; Dia D da Leitura, tendo como tem\u00e1tica&nbsp; a import\u00e2ncia da leitura. Na oportunidade houve a exposi\u00e7\u00e3o dos trabalhos desenvolvidos pelos alunos como produ\u00e7\u00f5es &hellip;<\/p>\n","protected":false},"author":5,"featured_media":10100,"comment_status":"open","ping_status":"open","sticky":false,"template":"","format":"standard","meta":{"footnotes":""},"categories":[1],"tags":[],"class_list":["post-10099","post","type-post","status-publish","format-standard","has-post-thumbnail","","category-sem-categoria"],"_links":{"self":[{"href":"https:\/\/focotocantinense.com.br\/index.php?rest_route=\/wp\/v2\/posts\/10099","targetHints":{"allow":["GET"]}}],"collection":[{"href":"https:\/\/focotocantinense.com.br\/index.php?rest_route=\/wp\/v2\/posts"}],"about":[{"href":"https:\/\/focotocantinense.com.br\/index.php?rest_route=\/wp\/v2\/types\/post"}],"author":[{"embeddable":true,"href":"https:\/\/focotocantinense.com.br\/index.php?rest_route=\/wp\/v2\/users\/5"}],"replies":[{"embeddable":true,"href":"https:\/\/focotocantinense.com.br\/index.php?rest_route=%2Fwp%2Fv2%2Fcomments&post=10099"}],"version-history":[{"count":2,"href":"https:\/\/focotocantinense.com.br\/index.php?rest_route=\/wp\/v2\/posts\/10099\/revisions"}],"predecessor-version":[{"id":10104,"href":"https:\/\/focotocantinense.com.br\/index.php?rest_route=\/wp\/v2\/posts\/10099\/revisions\/10104"}],"wp:featuredmedia":[{"embeddable":true,"href":"https:\/\/focotocantinense.com.br\/index.php?rest_route=\/wp\/v2\/media\/10100"}],"wp:attachment":[{"href":"https:\/\/focotocantinense.com.br\/index.php?rest_route=%2Fwp%2Fv2%2Fmedia&parent=10099"}],"wp:term":[{"taxonomy":"category","embeddable":true,"href":"https:\/\/focotocantinense.com.br\/index.php?rest_route=%2Fwp%2Fv2%2Fcategories&post=10099"},{"taxonomy":"post_tag","embeddable":true,"href":"https:\/\/focotocantinense.com.br\/index.php?rest_route=%2Fwp%2Fv2%2Ftags&post=10099"}],"curies":[{"name":"wp","href":"https:\/\/api.w.org\/{rel}","templated":true}]}}