{"id":10088,"date":"2025-04-26T09:42:06","date_gmt":"2025-04-26T12:42:06","guid":{"rendered":"https:\/\/focotocantinense.com.br\/?p=10088"},"modified":"2025-04-26T10:29:58","modified_gmt":"2025-04-26T13:29:58","slug":"roda-de-conversa-literaria-com-o-escritor-zacarias-martins-movimenta-o-colegio-joao-dabreu-em-dianopolis","status":"publish","type":"post","link":"https:\/\/focotocantinense.com.br\/?p=10088","title":{"rendered":"Roda de conversa liter\u00e1ria com o escritor Zacarias Martins movimenta o Col\u00e9gio Jo\u00e3o D\u2019Abreu, em Dian\u00f3polis"},"content":{"rendered":"\n<p>Dando continuidade a seu projeto de forma\u00e7\u00e3o de leitores e produ\u00e7\u00e3o textual, o escritor e jornalista Zacarias Martins, esteve na manh\u00e3 desta sexta-feira, 25, no Col\u00e9gio Estadual Jo\u00e3o D\u2019Abreu, em Dian\u00f3polis, participando da movimentada programa\u00e7\u00e3o alusiva ao Dia D da Leitura. Na oportunidade, Martins realizou uma Roda de Conversa Liter\u00e1ria e promoveu o lan\u00e7amento da quinta edi\u00e7\u00e3o de seu livro de cr\u00f4nicas, \u201cHist\u00f3rias da Hist\u00f3ria de Gurupi\u201d, publicado pela Editora Veloso.<\/p>\n\n\n\n<p><strong>Doa\u00e7\u00e3o<\/strong><\/p>\n\n\n\n<p>Ao final de sua apresenta\u00e7\u00e3o, Zacarias Martins sorteou exemplares de seu livro entre os estudantes e tamb\u00e9m fez uma generosa doa\u00e7\u00e3o de obras de&nbsp;&nbsp;&nbsp;v\u00e1rios autores tocantinenses que v\u00e3o refor\u00e7ar o acervo da Biblioteca Escolar.<\/p>\n\n\n\n<figure class=\"wp-block-image size-large is-resized\"><img loading=\"lazy\" decoding=\"async\" width=\"768\" height=\"1024\" src=\"https:\/\/focotocantinense.com.br\/wp-content\/uploads\/2025\/04\/15-Roda-de-conversa-literaria-com-o-escritor-Zacarias-Martins-movimenta-o-Colegio-Joao-DAbreu-em-Dianopolis-768x1024.jpeg\" alt=\"\" class=\"wp-image-10096\" style=\"width:387px;height:auto\" srcset=\"https:\/\/focotocantinense.com.br\/wp-content\/uploads\/2025\/04\/15-Roda-de-conversa-literaria-com-o-escritor-Zacarias-Martins-movimenta-o-Colegio-Joao-DAbreu-em-Dianopolis-768x1024.jpeg 768w, https:\/\/focotocantinense.com.br\/wp-content\/uploads\/2025\/04\/15-Roda-de-conversa-literaria-com-o-escritor-Zacarias-Martins-movimenta-o-Colegio-Joao-DAbreu-em-Dianopolis-225x300.jpeg 225w, https:\/\/focotocantinense.com.br\/wp-content\/uploads\/2025\/04\/15-Roda-de-conversa-literaria-com-o-escritor-Zacarias-Martins-movimenta-o-Colegio-Joao-DAbreu-em-Dianopolis-1152x1536.jpeg 1152w, https:\/\/focotocantinense.com.br\/wp-content\/uploads\/2025\/04\/15-Roda-de-conversa-literaria-com-o-escritor-Zacarias-Martins-movimenta-o-Colegio-Joao-DAbreu-em-Dianopolis.jpeg 1200w\" sizes=\"auto, (max-width: 768px) 100vw, 768px\" \/><\/figure>\n\n\n\n<p><\/p>\n\n\n\n<p><strong>Apoio&nbsp;<\/strong><\/p>\n\n\n\n<p>A iniciativa faz parte de um projeto apoiado pela Pol\u00edtica Nacional Aldir Blanc\/2024, com recursos do Minist\u00e9rio da Cultura (MinC) e operacionalizados pela Secretaria de Cultura do Tocantins (Secult), que prev\u00ea, ainda, a realiza\u00e7\u00e3o de uma Roda de Conversa Liter\u00e1ria.<\/p>\n\n\n\n<p>Para a professora C\u00edntia Meireles, que leciona&nbsp;&nbsp;as disciplinas de&nbsp;&nbsp;L\u00edngua Portuguesa e Reda\u00e7\u00e3o no Col\u00e9gio Estadual Jo\u00e3o D\u2019Abreu, a roda de conversa liter\u00e1ria realizada pelo escritor Zacarias Martins foi de&nbsp;&nbsp;fundamental import\u00e2ncia&nbsp;&nbsp;para&nbsp;&nbsp;&nbsp;contribuir na forma\u00e7\u00e3o&nbsp;&nbsp;de seus alunos em&nbsp;&nbsp;cidad\u00e3os engajados, pois foram incentivados a ler livros de forma prazerosa&nbsp;&nbsp;e essa&nbsp;&nbsp;leitura contribui para o desenvolvimento de indiv\u00edduos mais conscientes e engajados com a sociedade.&nbsp;<\/p>\n\n\n\n<p><strong>Grande incentivador da leitura<\/strong><\/p>\n\n\n\n<p>\u201cNa sua explana\u00e7\u00e3o,&nbsp;&nbsp;&nbsp;o escritor nos mostrou&nbsp;&nbsp;que os alunos que possuem&nbsp;&nbsp;o h\u00e1bito de leitura tendem a ter melhor desempenho em outras disciplinas, pois a leitura fortalece as habilidades de leitura e compreens\u00e3o\u201d, afirmou a professora, destacando que o&nbsp;&nbsp;gosto pela leitura se aprende que isso n\u00e3o \u00e9 feito de forma instant\u00e2nea e, muito menos, pontual.<\/p>\n\n\n\n<p>\u201cA constru\u00e7\u00e3o desse interesse, como o pr\u00f3prio nome sugere, \u00e9 feita passo a passo. Com afeto, cuidado e persist\u00eancia. Por isso, essa a\u00e7\u00e3o com a presen\u00e7a do escritor Zacarias Martins em nosso col\u00e9gio foi uma experi\u00eancia gratificante. Esperamos que ele volte&nbsp;&nbsp;mais vezes\u201d, finalizou a professora.<\/p>\n\n\n\n<figure class=\"wp-block-image is-resized\"><a href=\"https:\/\/blogger.googleusercontent.com\/img\/b\/R29vZ2xl\/AVvXsEiIbxsH8uUU7ZbGlUBB9t3zmrKf0YvtfHiGdOwwARw6xqpYElyvjNF_kxr0ftQhjVrmRenNjTncyGa3DBkmMs5t9jUHIA2P-d_eneYTBO6rWtZJgk40PulTxqfgNxhAhW3E8SuaTTTHxpDx93jHPQc2n8CGLJ9T5ERbT7c45tajMeY1hCREIMHFsMFRRCNY\/s1600\/6%20Roda%20de%20conversa%20liter%C3%A1ria%20com%20o%20escritor%20Zacarias%20Martins%20movimenta%20o%20Col%C3%A9gio%20Jo%C3%A3o%20D%E2%80%99Abreu,%20em%20Dian%C3%B3polis.jpeg\"><img decoding=\"async\" src=\"https:\/\/blogger.googleusercontent.com\/img\/b\/R29vZ2xl\/AVvXsEiIbxsH8uUU7ZbGlUBB9t3zmrKf0YvtfHiGdOwwARw6xqpYElyvjNF_kxr0ftQhjVrmRenNjTncyGa3DBkmMs5t9jUHIA2P-d_eneYTBO6rWtZJgk40PulTxqfgNxhAhW3E8SuaTTTHxpDx93jHPQc2n8CGLJ9T5ERbT7c45tajMeY1hCREIMHFsMFRRCNY\/w470-h353\/6%20Roda%20de%20conversa%20liter%C3%A1ria%20com%20o%20escritor%20Zacarias%20Martins%20movimenta%20o%20Col%C3%A9gio%20Jo%C3%A3o%20D%E2%80%99Abreu,%20em%20Dian%C3%B3polis.jpeg\" alt=\"\" style=\"width:840px;height:auto\"\/><\/a><\/figure>\n\n\n\n<p><strong><em>O padre Eldinei Carneiro, juntamente com a&nbsp; Superintendente Regional de Ensino, Rosangela Pereira da Silva e a Assessora Regional de Educa\u00e7\u00e3o, Elismeire Neves Pinheiro proporcionaram uma calorosa acolhida ao escritor Zacarias Martins na chegada ao col\u00e9gio<\/em><\/strong><\/p>\n\n\n\n<p><strong>Import\u00e2ncia liter\u00e1ria<\/strong><\/p>\n\n\n\n<p>Professor de Sociologia do Col\u00e9gio Jo\u00e3o D\u2019Abreu e titular da Academia Gurupiense de Letras, o escritor e padre, Eldinei Carneiro, p\u00e1roco da Par\u00f3quia S\u00e3o Jos\u00e9, em Dian\u00f3polis, destacou a import\u00e2ncia&nbsp;&nbsp;&nbsp;de Zacarias Martins no cen\u00e1rio liter\u00e1rio tocantinense, tendo, inclusive, realizado uma entrevista com o escritor no seu Instagran, logo ap\u00f3s a realiza\u00e7\u00e3o do evento, comemorando a sua passagem pela Terras das Dianas.<\/p>\n\n\n\n<p>\u201cTrata-se de um dos grandes \u00edcones da Literatura Tocantinense, com uma bagagem cultural respeitada e, por isso mesmo, ficamos muito honrados com a presen\u00e7a dele em nossa cidade\u201d, declarou o padre Eldinei.<\/p>\n\n\n\n<p><strong>Sobre o autor<\/strong><\/p>\n\n\n\n<p>Zacarias Martins \u00e9 poeta, cronista e jornalista associado \u00e0 Federa\u00e7\u00e3o Brasileira de Jornalistas e Comunicadores de Turismo \u2013 Febtur\/Seccional Tocantins). Autor de seis livros de poesias publicados, al\u00e9m de uma obra voltada ao p\u00fablico infantil.&nbsp; J\u00e1 \u201cHist\u00f3rias da Hist\u00f3ria de Gurupi\u201d foi indicado por duas vezes para o vestibular da Universidade de Gurupi (UnirG) e seus textos integram diversas antologias liter\u00e1rias. Ele tamb\u00e9m \u00e9 membro-fundador da Academia Tocantinense de Letras (ATL) e da Academia Gurupiense de Letras (AGL). Mant\u00e9m diariamente o quadro das Curiosidades do Dia pela R\u00e1dio Master FM de Gurupi e \u00e9 assessor de comunica\u00e7\u00e3o da regional Sul\/Sudeste do Comit\u00ea de Cultura no Tocantins.<\/p>\n\n\n\n<figure class=\"wp-block-image is-resized\"><a href=\"https:\/\/blogger.googleusercontent.com\/img\/b\/R29vZ2xl\/AVvXsEhVdotRddN4AG85n8C2SxEmmdGKHh81C2jyRY2s-oAMxLhX8apUL_6WoXWtCctPueB0I0LzsbvND0tJIbdh6kSMXPWWIxNbqL9h2ZNVTpMg_YNjyUrGH_0YzshE6t7w9PLWGe-II7kl6RUF-x4E0lfyck4o26SHZu9qGGrk9s35ps74eWiiR185cFJeMiEe\/s3000\/1Roda%20de%20conversa%20liter%C3%A1ria%20com%20o%20escritor%20Zacarias%20Martins%20movimenta%20o%20Col%C3%A9gio%20Jo%C3%A3o%20D%E2%80%99Abreu,%20em%20Dian%C3%B3polis.JPG\"><img decoding=\"async\" src=\"https:\/\/blogger.googleusercontent.com\/img\/b\/R29vZ2xl\/AVvXsEhVdotRddN4AG85n8C2SxEmmdGKHh81C2jyRY2s-oAMxLhX8apUL_6WoXWtCctPueB0I0LzsbvND0tJIbdh6kSMXPWWIxNbqL9h2ZNVTpMg_YNjyUrGH_0YzshE6t7w9PLWGe-II7kl6RUF-x4E0lfyck4o26SHZu9qGGrk9s35ps74eWiiR185cFJeMiEe\/w512-h341\/1Roda%20de%20conversa%20liter%C3%A1ria%20com%20o%20escritor%20Zacarias%20Martins%20movimenta%20o%20Col%C3%A9gio%20Jo%C3%A3o%20D%E2%80%99Abreu,%20em%20Dian%C3%B3polis.JPG\" alt=\"\" style=\"width:840px;height:auto\"\/><\/a><\/figure>\n\n\n\n<p><\/p>\n\n\n\n<figure class=\"wp-block-image is-resized\"><a href=\"https:\/\/blogger.googleusercontent.com\/img\/b\/R29vZ2xl\/AVvXsEi-JgZ5wb0HOmRFL0f6t3TZXJpy6LK8SwAnIr5xrS9RfVEM9HKWY75UdrEoLqkirNNEUHpm3JGXawZEEN7_9NGKUSHjlhaTuXGpQ1belaMVQyKmutgTVlUBr99U5gElkz1LwbHzY6u6ZQ7UdB0q3O13-K4Yud5f78mGqdxUsdQ2ixa08-1hbGCa4RMDde7_\/s658\/4%20Roda%20de%20conversa%20liter%C3%A1ria%20com%20o%20escritor%20Zacarias%20Martins%20movimenta%20o%20Col%C3%A9gio%20Jo%C3%A3o%20D%E2%80%99Abreu,%20em%20Dian%C3%B3polis.jpeg\"><img decoding=\"async\" src=\"https:\/\/blogger.googleusercontent.com\/img\/b\/R29vZ2xl\/AVvXsEi-JgZ5wb0HOmRFL0f6t3TZXJpy6LK8SwAnIr5xrS9RfVEM9HKWY75UdrEoLqkirNNEUHpm3JGXawZEEN7_9NGKUSHjlhaTuXGpQ1belaMVQyKmutgTVlUBr99U5gElkz1LwbHzY6u6ZQ7UdB0q3O13-K4Yud5f78mGqdxUsdQ2ixa08-1hbGCa4RMDde7_\/w515-h349\/4%20Roda%20de%20conversa%20liter%C3%A1ria%20com%20o%20escritor%20Zacarias%20Martins%20movimenta%20o%20Col%C3%A9gio%20Jo%C3%A3o%20D%E2%80%99Abreu,%20em%20Dian%C3%B3polis.jpeg\" alt=\"\" style=\"width:840px;height:auto\"\/><\/a><\/figure>\n\n\n\n<p><\/p>\n\n\n\n<figure class=\"wp-block-image is-resized\"><a href=\"https:\/\/blogger.googleusercontent.com\/img\/b\/R29vZ2xl\/AVvXsEiQQpBLZhbEEgoRcjANp9kTw16LSQKm38v_hLkuzNbsy-Ijia4DVSMa1gy_ufZvtW3CsgJPU19OJhbDB-tg50RVi0bC1CldgyD2xTIO6YcDG0G6BTyyEvp0J19swOZrJlXPeGprJRdsiscIq-0gl8s2VMrcBVngYRLrAIrFm0Rmg2Dich0Qg9qQwtB7pEq3\/s3000\/11%20Roda%20de%20conversa%20liter%C3%A1ria%20com%20o%20escritor%20Zacarias%20Martins%20movimenta%20o%20Col%C3%A9gio%20Jo%C3%A3o%20D%E2%80%99Abreu,%20em%20Dian%C3%B3polis.JPG\"><img decoding=\"async\" src=\"https:\/\/blogger.googleusercontent.com\/img\/b\/R29vZ2xl\/AVvXsEiQQpBLZhbEEgoRcjANp9kTw16LSQKm38v_hLkuzNbsy-Ijia4DVSMa1gy_ufZvtW3CsgJPU19OJhbDB-tg50RVi0bC1CldgyD2xTIO6YcDG0G6BTyyEvp0J19swOZrJlXPeGprJRdsiscIq-0gl8s2VMrcBVngYRLrAIrFm0Rmg2Dich0Qg9qQwtB7pEq3\/w524-h348\/11%20Roda%20de%20conversa%20liter%C3%A1ria%20com%20o%20escritor%20Zacarias%20Martins%20movimenta%20o%20Col%C3%A9gio%20Jo%C3%A3o%20D%E2%80%99Abreu,%20em%20Dian%C3%B3polis.JPG\" alt=\"\" style=\"width:840px;height:auto\"\/><\/a><\/figure>\n\n\n\n<p><\/p>\n\n\n\n<figure class=\"wp-block-image is-resized\"><a href=\"https:\/\/blogger.googleusercontent.com\/img\/b\/R29vZ2xl\/AVvXsEhsTe0PoJvnXnm9XRqT9N6zo2B8xRwyu1Egr_-LLSANOXqAVrkOWs1q8AlRgmcC0q4I8mB4yNZtJEqEXlkTTn4U6eRbRAHMXqKANKnNcXBuB-PEac2K_QOjnssa2gi9Pcf_E13X-0JPN3bbRXsApxh8Au4GFVdvVkEbGErPLlu1vvCWJObH_IMx0HO42e7T\/s3000\/14%20Roda%20de%20conversa%20liter%C3%A1ria%20com%20o%20escritor%20Zacarias%20Martins%20movimenta%20o%20Col%C3%A9gio%20Jo%C3%A3o%20D%E2%80%99Abreu,%20em%20Dian%C3%B3polis.JPG\"><img decoding=\"async\" src=\"https:\/\/blogger.googleusercontent.com\/img\/b\/R29vZ2xl\/AVvXsEhsTe0PoJvnXnm9XRqT9N6zo2B8xRwyu1Egr_-LLSANOXqAVrkOWs1q8AlRgmcC0q4I8mB4yNZtJEqEXlkTTn4U6eRbRAHMXqKANKnNcXBuB-PEac2K_QOjnssa2gi9Pcf_E13X-0JPN3bbRXsApxh8Au4GFVdvVkEbGErPLlu1vvCWJObH_IMx0HO42e7T\/w526-h350\/14%20Roda%20de%20conversa%20liter%C3%A1ria%20com%20o%20escritor%20Zacarias%20Martins%20movimenta%20o%20Col%C3%A9gio%20Jo%C3%A3o%20D%E2%80%99Abreu,%20em%20Dian%C3%B3polis.JPG\" alt=\"\" style=\"width:840px;height:auto\"\/><\/a><\/figure>\n\n\n\n<p><\/p>\n\n\n\n<figure class=\"wp-block-image is-resized\"><img decoding=\"async\" src=\"https:\/\/blogger.googleusercontent.com\/img\/b\/R29vZ2xl\/AVvXsEh9c-noPRmr9scdwzZexrsBTMDUJCLtusxUoeU9S8e7yCOdzXzCYrgd7FB0NvCz7VkO0F_JyECCarwAnmzmxzTX4myRjubsaPbjVfl_NS0nnb1Hybx7B6ja8-5n3Qe4K5oTRkmPeyzu3eHnqBijRFDOV2w73mZqIqU3WEqPBEnQqXxWvdr6RmjsVWSw11Kv\/w505-h378\/5%20Roda%20de%20conversa%20liter%C3%A1ria%20com%20o%20escritor%20Zacarias%20Martins%20movimenta%20o%20Col%C3%A9gio%20Jo%C3%A3o%20D%E2%80%99Abreu,%20em%20Dian%C3%B3polis.jpeg\" alt=\"\" style=\"width:840px;height:auto\"\/><\/figure>\n\n\n\n<p><\/p>\n\n\n\n<figure class=\"wp-block-image size-large\"><img loading=\"lazy\" decoding=\"async\" width=\"1024\" height=\"256\" src=\"https:\/\/focotocantinense.com.br\/wp-content\/uploads\/2025\/04\/Vinicius-Martins-ESPECIALISTA-EM-RISOS-8-1024x256.jpeg\" alt=\"\" class=\"wp-image-10079\" srcset=\"https:\/\/focotocantinense.com.br\/wp-content\/uploads\/2025\/04\/Vinicius-Martins-ESPECIALISTA-EM-RISOS-8-1024x256.jpeg 1024w, https:\/\/focotocantinense.com.br\/wp-content\/uploads\/2025\/04\/Vinicius-Martins-ESPECIALISTA-EM-RISOS-8-300x75.jpeg 300w, https:\/\/focotocantinense.com.br\/wp-content\/uploads\/2025\/04\/Vinicius-Martins-ESPECIALISTA-EM-RISOS-8-768x192.jpeg 768w, https:\/\/focotocantinense.com.br\/wp-content\/uploads\/2025\/04\/Vinicius-Martins-ESPECIALISTA-EM-RISOS-8-1536x384.jpeg 1536w, https:\/\/focotocantinense.com.br\/wp-content\/uploads\/2025\/04\/Vinicius-Martins-ESPECIALISTA-EM-RISOS-8.jpeg 1584w\" sizes=\"auto, (max-width: 1024px) 100vw, 1024px\" \/><\/figure>\n\n\n\n<p><\/p>\n","protected":false},"excerpt":{"rendered":"<p>Dando continuidade a seu projeto de forma\u00e7\u00e3o de leitores e produ\u00e7\u00e3o textual, o escritor e jornalista Zacarias Martins, esteve na manh\u00e3 desta sexta-feira, 25, no Col\u00e9gio Estadual Jo\u00e3o D\u2019Abreu, em Dian\u00f3polis, participando da movimentada programa\u00e7\u00e3o alusiva ao Dia D da Leitura. Na oportunidade, Martins realizou uma Roda de Conversa Liter\u00e1ria e promoveu o lan\u00e7amento da &hellip;<\/p>\n","protected":false},"author":5,"featured_media":10089,"comment_status":"open","ping_status":"open","sticky":false,"template":"","format":"standard","meta":{"footnotes":""},"categories":[1],"tags":[],"class_list":["post-10088","post","type-post","status-publish","format-standard","has-post-thumbnail","","category-sem-categoria"],"_links":{"self":[{"href":"https:\/\/focotocantinense.com.br\/index.php?rest_route=\/wp\/v2\/posts\/10088","targetHints":{"allow":["GET"]}}],"collection":[{"href":"https:\/\/focotocantinense.com.br\/index.php?rest_route=\/wp\/v2\/posts"}],"about":[{"href":"https:\/\/focotocantinense.com.br\/index.php?rest_route=\/wp\/v2\/types\/post"}],"author":[{"embeddable":true,"href":"https:\/\/focotocantinense.com.br\/index.php?rest_route=\/wp\/v2\/users\/5"}],"replies":[{"embeddable":true,"href":"https:\/\/focotocantinense.com.br\/index.php?rest_route=%2Fwp%2Fv2%2Fcomments&post=10088"}],"version-history":[{"count":7,"href":"https:\/\/focotocantinense.com.br\/index.php?rest_route=\/wp\/v2\/posts\/10088\/revisions"}],"predecessor-version":[{"id":10098,"href":"https:\/\/focotocantinense.com.br\/index.php?rest_route=\/wp\/v2\/posts\/10088\/revisions\/10098"}],"wp:featuredmedia":[{"embeddable":true,"href":"https:\/\/focotocantinense.com.br\/index.php?rest_route=\/wp\/v2\/media\/10089"}],"wp:attachment":[{"href":"https:\/\/focotocantinense.com.br\/index.php?rest_route=%2Fwp%2Fv2%2Fmedia&parent=10088"}],"wp:term":[{"taxonomy":"category","embeddable":true,"href":"https:\/\/focotocantinense.com.br\/index.php?rest_route=%2Fwp%2Fv2%2Fcategories&post=10088"},{"taxonomy":"post_tag","embeddable":true,"href":"https:\/\/focotocantinense.com.br\/index.php?rest_route=%2Fwp%2Fv2%2Ftags&post=10088"}],"curies":[{"name":"wp","href":"https:\/\/api.w.org\/{rel}","templated":true}]}}