{"id":10082,"date":"2025-04-24T09:22:01","date_gmt":"2025-04-24T12:22:01","guid":{"rendered":"https:\/\/focotocantinense.com.br\/?p=10082"},"modified":"2025-04-24T09:22:01","modified_gmt":"2025-04-24T12:22:01","slug":"vice-presidente-do-senado-eduardo-gomes-participa-de-recepcao-oficial-ao-presidente-do-chile-no-congresso-nacional","status":"publish","type":"post","link":"https:\/\/focotocantinense.com.br\/?p=10082","title":{"rendered":"Vice-presidente do Senado, Eduardo Gomes participa de recep\u00e7\u00e3o oficial ao presidente do Chile no Congresso Nacional"},"content":{"rendered":"\n<p><em>O vice-presidente do Senado Federal e presidente do PL Tocantins, senador Eduardo Gomes, participou nesta quarta-feira, 23, da recep\u00e7\u00e3o oficial ao presidente do Chile, Gabriel Boric, no Sal\u00e3o Nobre do Senado. O encontro foi conduzido pelo presidente da Casa, senador Davi Alcolumbre, e integra a agenda da visita oficial do chefe de Estado chileno ao Brasil.<\/em><\/p>\n\n\n\n<figure class=\"wp-block-image size-full is-resized\"><img loading=\"lazy\" decoding=\"async\" width=\"977\" height=\"953\" src=\"https:\/\/focotocantinense.com.br\/wp-content\/uploads\/2025\/04\/Gomes-Vice-presidente-do-Senado-Eduardo-Gomes-participa-de-recepcao-oficial-ao-presidente-do-Chile-no-Congresso-Nacional-4-1536x1182-F.jpg\" alt=\"\" class=\"wp-image-10083\" style=\"width:397px;height:auto\" srcset=\"https:\/\/focotocantinense.com.br\/wp-content\/uploads\/2025\/04\/Gomes-Vice-presidente-do-Senado-Eduardo-Gomes-participa-de-recepcao-oficial-ao-presidente-do-Chile-no-Congresso-Nacional-4-1536x1182-F.jpg 977w, https:\/\/focotocantinense.com.br\/wp-content\/uploads\/2025\/04\/Gomes-Vice-presidente-do-Senado-Eduardo-Gomes-participa-de-recepcao-oficial-ao-presidente-do-Chile-no-Congresso-Nacional-4-1536x1182-F-300x293.jpg 300w, https:\/\/focotocantinense.com.br\/wp-content\/uploads\/2025\/04\/Gomes-Vice-presidente-do-Senado-Eduardo-Gomes-participa-de-recepcao-oficial-ao-presidente-do-Chile-no-Congresso-Nacional-4-1536x1182-F-768x749.jpg 768w\" sizes=\"auto, (max-width: 977px) 100vw, 977px\" \/><\/figure>\n\n\n\n<p>Por Reda\u00e7\u00e3o<\/p>\n\n\n\n<p>Durante o evento no Senado, Eduardo Gomes destacou a import\u00e2ncia da aproxima\u00e7\u00e3o entre os dois pa\u00edses e o papel do Parlamento no fortalecimento dessas rela\u00e7\u00f5es. \u201cO Brasil e o Chile compartilham uma hist\u00f3ria s\u00f3lida de coopera\u00e7\u00e3o. Fortalecer os la\u00e7os diplom\u00e1ticos e comerciais com um pa\u00eds que \u00e9 nosso principal parceiro latino-americano em investimentos \u00e9 fundamental para o desenvolvimento sustent\u00e1vel da regi\u00e3o e a promo\u00e7\u00e3o de oportunidades para nossos cidad\u00e3os\u201d, afirmou.<\/p>\n\n\n\n<p>O senador tamb\u00e9m ressaltou a relev\u00e2ncia da Rota Bioce\u00e2nica, que foi pauta da visita. \u201cA cria\u00e7\u00e3o da Rota Bioce\u00e2nica \u00e9 um projeto estrat\u00e9gico para integrar o Brasil ao Pac\u00edfico, via Chile, ampliando a competitividade de nossas exporta\u00e7\u00f5es e promovendo o desenvolvimento de regi\u00f5es interioranas do pa\u00eds, como o Tocantins\u201d, completou.<\/p>\n\n\n\n<p>O Chile \u00e9 hoje o maior investidor latino-americano no Brasil e tem o Brasil como principal destino de seus investimentos no exterior, o que refor\u00e7a a relev\u00e2ncia estrat\u00e9gica da visita de Estado para ambos os pa\u00edses.<\/p>\n\n\n\n<h4 class=\"wp-block-heading\">Agenda do Presidente do Chile no Brasil<\/h4>\n\n\n\n<p>A visita de Gabriel Boric teve in\u00edcio na ter\u00e7a-feira, 22, no Pal\u00e1cio do Planalto, onde foi recebido pelo presidente Luiz In\u00e1cio Lula da Silva. Na ocasi\u00e3o, ambos os l\u00edderes celebraram os 189 anos de rela\u00e7\u00f5es diplom\u00e1ticas entre Chile e Brasil, e assinaram 13 acordos e memorandos de entendimento em \u00e1reas estrat\u00e9gicas como seguran\u00e7a p\u00fablica, ci\u00eancia e tecnologia, agricultura e intelig\u00eancia artificial.<\/p>\n\n\n\n<figure class=\"wp-block-image size-large\"><img loading=\"lazy\" decoding=\"async\" width=\"1024\" height=\"682\" src=\"https:\/\/focotocantinense.com.br\/wp-content\/uploads\/2025\/04\/Gomes-Vice-presidente-do-Senado-Eduardo-Gomes-participa-de-recepcao-oficial-ao-presidente-do-Chile-no-Congresso-Nacional-9-1536x1023-1-1024x682.jpg\" alt=\"\" class=\"wp-image-10084\" srcset=\"https:\/\/focotocantinense.com.br\/wp-content\/uploads\/2025\/04\/Gomes-Vice-presidente-do-Senado-Eduardo-Gomes-participa-de-recepcao-oficial-ao-presidente-do-Chile-no-Congresso-Nacional-9-1536x1023-1-1024x682.jpg 1024w, https:\/\/focotocantinense.com.br\/wp-content\/uploads\/2025\/04\/Gomes-Vice-presidente-do-Senado-Eduardo-Gomes-participa-de-recepcao-oficial-ao-presidente-do-Chile-no-Congresso-Nacional-9-1536x1023-1-300x200.jpg 300w, https:\/\/focotocantinense.com.br\/wp-content\/uploads\/2025\/04\/Gomes-Vice-presidente-do-Senado-Eduardo-Gomes-participa-de-recepcao-oficial-ao-presidente-do-Chile-no-Congresso-Nacional-9-1536x1023-1-768x512.jpg 768w, https:\/\/focotocantinense.com.br\/wp-content\/uploads\/2025\/04\/Gomes-Vice-presidente-do-Senado-Eduardo-Gomes-participa-de-recepcao-oficial-ao-presidente-do-Chile-no-Congresso-Nacional-9-1536x1023-1-310x205.jpg 310w, https:\/\/focotocantinense.com.br\/wp-content\/uploads\/2025\/04\/Gomes-Vice-presidente-do-Senado-Eduardo-Gomes-participa-de-recepcao-oficial-ao-presidente-do-Chile-no-Congresso-Nacional-9-1536x1023-1.jpg 1536w\" sizes=\"auto, (max-width: 1024px) 100vw, 1024px\" \/><\/figure>\n\n\n\n<p>O evento no Senado faz parte de uma s\u00e9rie de compromissos oficiais da visita de Gabriel Boric, que inclui encontros com os chefes dos tr\u00eas poderes da Rep\u00fablica. Ap\u00f3s a passagem pelo Legislativo, o presidente chileno seguiu para o Supremo Tribunal Federal (STF), onde se reuniu com o presidente da Corte, ministro Lu\u00eds Roberto Barroso.<\/p>\n","protected":false},"excerpt":{"rendered":"<p>O vice-presidente do Senado Federal e presidente do PL Tocantins, senador Eduardo Gomes, participou nesta quarta-feira, 23, da recep\u00e7\u00e3o oficial ao presidente do Chile, Gabriel Boric, no Sal\u00e3o Nobre do Senado. O encontro foi conduzido pelo presidente da Casa, senador Davi Alcolumbre, e integra a agenda da visita oficial do chefe de Estado chileno ao &hellip;<\/p>\n","protected":false},"author":5,"featured_media":10085,"comment_status":"open","ping_status":"open","sticky":false,"template":"","format":"standard","meta":{"footnotes":""},"categories":[1],"tags":[],"class_list":["post-10082","post","type-post","status-publish","format-standard","has-post-thumbnail","","category-sem-categoria"],"_links":{"self":[{"href":"https:\/\/focotocantinense.com.br\/index.php?rest_route=\/wp\/v2\/posts\/10082","targetHints":{"allow":["GET"]}}],"collection":[{"href":"https:\/\/focotocantinense.com.br\/index.php?rest_route=\/wp\/v2\/posts"}],"about":[{"href":"https:\/\/focotocantinense.com.br\/index.php?rest_route=\/wp\/v2\/types\/post"}],"author":[{"embeddable":true,"href":"https:\/\/focotocantinense.com.br\/index.php?rest_route=\/wp\/v2\/users\/5"}],"replies":[{"embeddable":true,"href":"https:\/\/focotocantinense.com.br\/index.php?rest_route=%2Fwp%2Fv2%2Fcomments&post=10082"}],"version-history":[{"count":1,"href":"https:\/\/focotocantinense.com.br\/index.php?rest_route=\/wp\/v2\/posts\/10082\/revisions"}],"predecessor-version":[{"id":10086,"href":"https:\/\/focotocantinense.com.br\/index.php?rest_route=\/wp\/v2\/posts\/10082\/revisions\/10086"}],"wp:featuredmedia":[{"embeddable":true,"href":"https:\/\/focotocantinense.com.br\/index.php?rest_route=\/wp\/v2\/media\/10085"}],"wp:attachment":[{"href":"https:\/\/focotocantinense.com.br\/index.php?rest_route=%2Fwp%2Fv2%2Fmedia&parent=10082"}],"wp:term":[{"taxonomy":"category","embeddable":true,"href":"https:\/\/focotocantinense.com.br\/index.php?rest_route=%2Fwp%2Fv2%2Fcategories&post=10082"},{"taxonomy":"post_tag","embeddable":true,"href":"https:\/\/focotocantinense.com.br\/index.php?rest_route=%2Fwp%2Fv2%2Ftags&post=10082"}],"curies":[{"name":"wp","href":"https:\/\/api.w.org\/{rel}","templated":true}]}}