{"id":10076,"date":"2025-04-23T21:35:42","date_gmt":"2025-04-24T00:35:42","guid":{"rendered":"https:\/\/focotocantinense.com.br\/?p=10076"},"modified":"2025-04-23T21:36:28","modified_gmt":"2025-04-24T00:36:28","slug":"comite-de-cultura-promove-acao-em-araguatins-sobre-gestao-cultural","status":"publish","type":"post","link":"https:\/\/focotocantinense.com.br\/?p=10076","title":{"rendered":"Comit\u00ea de Cultura promove a\u00e7\u00e3o em Araguatins sobre gest\u00e3o cultural"},"content":{"rendered":"\n<p><strong>Por Rodrigo Martins<\/strong><\/p>\n\n\n\n<p>Araguatins, na regi\u00e3o do Bico do Papagaio, ser\u00e1 o pr\u00f3ximo munic\u00edpio a receber o projeto <em>Rotas Culturais Tocantins<\/em>, promovido pelo Comit\u00ea de Cultura no Tocantins. A atividade ser\u00e1 realizada <strong>nesta sexta-feira, 25 de abril, a partir das 08h<\/strong>, no Audit\u00f3rio da Prefeitura Municipal, com o tema <strong>\u201cGest\u00e3o Municipal e a Estrutura\u00e7\u00e3o do Sistema Municipal de Cultura\u201d<\/strong>.<\/p>\n\n\n\n<p>O evento \u00e9 uma iniciativa da Federa\u00e7\u00e3o Tocantinense de Artes C\u00eanicas (FETAC) e do Instituto ISCA, em parceria com o Minist\u00e9rio da Cultura (MinC), e faz parte de uma s\u00e9rie de semin\u00e1rios voltados ao fortalecimento das pol\u00edticas culturais em todo o estado do Tocantins.<\/p>\n\n\n\n<p>A programa\u00e7\u00e3o contar\u00e1 com a presen\u00e7a do <strong>m\u00fasico e produtor cultural Diogo Juc\u00e1<\/strong>, que conduzir\u00e1 um workshop sobre os desafios e caminhos para a constru\u00e7\u00e3o de sistemas municipais de cultura nos territ\u00f3rios locais.<\/p>\n\n\n\n<p>Segundo o coordenador-geral do Comit\u00ea de Cultura no Tocantins, Kak\u00e1 Nogueira, o projeto tem sido fundamental para impulsionar a articula\u00e7\u00e3o cultural no estado. \u201cCada encontro tem promovido um importante espa\u00e7o de escuta e constru\u00e7\u00e3o coletiva. Nosso foco \u00e9 ampliar o acesso \u00e0s pol\u00edticas p\u00fablicas de cultura, especialmente nos munic\u00edpios priorit\u00e1rios e que ainda est\u00e3o estruturando seus sistemas de cultura\u201d, afirmou.<\/p>\n\n\n\n<p>A a\u00e7\u00e3o conta ainda com o apoio da Associa\u00e7\u00e3o Gurupiense de Artes\u00e3os (AGA), do Instituto Social e Cultural Araguaia (ISCA) e de outros parceiros. A FETAC \u00e9 respons\u00e1vel pela coordena\u00e7\u00e3o do Comit\u00ea de Cultura no Tocantins, que atua em colabora\u00e7\u00e3o com o MinC por meio do Programa Nacional dos Comit\u00eas de Cultura (PNCC).<\/p>\n\n\n\n<figure class=\"wp-block-image size-large\"><img loading=\"lazy\" decoding=\"async\" width=\"1024\" height=\"768\" src=\"https:\/\/focotocantinense.com.br\/wp-content\/uploads\/2025\/04\/Comite-de-Cultura-promove-acao-em-Araguatins-sobre-gestao-cultural-1024x768.jpeg\" alt=\"\" class=\"wp-image-10077\" srcset=\"https:\/\/focotocantinense.com.br\/wp-content\/uploads\/2025\/04\/Comite-de-Cultura-promove-acao-em-Araguatins-sobre-gestao-cultural-1024x768.jpeg 1024w, https:\/\/focotocantinense.com.br\/wp-content\/uploads\/2025\/04\/Comite-de-Cultura-promove-acao-em-Araguatins-sobre-gestao-cultural-300x225.jpeg 300w, https:\/\/focotocantinense.com.br\/wp-content\/uploads\/2025\/04\/Comite-de-Cultura-promove-acao-em-Araguatins-sobre-gestao-cultural-768x576.jpeg 768w, https:\/\/focotocantinense.com.br\/wp-content\/uploads\/2025\/04\/Comite-de-Cultura-promove-acao-em-Araguatins-sobre-gestao-cultural.jpeg 1280w\" sizes=\"auto, (max-width: 1024px) 100vw, 1024px\" \/><\/figure>\n\n\n\n<p><\/p>\n\n\n\n<figure class=\"wp-block-image size-large\"><img loading=\"lazy\" decoding=\"async\" width=\"1024\" height=\"256\" src=\"https:\/\/focotocantinense.com.br\/wp-content\/uploads\/2025\/04\/Vinicius-Martins-ESPECIALISTA-EM-RISOS-8-1024x256.jpeg\" alt=\"\" class=\"wp-image-10079\" srcset=\"https:\/\/focotocantinense.com.br\/wp-content\/uploads\/2025\/04\/Vinicius-Martins-ESPECIALISTA-EM-RISOS-8-1024x256.jpeg 1024w, https:\/\/focotocantinense.com.br\/wp-content\/uploads\/2025\/04\/Vinicius-Martins-ESPECIALISTA-EM-RISOS-8-300x75.jpeg 300w, https:\/\/focotocantinense.com.br\/wp-content\/uploads\/2025\/04\/Vinicius-Martins-ESPECIALISTA-EM-RISOS-8-768x192.jpeg 768w, https:\/\/focotocantinense.com.br\/wp-content\/uploads\/2025\/04\/Vinicius-Martins-ESPECIALISTA-EM-RISOS-8-1536x384.jpeg 1536w, https:\/\/focotocantinense.com.br\/wp-content\/uploads\/2025\/04\/Vinicius-Martins-ESPECIALISTA-EM-RISOS-8.jpeg 1584w\" sizes=\"auto, (max-width: 1024px) 100vw, 1024px\" \/><\/figure>\n","protected":false},"excerpt":{"rendered":"<p>Por Rodrigo Martins Araguatins, na regi\u00e3o do Bico do Papagaio, ser\u00e1 o pr\u00f3ximo munic\u00edpio a receber o projeto Rotas Culturais Tocantins, promovido pelo Comit\u00ea de Cultura no Tocantins. A atividade ser\u00e1 realizada nesta sexta-feira, 25 de abril, a partir das 08h, no Audit\u00f3rio da Prefeitura Municipal, com o tema \u201cGest\u00e3o Municipal e a Estrutura\u00e7\u00e3o do &hellip;<\/p>\n","protected":false},"author":5,"featured_media":10077,"comment_status":"open","ping_status":"open","sticky":false,"template":"","format":"standard","meta":{"footnotes":""},"categories":[1],"tags":[],"class_list":["post-10076","post","type-post","status-publish","format-standard","has-post-thumbnail","","category-sem-categoria"],"_links":{"self":[{"href":"https:\/\/focotocantinense.com.br\/index.php?rest_route=\/wp\/v2\/posts\/10076","targetHints":{"allow":["GET"]}}],"collection":[{"href":"https:\/\/focotocantinense.com.br\/index.php?rest_route=\/wp\/v2\/posts"}],"about":[{"href":"https:\/\/focotocantinense.com.br\/index.php?rest_route=\/wp\/v2\/types\/post"}],"author":[{"embeddable":true,"href":"https:\/\/focotocantinense.com.br\/index.php?rest_route=\/wp\/v2\/users\/5"}],"replies":[{"embeddable":true,"href":"https:\/\/focotocantinense.com.br\/index.php?rest_route=%2Fwp%2Fv2%2Fcomments&post=10076"}],"version-history":[{"count":3,"href":"https:\/\/focotocantinense.com.br\/index.php?rest_route=\/wp\/v2\/posts\/10076\/revisions"}],"predecessor-version":[{"id":10081,"href":"https:\/\/focotocantinense.com.br\/index.php?rest_route=\/wp\/v2\/posts\/10076\/revisions\/10081"}],"wp:featuredmedia":[{"embeddable":true,"href":"https:\/\/focotocantinense.com.br\/index.php?rest_route=\/wp\/v2\/media\/10077"}],"wp:attachment":[{"href":"https:\/\/focotocantinense.com.br\/index.php?rest_route=%2Fwp%2Fv2%2Fmedia&parent=10076"}],"wp:term":[{"taxonomy":"category","embeddable":true,"href":"https:\/\/focotocantinense.com.br\/index.php?rest_route=%2Fwp%2Fv2%2Fcategories&post=10076"},{"taxonomy":"post_tag","embeddable":true,"href":"https:\/\/focotocantinense.com.br\/index.php?rest_route=%2Fwp%2Fv2%2Ftags&post=10076"}],"curies":[{"name":"wp","href":"https:\/\/api.w.org\/{rel}","templated":true}]}}