{"id":1007,"date":"2021-03-26T16:58:53","date_gmt":"2021-03-26T19:58:53","guid":{"rendered":"https:\/\/focotocantinense.com.br\/?p=1007"},"modified":"2021-03-26T16:58:57","modified_gmt":"2021-03-26T19:58:57","slug":"cestas-basicas-entregues-pelo-governo-do-tocantins-ajudam-familias-em-situacao-de-vulnerabilidade-a-superarem-incertezas-da-pandemia","status":"publish","type":"post","link":"https:\/\/focotocantinense.com.br\/?p=1007","title":{"rendered":"Cestas b\u00e1sicas entregues pelo Governo do Tocantins ajudam fam\u00edlias em situa\u00e7\u00e3o de vulnerabilidade a superarem incertezas da pandemia"},"content":{"rendered":"\n<p><em>No per\u00edodo de 25 a 31 de mar\u00e7o, a a\u00e7\u00e3o emergencial do Governo do Tocantins atender\u00e1 8 mil fam\u00edlias com 112 toneladas em cestas b\u00e1sicas<\/em><\/p>\n\n\n\n<p><strong>Jesuino Santana Jr.\/Governo do Tocantins<\/strong><\/p>\n\n\n\n<p>A pandemia da Covid-19, iniciada em mar\u00e7o do ano passado, trouxe muitas incertezas a v\u00e1rias fam\u00edlias tocantinenses. Com as medidas de restri\u00e7\u00f5es colocadas em pr\u00e1tica para evitar a prolifera\u00e7\u00e3o do v\u00edrus e um consequente colapso do sistema de sa\u00fade, muitas pessoas precisaram ficar em casa e assim tiveram sua renda comprometida. Com o prop\u00f3sito de garantir uma alimenta\u00e7\u00e3o digna dessas pessoas, o governador do Estado do Tocantins, Mauro Carlesse, determinou para&nbsp;sua equipe a cria\u00e7\u00e3o de uma a\u00e7\u00e3o emergencial de entrega de cestas b\u00e1sicas nos 139 munic\u00edpios do Estado,&nbsp;que j\u00e1 atendeu milhares de fam\u00edlias. Em um ano, a Gest\u00e3o Estadual j\u00e1 entregou mais de 1&nbsp;milh\u00e3o de cestas b\u00e1sicas.<\/p>\n\n\n\n<p>Entre as milhares de pessoas beneficiadas com a a\u00e7\u00e3o do Governo do Tocantins, est\u00e3o as 250 fam\u00edlias do Quilombo Kalunga do Mimoso, no munic\u00edpio de Arraias, que receberam os alimentos neste m\u00eas de mar\u00e7o. \u201cA comunidade est\u00e1 bastante satisfeita com a vinda do Governo. Agrade\u00e7o muito ao governador Mauro Carlesse, que Deus o aben\u00e7oe por ter trazido essas cestas. \u00c9 um grande benef\u00edcio para a nossa comunidade. Muita gente aqui passando necessidade e essa ajuda chega em boa hora\u201d, afirmou o presidente da comunidade, Edir Soares.<\/p>\n\n\n\n<p>Quem tamb\u00e9m recebeu o benef\u00edcio&nbsp;foi a dona Elis\u00e2ngela Teixeira Lima, que \u00e9 moradora do munic\u00edpio de Silvan\u00f3polis e est\u00e1 desempregada. \u201cEssa a\u00e7\u00e3o ajuda muita gente daqui. S\u00e3o muitos os desempregados, e a fome n\u00e3o espera; essa a\u00e7\u00e3o \u00e9 nota dez\u201d, destacou.<\/p>\n\n\n\n<p>Com cinco filhos, Zilda Evaristo Alc\u00e2ntara da Silva, moradora do munic\u00edpio de Almas, disse que est\u00e1 passando por momentos bem dif\u00edceis e que a cesta chegou em momento certo. \u201cCom estes alimentos, poderemos nos manter por v\u00e1rios dias, s\u00f3 temos a agradecer ao Governador por essa cesta b\u00e1sica\u201d, contou.<\/p>\n\n\n\n<p>Tamb\u00e9m moradora de Almas, Vanessa Gouveia do Nascimento, de 25 anos, m\u00e3e de quatro filhos, disse que a cesta vai ajudar por v\u00e1rios dias, e que, atualmente, s\u00f3 tinha arroz em casa e agora vai poder alimentar melhor os filhos. J\u00e1 Domingas da Silva Rodrigues, de 63 anos, que mora com dois filhos e um neto no munic\u00edpio de Porto Alegre do Tocantins, afirmou que a cesta chegou no momento de grande necessidade e vai servir para v\u00e1rios dias.<\/p>\n\n\n\n<p>O sentimento de al\u00edvio e gratid\u00e3o tamb\u00e9m \u00e9 compartilhado por Juliana Sobrinho, m\u00e3e solo, que mora em Porto Alegre do Tocantins. Ela afirmou que os alimentos s\u00e3o importantes demais nesse momento de pandemia. \u201cComo sou s\u00f3 eu e minha filha, esses alimentos dar\u00e3o para quase o m\u00eas inteiro\u201d, ressaltou.<\/p>\n\n\n\n<p>De acordo com a Secretaria de Estado do Trabalho e Desenvolvimento Social (Setas), na etapa atual da a\u00e7\u00e3o emergencial, o Governo do Tocantins realiza, no per\u00edodo de 25 a 31 de mar\u00e7o, a distribui\u00e7\u00e3o de mais de 8 mil cestas b\u00e1sicas,&nbsp;cerca de 112 toneladas, nos seguintes munic\u00edpios: Augustin\u00f3polis, Barrol\u00e2ndia, Buriti do Tocantins, Cristal\u00e2ndia, Esperantina, Lajeado, Novo Acordo, Palmas, Para\u00edso do Tocantins, Praia Norte e Sampaio.&nbsp;<\/p>\n\n\n\n<p><strong>Sobre a A\u00e7\u00e3o Emergencial<\/strong><\/p>\n\n\n\n<p>A a\u00e7\u00e3o de entrega de cestas b\u00e1sicas \u00e9 executada pelo Governo do Tocantins, por meio da Setas, em parcerias com outros \u00f3rg\u00e3os como o Instituto de Desenvolvimento Rural do Tocantins (Ruraltins), a Ag\u00eancia do Desenvolvimento do Turismo, Cultura e Economia (Adetuc), a Secretaria de Estado da Cidadania e Justi\u00e7a (Seciju), a Universidade Estadual do Tocantins (Unitins) e a Secretaria de Estado da Educa\u00e7\u00e3o, Juventude e Esportes (Seduc).<\/p>\n\n\n\n<p>Os recursos s\u00e3o oriundos do Fundo Estadual de Combate e Erradica\u00e7\u00e3o da Pobreza (Fecoep-TO) e de emendas parlamentares de deputados estaduais, com o objetivo de garantir a seguran\u00e7a alimentar das fam\u00edlias tocantinenses vulner\u00e1veis e afetadas pela pandemia da Covid-19.<\/p>\n\n\n\n<p>Desde o in\u00edcio da a\u00e7\u00e3o, em mar\u00e7o de 2020, j\u00e1 foram atendidas fam\u00edlias tocantinenses vulner\u00e1veis e afetadas pela pandemia da Covid-19, dentre elas: a de m\u00fasicos, artes\u00e3os, foli\u00f5es, barqueiros e guias de turismo e outros profissionais da \u00e1rea da Cultura e do Turismo; taxistas e mototaxistas; assentamentos rurais, entre comunidades tradicionais e agricultores familiares; fam\u00edlias de reeducandos, que cumprem determina\u00e7\u00e3o judicial e est\u00e3o em situa\u00e7\u00e3o de vulnerabilidade socioecon\u00f4mica; al\u00e9m de estudantes da Unitins em vulnerabilidade social e econ\u00f4mica e&nbsp;cerca de 30 mil fam\u00edlias de estudantes da rede municipal de ensino.<\/p>\n\n\n\n<p><strong>Transpar\u00eancia e controle<\/strong><\/p>\n\n\n\n<p>Os processos referentes \u00e0s aquisi\u00e7\u00f5es e aos contratos realizados no contexto da Covid-19 est\u00e3o dispon\u00edveis no Portal da Transpar\u00eancia pelo endere\u00e7o&nbsp;<a href=\"http:\/\/www.transparencia.to.gov.br\/\" target=\"_blank\" rel=\"noreferrer noopener\">http:\/\/www.transparencia.to.gov.br<\/a>.<\/p>\n\n\n\n<p>Para consultar, acesse na p\u00e1gina principal a aba azul &#8211; Consulta Contratos Emergenciais, e a aba verde &#8211; Gr\u00e1ficos dos Empenhos e Pagamentos, e informe-se sobre todos os tr\u00e2mites.<\/p>\n\n\n\n<p>\u00c9 importante ressaltar que compras diretas, ou seja, sem licita\u00e7\u00e3o, est\u00e3o autorizadas pela Lei Federal n\u00b0 13.979\/2020 \u2013 de enfrentamento \u00e0 Covid-19, somente para atender a situa\u00e7\u00e3o emergencial provocada pela pandemia. Legisla\u00e7\u00f5es federal e estadual referentes a este contexto est\u00e3o dispon\u00edveis para consulta no site da Controladoria-Geral do Estado (CGE\/TO) pelo link&nbsp;<a href=\"https:\/\/www.cge.to.gov.br\/legislacao\/legislacao\/legislacao-aplicada-a-covid-19\" target=\"_blank\" rel=\"noreferrer noopener\">https:\/\/www.cge.to.gov.br\/legislacao\/legislacao\/legislacao-aplicada-a-covid-19<\/a>.<\/p>\n\n\n\n<p>Sugest\u00e3o de Legendas:<\/p>\n\n\n\n<p>Foto 1:&nbsp; Para garantir a alimenta\u00e7\u00e3o digna de pessoas e fam\u00edlias em situa\u00e7\u00e3o de vulnerabilidade, o governador Mauro Carlesse determinou a cria\u00e7\u00e3o de uma a\u00e7\u00e3o emergencial de entrega de cestas b\u00e1sicas nos 139 munic\u00edpios do Tocantins; Cr\u00e9dito da Foto &#8211; Governo do Tocantins<\/p>\n\n\n\n<p>Foto 2 &#8211; A A\u00e7\u00e3o do Governo do Tocantins j\u00e1 beneficiou mais de 8 mil fam\u00edlias com 112 toneladas de alimentos &#8211; Cr\u00e9dito da Foto: Carlessandro Souza\/ Governo do Tocantins;<\/p>\n\n\n\n<p>Foto 3 &#8211; A moradora de Almas e m\u00e3e de quatro filhos, Vanessa Gouveia do Nascimento, afirmou que a cesta b\u00e1sica entregue pelo Governo do Tocantins vai ajudar por v\u00e1rios dias &#8211; Cr\u00e9dito da Foto: Carlessandro Souza\/Governo do Tocantins;<\/p>\n\n\n\n<p>Foto 4 &#8211; Com cinco filhos, Zilda Evaristo Alc\u00e2ntara da Silva, tamb\u00e9m moradora de Almas, disse que est\u00e1 passando por momentos bem dif\u00edceis e que a cesta chegou em momento certo &#8211; Cr\u00e9dito da Foto: Carlessandro Souza\/Governo do Tocantins;<\/p>\n\n\n\n<p>Foto 5 &#8211; O objetivo da a\u00e7\u00e3o emergencial \u00e9 garantir a seguran\u00e7a alimentar das fam\u00edlias tocantinenses vulner\u00e1veis e afetadas pela pandemia da Covid-19 &#8211; Cr\u00e9dito da Foto: Setas\/Governo do Tocantins;<\/p>\n\n\n\n<p>Foto 6 &#8211; Entrega das cestas nos 139 munic\u00edpios envolve grande log\u00edstica e cumpre todos os protocolos de seguran\u00e7a contra a Covid-19. Foto: Setas\/Governo do Tocantins.<\/p>\n","protected":false},"excerpt":{"rendered":"<p>No per\u00edodo de 25 a 31 de mar\u00e7o, a a\u00e7\u00e3o emergencial do Governo do Tocantins atender\u00e1 8 mil fam\u00edlias com 112 toneladas em cestas b\u00e1sicas Jesuino Santana Jr.\/Governo do Tocantins A pandemia da Covid-19, iniciada em mar\u00e7o do ano passado, trouxe muitas incertezas a v\u00e1rias fam\u00edlias tocantinenses. Com as medidas de restri\u00e7\u00f5es colocadas em pr\u00e1tica &hellip;<\/p>\n","protected":false},"author":5,"featured_media":1008,"comment_status":"open","ping_status":"open","sticky":false,"template":"","format":"standard","meta":{"footnotes":""},"categories":[1],"tags":[],"class_list":["post-1007","post","type-post","status-publish","format-standard","has-post-thumbnail","","category-sem-categoria"],"_links":{"self":[{"href":"https:\/\/focotocantinense.com.br\/index.php?rest_route=\/wp\/v2\/posts\/1007","targetHints":{"allow":["GET"]}}],"collection":[{"href":"https:\/\/focotocantinense.com.br\/index.php?rest_route=\/wp\/v2\/posts"}],"about":[{"href":"https:\/\/focotocantinense.com.br\/index.php?rest_route=\/wp\/v2\/types\/post"}],"author":[{"embeddable":true,"href":"https:\/\/focotocantinense.com.br\/index.php?rest_route=\/wp\/v2\/users\/5"}],"replies":[{"embeddable":true,"href":"https:\/\/focotocantinense.com.br\/index.php?rest_route=%2Fwp%2Fv2%2Fcomments&post=1007"}],"version-history":[{"count":1,"href":"https:\/\/focotocantinense.com.br\/index.php?rest_route=\/wp\/v2\/posts\/1007\/revisions"}],"predecessor-version":[{"id":1009,"href":"https:\/\/focotocantinense.com.br\/index.php?rest_route=\/wp\/v2\/posts\/1007\/revisions\/1009"}],"wp:featuredmedia":[{"embeddable":true,"href":"https:\/\/focotocantinense.com.br\/index.php?rest_route=\/wp\/v2\/media\/1008"}],"wp:attachment":[{"href":"https:\/\/focotocantinense.com.br\/index.php?rest_route=%2Fwp%2Fv2%2Fmedia&parent=1007"}],"wp:term":[{"taxonomy":"category","embeddable":true,"href":"https:\/\/focotocantinense.com.br\/index.php?rest_route=%2Fwp%2Fv2%2Fcategories&post=1007"},{"taxonomy":"post_tag","embeddable":true,"href":"https:\/\/focotocantinense.com.br\/index.php?rest_route=%2Fwp%2Fv2%2Ftags&post=1007"}],"curies":[{"name":"wp","href":"https:\/\/api.w.org\/{rel}","templated":true}]}}