{"id":10066,"date":"2025-04-23T16:00:27","date_gmt":"2025-04-23T19:00:27","guid":{"rendered":"https:\/\/focotocantinense.com.br\/?p=10066"},"modified":"2025-04-23T16:17:40","modified_gmt":"2025-04-23T19:17:40","slug":"mais-dez-novos-servidores-concursados-sao-empossados-na-aleto","status":"publish","type":"post","link":"https:\/\/focotocantinense.com.br\/?p=10066","title":{"rendered":"Mais dez novos servidores concursados s\u00e3o empossados na Aleto"},"content":{"rendered":"\n<p>O presidente da Assembleia Legislativa do Estado do Tocantins (Aleto), deputado Am\u00e9lio Cayres (Republicanos), deu posse a mais dez novos concursados em solenidade na sala de reuni\u00f5es da Presid\u00eancia da Casa. A primeira turma, tamb\u00e9m com dez concursados, foi empossada no dia 9 de abril.<\/p>\n\n\n\n<p>Ao todo foram aprovados no concurso, realizado em 2024, 107 candidatos, os quais dever\u00e3o tomar posse at\u00e9 julho de 2026, conforme garantia de Am\u00e9lio, dada no evento de hoje. \u201cEssa \u00e9 a nossa miss\u00e3o de oferecer o melhor servi\u00e7o p\u00fablico, e isso passa pelo concurso p\u00fablico e pelos novos servidores\u201d, garantiu<\/p>\n\n\n\n<p>Ao dar as boas-vindas e parabenizar os novos funcion\u00e1rios, Cayres, frisou que, ao entrar na Presid\u00eancia da Casa, se prop\u00f4s a corrigir a falta de concurso. \u201cN\u00e3o se pode tocar um Poder por 20 anos sem concurso p\u00fablico\u201d, disse Am\u00e9lio.<\/p>\n\n\n\n<p>O deputado contou que a iniciativa do certame foi ainda uma ideia un\u00e2nime dos parlamentares, o que segundo ele o fortaleceu e fez com que o compromisso fosse efetivado. Al\u00e9m disso, segundo ele, a coes\u00e3o de seus colegas de modo geral tem facilitado seu trabalho \u00e0 frente do Legislativo.<\/p>\n\n\n\n<p>Os demais deputados presentes, J\u00fanior Geo (PSDB) e Moisemar Marinho (PSB), tamb\u00e9m deram boas-vindas aos empossados e reconheceram o esfor\u00e7o do presidente pela realiza\u00e7\u00e3o da sele\u00e7\u00e3o.<\/p>\n\n\n\n<p>Por sua vez, o diretor da Escola do Legislativo, J\u00falio da Silva, dirigente da institui\u00e7\u00e3o respons\u00e1vel pela recep\u00e7\u00e3o dos concursados, disse que a posse dos servidores ser\u00e1 uma nova etapa na vida de cada um deles, e que eles dar\u00e3o o melhor de si nas atividades exigidas pela Casa de Leis.<\/p>\n\n\n\n<p>Dentre os empossados destacou-se a servidora Lila Ayres, que h\u00e1 anos j\u00e1 trabalha na Assembleia, cedida do Executivo. Ela foi a \u00fanica que j\u00e1 faz parte do grupo de servidores aprovada no certame.<\/p>\n\n\n\n<figure class=\"wp-block-image size-full is-resized\"><img loading=\"lazy\" decoding=\"async\" width=\"328\" height=\"519\" src=\"https:\/\/focotocantinense.com.br\/wp-content\/uploads\/2025\/04\/O-jornalista-gurupiense-Rodrigo-Martins-falou-em-nome-dos-servidores-empossados.jpg\" alt=\"\" class=\"wp-image-10072\" style=\"width:840px;height:auto\" srcset=\"https:\/\/focotocantinense.com.br\/wp-content\/uploads\/2025\/04\/O-jornalista-gurupiense-Rodrigo-Martins-falou-em-nome-dos-servidores-empossados.jpg 328w, https:\/\/focotocantinense.com.br\/wp-content\/uploads\/2025\/04\/O-jornalista-gurupiense-Rodrigo-Martins-falou-em-nome-dos-servidores-empossados-190x300.jpg 190w\" sizes=\"auto, (max-width: 328px) 100vw, 328px\" \/><\/figure>\n\n\n\n<p><strong>O jornalista gurupiense Rodrigo Martins, falou em nome dos servidores empossados<\/strong><\/p>\n\n\n\n<p><strong>Depoimento<\/strong><\/p>\n\n\n\n<p>Ao falar em nome dos empossados, o jornalista na fun\u00e7\u00e3o de analista legislativo, Rodrigo Martins, disse que o primeiro sentimento \u00e9 de gratid\u00e3o e que entre os objetivos de entrar no servi\u00e7o p\u00fablico est\u00e1 a estabilidade na carreira. No entanto, destacou que durante as visitas \u00e0s depend\u00eancias da Aleto perceberam que a Casa oferece muito mais que estabilidade.<\/p>\n\n\n\n<p>Rodrigo afirmou que ao conhecer servidores que trabalham na Assembleia, desde o in\u00edcio, passaram a perceber que s\u00e3o felizes e se orgulham de trabalhar neste ambiente.<\/p>\n\n\n\n<p>\u201cPoder chegar aqui e descobrir muito mais que a expectativa inicial, esse ambiente de trabalho, essa estrutura que a Casa oferece, principalmente esse clima de pessoas que se orgulham de fazer parte desse trabalho, \u00e9 gratificante\u201d.<\/p>\n\n\n\n<p>\u201cAgrade\u00e7o ao presidente e a comiss\u00e3o organizadora, pois particularmente nem esperava que fosse ter um concurso da Assembleia, e quando vi o edital publicado foi uma alegria, por ser uma boa oportunidade para se trabalhar\u201d, concluiu.<\/p>\n\n\n\n<p><strong>Convoca\u00e7\u00f5es<\/strong><\/p>\n\n\n\n<p>Dos 107 aprovados, 40 j\u00e1 foram chamados por meio dos Decretos n\u00ba 636 e n\u00ba 367, assinados em 26 de fevereiro, sendo 28 de ampla concorr\u00eancia, oito cotas para pessoas negras e quatro para pessoas com defici\u00eancia.<\/p>\n\n\n\n<p>Entre os cargos preenchidos est\u00e3o:<\/p>\n\n\n\n<p>&#8211; 14 t\u00e9cnicos legislativos (assist\u00eancia administrativa, audioeditora\u00e7\u00e3o, cinegrafia, fotografia, seguran\u00e7a no trabalho e tradu\u00e7\u00e3o em Libras);<\/p>\n\n\n\n<p>&#8211; 5 servidores de pol\u00edcia e seguran\u00e7a II;<\/p>\n\n\n\n<p>&#8211; 19 analistas legislativos (Auditoria, Contabilidade, Direito, TI, Jornalismo, Medicina e Psicologia);<\/p>\n\n\n\n<figure class=\"wp-block-image size-large\"><img loading=\"lazy\" decoding=\"async\" width=\"1024\" height=\"256\" src=\"https:\/\/focotocantinense.com.br\/wp-content\/uploads\/2025\/04\/Vinicius-Martins-ESPECIALISTA-EM-RISOS-7-1024x256.jpeg\" alt=\"\" class=\"wp-image-10070\" srcset=\"https:\/\/focotocantinense.com.br\/wp-content\/uploads\/2025\/04\/Vinicius-Martins-ESPECIALISTA-EM-RISOS-7-1024x256.jpeg 1024w, https:\/\/focotocantinense.com.br\/wp-content\/uploads\/2025\/04\/Vinicius-Martins-ESPECIALISTA-EM-RISOS-7-300x75.jpeg 300w, https:\/\/focotocantinense.com.br\/wp-content\/uploads\/2025\/04\/Vinicius-Martins-ESPECIALISTA-EM-RISOS-7-768x192.jpeg 768w, https:\/\/focotocantinense.com.br\/wp-content\/uploads\/2025\/04\/Vinicius-Martins-ESPECIALISTA-EM-RISOS-7-1536x384.jpeg 1536w, https:\/\/focotocantinense.com.br\/wp-content\/uploads\/2025\/04\/Vinicius-Martins-ESPECIALISTA-EM-RISOS-7.jpeg 1584w\" sizes=\"auto, (max-width: 1024px) 100vw, 1024px\" \/><\/figure>\n\n\n\n<p>&#8211; 2 procuradores jur\u00eddicos.<\/p>\n","protected":false},"excerpt":{"rendered":"<p>O presidente da Assembleia Legislativa do Estado do Tocantins (Aleto), deputado Am\u00e9lio Cayres (Republicanos), deu posse a mais dez novos concursados em solenidade na sala de reuni\u00f5es da Presid\u00eancia da Casa. A primeira turma, tamb\u00e9m com dez concursados, foi empossada no dia 9 de abril. Ao todo foram aprovados no concurso, realizado em 2024, 107 &hellip;<\/p>\n","protected":false},"author":5,"featured_media":10067,"comment_status":"open","ping_status":"open","sticky":false,"template":"","format":"standard","meta":{"footnotes":""},"categories":[1],"tags":[],"class_list":["post-10066","post","type-post","status-publish","format-standard","has-post-thumbnail","","category-sem-categoria"],"_links":{"self":[{"href":"https:\/\/focotocantinense.com.br\/index.php?rest_route=\/wp\/v2\/posts\/10066","targetHints":{"allow":["GET"]}}],"collection":[{"href":"https:\/\/focotocantinense.com.br\/index.php?rest_route=\/wp\/v2\/posts"}],"about":[{"href":"https:\/\/focotocantinense.com.br\/index.php?rest_route=\/wp\/v2\/types\/post"}],"author":[{"embeddable":true,"href":"https:\/\/focotocantinense.com.br\/index.php?rest_route=\/wp\/v2\/users\/5"}],"replies":[{"embeddable":true,"href":"https:\/\/focotocantinense.com.br\/index.php?rest_route=%2Fwp%2Fv2%2Fcomments&post=10066"}],"version-history":[{"count":4,"href":"https:\/\/focotocantinense.com.br\/index.php?rest_route=\/wp\/v2\/posts\/10066\/revisions"}],"predecessor-version":[{"id":10075,"href":"https:\/\/focotocantinense.com.br\/index.php?rest_route=\/wp\/v2\/posts\/10066\/revisions\/10075"}],"wp:featuredmedia":[{"embeddable":true,"href":"https:\/\/focotocantinense.com.br\/index.php?rest_route=\/wp\/v2\/media\/10067"}],"wp:attachment":[{"href":"https:\/\/focotocantinense.com.br\/index.php?rest_route=%2Fwp%2Fv2%2Fmedia&parent=10066"}],"wp:term":[{"taxonomy":"category","embeddable":true,"href":"https:\/\/focotocantinense.com.br\/index.php?rest_route=%2Fwp%2Fv2%2Fcategories&post=10066"},{"taxonomy":"post_tag","embeddable":true,"href":"https:\/\/focotocantinense.com.br\/index.php?rest_route=%2Fwp%2Fv2%2Ftags&post=10066"}],"curies":[{"name":"wp","href":"https:\/\/api.w.org\/{rel}","templated":true}]}}