{"id":10061,"date":"2025-04-22T21:45:37","date_gmt":"2025-04-23T00:45:37","guid":{"rendered":"https:\/\/focotocantinense.com.br\/?p=10061"},"modified":"2025-04-22T21:46:24","modified_gmt":"2025-04-23T00:46:24","slug":"deputada-janad-valcari-promove-3a-edicao-da-semana-da-arte-cultura-e-empreendedorismo-na-aleto","status":"publish","type":"post","link":"https:\/\/focotocantinense.com.br\/?p=10061","title":{"rendered":"Deputada Janad Valcari promove 3\u00aa edi\u00e7\u00e3o da Semana da Arte, Cultura e Empreendedorismo na Aleto"},"content":{"rendered":"\n<p>Visando celebrar os talentos regionais e fomentar a economia criativa do Tocantins, a 3\u00aa edi\u00e7\u00e3o da Semana da Arte, Cultura e Empreendedorismo est\u00e1 com inscri\u00e7\u00f5es abertas. Idealizado pela deputada estadual Professora Janad Valcari (PL), com apoio da Assembleia Legislativa do Tocantins (Aleto), o evento \u00e9 um espa\u00e7o prop\u00edcio \u00e0 express\u00e3o art\u00edstica e neg\u00f3cios.&nbsp;<\/p>\n\n\n\n<p>Entre os dias 6 e 8 de maio, a Semana da Arte, Cultura e Empreendedorismo ocorrer\u00e1 no hall da Assembleia, das 8h \u00e0s 17 horas e reunir\u00e1 expositores das \u00e1reas de artesanato, literatura, artes pl\u00e1sticas, vestu\u00e1rio, al\u00e9m de apresenta\u00e7\u00f5es musicais e dan\u00e7as. A iniciativa foi recebida pela primeira vez na Aleto em 2023 e, desde ent\u00e3o, tem oportunizado que artistas, escritores e empreendedores mostrem seus trabalhos ao p\u00fablico e ampliem a sua rede de contatos.&nbsp;<\/p>\n\n\n\n<p><strong>Como participar<\/strong><\/p>\n\n\n\n<p>Os interessados em participar devem entrar em contato pelo telefone (63) 99128-0042 ou pelo e-mail falecomigo@janadvalcari.com para mais informa\u00e7\u00f5es e realiza\u00e7\u00e3o da inscri\u00e7\u00e3o.<\/p>\n\n\n\n<figure class=\"wp-block-image size-full is-resized\"><img loading=\"lazy\" decoding=\"async\" width=\"800\" height=\"400\" src=\"https:\/\/focotocantinense.com.br\/wp-content\/uploads\/2025\/04\/Imagem-288c2eba8827e76957880784784fcd70.jpeg\" alt=\"\" class=\"wp-image-10062\" style=\"width:397px;height:auto\" srcset=\"https:\/\/focotocantinense.com.br\/wp-content\/uploads\/2025\/04\/Imagem-288c2eba8827e76957880784784fcd70.jpeg 800w, https:\/\/focotocantinense.com.br\/wp-content\/uploads\/2025\/04\/Imagem-288c2eba8827e76957880784784fcd70-300x150.jpeg 300w, https:\/\/focotocantinense.com.br\/wp-content\/uploads\/2025\/04\/Imagem-288c2eba8827e76957880784784fcd70-768x384.jpeg 768w, https:\/\/focotocantinense.com.br\/wp-content\/uploads\/2025\/04\/Imagem-288c2eba8827e76957880784784fcd70-660x330.jpeg 660w\" sizes=\"auto, (max-width: 800px) 100vw, 800px\" \/><\/figure>\n","protected":false},"excerpt":{"rendered":"<p>Visando celebrar os talentos regionais e fomentar a economia criativa do Tocantins, a 3\u00aa edi\u00e7\u00e3o da Semana da Arte, Cultura e Empreendedorismo est\u00e1 com inscri\u00e7\u00f5es abertas. Idealizado pela deputada estadual Professora Janad Valcari (PL), com apoio da Assembleia Legislativa do Tocantins (Aleto), o evento \u00e9 um espa\u00e7o prop\u00edcio \u00e0 express\u00e3o art\u00edstica e neg\u00f3cios.&nbsp; Entre os &hellip;<\/p>\n","protected":false},"author":5,"featured_media":10062,"comment_status":"open","ping_status":"open","sticky":false,"template":"","format":"standard","meta":{"footnotes":""},"categories":[40],"tags":[],"class_list":["post-10061","post","type-post","status-publish","format-standard","has-post-thumbnail","","category-politica"],"_links":{"self":[{"href":"https:\/\/focotocantinense.com.br\/index.php?rest_route=\/wp\/v2\/posts\/10061","targetHints":{"allow":["GET"]}}],"collection":[{"href":"https:\/\/focotocantinense.com.br\/index.php?rest_route=\/wp\/v2\/posts"}],"about":[{"href":"https:\/\/focotocantinense.com.br\/index.php?rest_route=\/wp\/v2\/types\/post"}],"author":[{"embeddable":true,"href":"https:\/\/focotocantinense.com.br\/index.php?rest_route=\/wp\/v2\/users\/5"}],"replies":[{"embeddable":true,"href":"https:\/\/focotocantinense.com.br\/index.php?rest_route=%2Fwp%2Fv2%2Fcomments&post=10061"}],"version-history":[{"count":3,"href":"https:\/\/focotocantinense.com.br\/index.php?rest_route=\/wp\/v2\/posts\/10061\/revisions"}],"predecessor-version":[{"id":10065,"href":"https:\/\/focotocantinense.com.br\/index.php?rest_route=\/wp\/v2\/posts\/10061\/revisions\/10065"}],"wp:featuredmedia":[{"embeddable":true,"href":"https:\/\/focotocantinense.com.br\/index.php?rest_route=\/wp\/v2\/media\/10062"}],"wp:attachment":[{"href":"https:\/\/focotocantinense.com.br\/index.php?rest_route=%2Fwp%2Fv2%2Fmedia&parent=10061"}],"wp:term":[{"taxonomy":"category","embeddable":true,"href":"https:\/\/focotocantinense.com.br\/index.php?rest_route=%2Fwp%2Fv2%2Fcategories&post=10061"},{"taxonomy":"post_tag","embeddable":true,"href":"https:\/\/focotocantinense.com.br\/index.php?rest_route=%2Fwp%2Fv2%2Ftags&post=10061"}],"curies":[{"name":"wp","href":"https:\/\/api.w.org\/{rel}","templated":true}]}}