{"id":10054,"date":"2025-04-22T21:18:49","date_gmt":"2025-04-23T00:18:49","guid":{"rendered":"https:\/\/focotocantinense.com.br\/?p=10054"},"modified":"2025-04-22T21:40:36","modified_gmt":"2025-04-23T00:40:36","slug":"contemplado-pelo-edital-aldir-blanc-projeto-do-escritor-zacarias-martins-chega-a-dianopolis","status":"publish","type":"post","link":"https:\/\/focotocantinense.com.br\/?p=10054","title":{"rendered":"Contemplado pelo Edital Aldir Blanc, projeto do escritor Zacarias Martins chega \u00e0 Dian\u00f3polis"},"content":{"rendered":"\n<p><strong>Por Anthonio Santanna &#8211; Foto: Eliosmar Veloso<\/strong><\/p>\n\n\n\n<p>Nesta sexta-feira, 25, o Col\u00e9gio Estadual Jo\u00e3o D\u2019Abreu, em Dian\u00f3polis, realiza mais uma edi\u00e7\u00e3o do Dia D da Leitura, com uma vasta programa\u00e7\u00e3o.&nbsp;O evento contar\u00e1 com a participa\u00e7\u00e3o especial do poeta, jornalista e cronista Zacarias Martins que estar\u00e1 lan\u00e7ando a quinta edi\u00e7\u00e3o de seu livro \u201cHist\u00f3rias da Hist\u00f3ria de Gurupi\u201d, publicado pela Editora Veloso,&nbsp;<\/p>\n\n\n\n<p>A iniciativa faz parte de um projeto apoiado pela Pol\u00edtica Nacional Aldir Blanc\/2024, com recursos do Minist\u00e9rio da Cultura (MinC) e operacionalizados pela Secretaria de Cultura do Tocantins (Secult), que prev\u00ea, ainda, a realiza\u00e7\u00e3o de uma Roda de Conversa Liter\u00e1ria.<\/p>\n\n\n\n<figure class=\"wp-block-image size-full is-resized\"><img loading=\"lazy\" decoding=\"async\" width=\"619\" height=\"410\" src=\"https:\/\/focotocantinense.com.br\/wp-content\/uploads\/2025\/04\/2-A-Zacarias-Martins-leva-roda-de-conversa-a-Dianopolis-Fotos-Vinicius-Martins-1.jpeg\" alt=\"\" class=\"wp-image-10057\" style=\"width:378px;height:auto\" srcset=\"https:\/\/focotocantinense.com.br\/wp-content\/uploads\/2025\/04\/2-A-Zacarias-Martins-leva-roda-de-conversa-a-Dianopolis-Fotos-Vinicius-Martins-1.jpeg 619w, https:\/\/focotocantinense.com.br\/wp-content\/uploads\/2025\/04\/2-A-Zacarias-Martins-leva-roda-de-conversa-a-Dianopolis-Fotos-Vinicius-Martins-1-300x199.jpeg 300w, https:\/\/focotocantinense.com.br\/wp-content\/uploads\/2025\/04\/2-A-Zacarias-Martins-leva-roda-de-conversa-a-Dianopolis-Fotos-Vinicius-Martins-1-310x205.jpeg 310w\" sizes=\"auto, (max-width: 619px) 100vw, 619px\" \/><\/figure>\n\n\n\n<p><\/p>\n\n\n\n<p><strong>Ferramenta de transforma\u00e7\u00e3o<\/strong><\/p>\n\n\n\n<p>&nbsp;\u201cEstimular o gosto pela leitura \u00e9 essencial para a constru\u00e7\u00e3o de um pensamento cr\u00edtico e reflexivo. Nosso objetivo \u00e9 incentivar os jovens a enxergarem os livros como fonte de conhecimento e questionamento, tornando-os leitores mais atentos e conscientes\u201d,&nbsp;assevera o autor<\/p>\n\n\n\n<p>De acordo com Martins, &nbsp;a &nbsp;forma\u00e7\u00e3o de leitores&nbsp;\u00e9 crucial para o desenvolvimento individual e social, pois a leitura aprimora o racioc\u00ednio, o vocabul\u00e1rio, a capacidade de interpreta\u00e7\u00e3o e o pensamento cr\u00edtico.&nbsp;<\/p>\n\n\n\n<p>\u201cAl\u00e9m disso, ela estimula a criatividade, a imagina\u00e7\u00e3o e a comunica\u00e7\u00e3o, e amplia o conhecimento sobre diversos assuntos.&nbsp;A escola e a fam\u00edlia t\u00eam um papel fundamental em incentivar o h\u00e1bito da leitura desde cedo,\u201d destacou Zacarias Martins.<\/p>\n\n\n\n<p><strong>Motivo de alegria<\/strong><\/p>\n\n\n\n<p>Respons\u00e1vel por ministrar as disciplinas de L\u00edngua Portuguesa e Reda\u00e7\u00e3o do Col\u00e9gio Estadual Jo\u00e3o D\u2019Abreu, a professora C\u00edntia Meireles disse que a presen\u00e7a&nbsp; de um escritor destacado como Zacarias Martins&nbsp; em seu col\u00e9gio \u00e9 motivo de muita alegria e que certamente contribuir\u00e1 de forma significativa para ampliar os horizontes do conhecimento no seio estudantil.<\/p>\n\n\n\n<p><strong>Sobre o autor<\/strong><\/p>\n\n\n\n<p>Zacarias Martins \u00e9 poeta, cronista e jornalista associado \u00e0 Federa\u00e7\u00e3o Brasileira de Jornalistas e Comunicadores de Turismo \u2013 Febtur\/Seccional Tocantins). Autor&nbsp;de seis livros de poesias publicados, al\u00e9m de uma obra voltada ao p\u00fablico infantil.&nbsp; J\u00e1 \u201cHist\u00f3rias da Hist\u00f3ria de Gurupi\u201d foi indicado por duas vezes para o vestibular da Universidade de Gurupi (UnirG) e seus textos integram diversas antologias liter\u00e1rias. Ele tamb\u00e9m \u00e9 membro-fundador da Academia Tocantinense de Letras (ATL) e&nbsp; da Academia Gurupiense de Letras (AGL). Mant\u00e9m diariamente o quadro das Curiosidades do Dia pela R\u00e1dio Master FM de Gurupi e \u00e9 assessor de comunica\u00e7\u00e3o da regional Sul\/Sudeste do Comit\u00ea de Cultura no Tocantins.<\/p>\n\n\n\n<figure class=\"wp-block-image size-large\"><img loading=\"lazy\" decoding=\"async\" width=\"1024\" height=\"256\" src=\"https:\/\/focotocantinense.com.br\/wp-content\/uploads\/2025\/04\/Vinicius-Martins-ESPECIALISTA-EM-RISOS-6-1024x256.jpeg\" alt=\"\" class=\"wp-image-10018\" srcset=\"https:\/\/focotocantinense.com.br\/wp-content\/uploads\/2025\/04\/Vinicius-Martins-ESPECIALISTA-EM-RISOS-6-1024x256.jpeg 1024w, https:\/\/focotocantinense.com.br\/wp-content\/uploads\/2025\/04\/Vinicius-Martins-ESPECIALISTA-EM-RISOS-6-300x75.jpeg 300w, https:\/\/focotocantinense.com.br\/wp-content\/uploads\/2025\/04\/Vinicius-Martins-ESPECIALISTA-EM-RISOS-6-768x192.jpeg 768w, https:\/\/focotocantinense.com.br\/wp-content\/uploads\/2025\/04\/Vinicius-Martins-ESPECIALISTA-EM-RISOS-6-1536x384.jpeg 1536w, https:\/\/focotocantinense.com.br\/wp-content\/uploads\/2025\/04\/Vinicius-Martins-ESPECIALISTA-EM-RISOS-6.jpeg 1584w\" sizes=\"auto, (max-width: 1024px) 100vw, 1024px\" \/><\/figure>\n","protected":false},"excerpt":{"rendered":"<p>Por Anthonio Santanna &#8211; Foto: Eliosmar Veloso Nesta sexta-feira, 25, o Col\u00e9gio Estadual Jo\u00e3o D\u2019Abreu, em Dian\u00f3polis, realiza mais uma edi\u00e7\u00e3o do Dia D da Leitura, com uma vasta programa\u00e7\u00e3o.&nbsp;O evento contar\u00e1 com a participa\u00e7\u00e3o especial do poeta, jornalista e cronista Zacarias Martins que estar\u00e1 lan\u00e7ando a quinta edi\u00e7\u00e3o de seu livro \u201cHist\u00f3rias da Hist\u00f3ria &hellip;<\/p>\n","protected":false},"author":5,"featured_media":10055,"comment_status":"open","ping_status":"open","sticky":false,"template":"","format":"standard","meta":{"footnotes":""},"categories":[38],"tags":[],"class_list":["post-10054","post","type-post","status-publish","format-standard","has-post-thumbnail","","category-gurupi"],"_links":{"self":[{"href":"https:\/\/focotocantinense.com.br\/index.php?rest_route=\/wp\/v2\/posts\/10054","targetHints":{"allow":["GET"]}}],"collection":[{"href":"https:\/\/focotocantinense.com.br\/index.php?rest_route=\/wp\/v2\/posts"}],"about":[{"href":"https:\/\/focotocantinense.com.br\/index.php?rest_route=\/wp\/v2\/types\/post"}],"author":[{"embeddable":true,"href":"https:\/\/focotocantinense.com.br\/index.php?rest_route=\/wp\/v2\/users\/5"}],"replies":[{"embeddable":true,"href":"https:\/\/focotocantinense.com.br\/index.php?rest_route=%2Fwp%2Fv2%2Fcomments&post=10054"}],"version-history":[{"count":4,"href":"https:\/\/focotocantinense.com.br\/index.php?rest_route=\/wp\/v2\/posts\/10054\/revisions"}],"predecessor-version":[{"id":10060,"href":"https:\/\/focotocantinense.com.br\/index.php?rest_route=\/wp\/v2\/posts\/10054\/revisions\/10060"}],"wp:featuredmedia":[{"embeddable":true,"href":"https:\/\/focotocantinense.com.br\/index.php?rest_route=\/wp\/v2\/media\/10055"}],"wp:attachment":[{"href":"https:\/\/focotocantinense.com.br\/index.php?rest_route=%2Fwp%2Fv2%2Fmedia&parent=10054"}],"wp:term":[{"taxonomy":"category","embeddable":true,"href":"https:\/\/focotocantinense.com.br\/index.php?rest_route=%2Fwp%2Fv2%2Fcategories&post=10054"},{"taxonomy":"post_tag","embeddable":true,"href":"https:\/\/focotocantinense.com.br\/index.php?rest_route=%2Fwp%2Fv2%2Ftags&post=10054"}],"curies":[{"name":"wp","href":"https:\/\/api.w.org\/{rel}","templated":true}]}}