{"id":10051,"date":"2025-04-22T17:06:44","date_gmt":"2025-04-22T20:06:44","guid":{"rendered":"https:\/\/focotocantinense.com.br\/?p=10051"},"modified":"2025-04-22T17:06:45","modified_gmt":"2025-04-22T20:06:45","slug":"jader-filho-detalha-o-minha-casa-minha-vida-para-a-classe-media-no-bom-dia-ministro","status":"publish","type":"post","link":"https:\/\/focotocantinense.com.br\/?p=10051","title":{"rendered":"Jader Filho detalha o Minha Casa, Minha Vida para a classe m\u00e9dia no Bom Dia, Ministro"},"content":{"rendered":"\n<p>Titular da pasta das Cidades ser\u00e1 entrevistado por emissoras e jornalistas de diversas regi\u00f5es nesta quarta, a partir das 8h<\/p>\n\n\n\n<p>O ministro Jader Filho (Cidades) \u00e9 o entrevistado do \u201c<a href=\"https:\/\/www.youtube.com\/live\/U6ARohpTPbg\" target=\"_blank\" rel=\"noreferrer noopener\">Bom Dia, Ministro<\/a>\u201d desta quarta-feira, 23 de abril, a partir das 8h. Durante a conversa com emissoras e jornalistas de v\u00e1rias regi\u00f5es do pa\u00eds, o ministro vai abordar detalhes do Minha Casa, Minha Vida, maior programa habitacional da hist\u00f3ria do pa\u00eds. Retomada em 2023, a nova vers\u00e3o da pol\u00edtica habitacional avan\u00e7ou na quest\u00e3o da localiza\u00e7\u00e3o dos empreendimentos habitacionais, garantindo proximidade ao com\u00e9rcio, a equipamentos p\u00fablicos e acesso ao transporte p\u00fablico. Em dois anos, 2.948 munic\u00edpios foram beneficiados com 1,4 milh\u00e3o de im\u00f3veis contratados, sendo 1,2 milh\u00e3o financiados e 205 mil subsidiados.<\/p>\n\n\n\n<figure class=\"wp-block-image size-full is-resized\"><img loading=\"lazy\" decoding=\"async\" width=\"768\" height=\"512\" src=\"https:\/\/focotocantinense.com.br\/wp-content\/uploads\/2025\/04\/unnamed-1.png\" alt=\"\" class=\"wp-image-10052\" style=\"width:370px;height:auto\" srcset=\"https:\/\/focotocantinense.com.br\/wp-content\/uploads\/2025\/04\/unnamed-1.png 768w, https:\/\/focotocantinense.com.br\/wp-content\/uploads\/2025\/04\/unnamed-1-300x200.png 300w\" sizes=\"auto, (max-width: 768px) 100vw, 768px\" \/><\/figure>\n\n\n\n<p><br>\u00a0<\/p>\n\n\n\n<p>Anunciada pelo presidente Luiz In\u00e1cio Lula da Silva no dia 3 de abril, durante o evento \u201c<a href=\"https:\/\/www.gov.br\/planalto\/pt-br\/acompanhe-o-planalto\/noticias\/2025\/04\/governo-amplia-mcmv-antecipa-201813o2019-de-aposentados-do-inss-e-lanca-campanha\" target=\"_blank\" rel=\"noreferrer noopener\">O Brasil Dando a Volta por Cima<\/a>\u201d, a nova faixa do Minha Casa, Minha Vida para fam\u00edlias com renda mensal at\u00e9 R$ 12 mil foi aprovada pelo Conselho Curador do Fundo de Garantia de Tempo de Servi\u00e7o (FGTS) na \u00faltima ter\u00e7a, 16 de abril. A linha de financiamento prev\u00ea condi\u00e7\u00f5es facilitadas de cr\u00e9dito, como prazos de pagamento de at\u00e9 420 meses e juros nominais de 10% ao ano, abaixo dos praticados pelo mercado. A proposta prev\u00ea aquisi\u00e7\u00e3o de im\u00f3veis de at\u00e9 R$ 500 mil. A expectativa \u00e9 beneficiar cerca de 120 mil fam\u00edlias em 2025. O ministro vai detalhar os crit\u00e9rios e formas de acesso.<br>&nbsp;<\/p>\n\n\n\n<p><strong>FAR \u2014<\/strong>&nbsp;Outro t\u00f3pico abordado pelo ministro ser\u00e1 o Fundo de Arrendamento Residencial (FAR), um dos principais fundos que apoiam as pol\u00edticas habitacionais do Governo Federal, com o objetivo de promover o acesso \u00e0 moradia digna para fam\u00edlias de baixa renda.<br>&nbsp;<\/p>\n\n\n\n<p>Entre os seus objetivos, est\u00e1 o de prover os recursos ao Programa Minha Casa Minha Vida, para realiza\u00e7\u00e3o de investimentos no desenvolvimento de empreendimentos imobili\u00e1rios, edifica\u00e7\u00e3o de equipamentos de educa\u00e7\u00e3o, sa\u00fade e outros complementares \u00e0 habita\u00e7\u00e3o. Para maio de 2025, est\u00e3o previstas 110 mil unidades habitacionais financiadas pelo fundo.&nbsp;&nbsp;<\/p>\n\n\n\n<p><strong>FAR<\/strong>&nbsp;\u2014 Outro t\u00f3pico abordado ser\u00e1 o Fundo de Arrendamento Residencial (FAR), um dos principais fundos que apoiam as pol\u00edticas habitacionais do Governo Federal, com o objetivo de promover o acesso \u00e0 moradia digna para fam\u00edlias de baixa renda. Entre os objetivos, est\u00e1 o de prover os recursos ao Minha Casa Minha Vida, para realiza\u00e7\u00e3o de investimentos no desenvolvimento de empreendimentos imobili\u00e1rios, edifica\u00e7\u00e3o de equipamentos de educa\u00e7\u00e3o, sa\u00fade e outros complementares \u00e0 habita\u00e7\u00e3o. Para maio de 2025, est\u00e3o previstas 110 mil unidades habitacionais financiadas pelo fundo.<br>&nbsp;<\/p>\n\n\n\n<p>\u00bb&nbsp;<a href=\"https:\/\/www.gov.br\/secom\/pt-br\/assuntos\/noticias\/2025\/04\/conselho-do-fgts-aprova-nova-faixa-do-minha-casa-minha-vida-para-classe-media\" target=\"_blank\" rel=\"noreferrer noopener\">Conselho do FGTS aprova nova faixa do Minha Casa, Minha Vida para classe m\u00e9dia<\/a><br>&nbsp;<\/p>\n\n\n\n<p><strong>PREVEN\u00c7\u00c3O DE DESASTRES<\/strong>&nbsp;\u2014 Durante a entrevista, Jader Filho falar\u00e1 sobre o investimento de R$ 24,3 bilh\u00f5es para obras de conten\u00e7\u00e3o de encostas e drenagem urbana. S\u00e3o R$ 17,8 bilh\u00f5es para obras em todo o Brasil, e R$ 6,5 bilh\u00f5es em cr\u00e9dito extraordin\u00e1rio para o Rio Grande do Sul.<br>&nbsp;<\/p>\n\n\n\n<p><strong>REGULARIZA\u00c7\u00c3O FUNDI\u00c1RIA<\/strong>&nbsp;\u2014 Na pauta de assuntos, o ministro detalhar\u00e1 tamb\u00e9m as a\u00e7\u00f5es voltadas \u00e0 regulariza\u00e7\u00e3o fundi\u00e1ria urbana, que busca garantir o direito \u00e0 moradia legalizada para milhares de fam\u00edlias brasileiras. A iniciativa permite que moradores de \u00e1reas ocupadas irregularmente h\u00e1 anos possam obter o t\u00edtulo de propriedade do im\u00f3vel, assegurando seguran\u00e7a jur\u00eddica, acesso a financiamentos e valoriza\u00e7\u00e3o dos bens. Desde 2023, j\u00e1 foram 213 contratos firmados e R$ 61 milh\u00f5es de investimento.<br>&nbsp;<\/p>\n\n\n\n<p><strong>MOBILIDADE URBANA<\/strong>&nbsp;\u2014 Na conversa com radialistas de todo o pa\u00eds, Jader falar\u00e1 sobre o investimento de R$ 9,9 bilh\u00f5es em mobilidade urbana de grandes e m\u00e9dias cidades, com o intuito de reduzir o tempo de viagem e emiss\u00e3o de poluentes. Por meio do Novo PAC, ser\u00e3o realizados investimentos em transporte p\u00fablico de alta e m\u00e9dia capacidade como BRTs, VLTs, Trens Urbanos e Metr\u00f4s e tamb\u00e9m corredores de \u00f4nibus, ciclovias e ciclofaixas, que promovem a conex\u00e3o de redes ciclovi\u00e1rias e a de pedestres com rotas acess\u00edveis \u00e0 proposta de transporte p\u00fablico.<br><br>Os novos investimentos fortalecem a integra\u00e7\u00e3o entre diferentes tipos de transporte e a garantem melhor qualidade nos deslocamentos urbanos, gerando impacto direto na qualidade de vida da popula\u00e7\u00e3o e benef\u00edcios econ\u00f4micos e sociais.<br>&nbsp;<\/p>\n\n\n\n<p><strong>AO VIVO<\/strong>&nbsp;\u2014 O \u201cBom Dia, Ministro\u201d \u00e9 uma coprodu\u00e7\u00e3o da Secretaria de Comunica\u00e7\u00e3o Social da Presid\u00eancia da Rep\u00fablica (Secom\/PR) e da Empresa Brasil de Comunica\u00e7\u00e3o (EBC). O programa, transmitido ao vivo a partir das 8h em formato de entrevista coletiva, pode ser acompanhado pela TV (aberta ou via sat\u00e9lite) e pela internet, no&nbsp;<a href=\"https:\/\/www.youtube.com\/live\/U6ARohpTPbg\" target=\"_blank\" rel=\"noreferrer noopener\">YouTube<\/a>, Facebook, TikTok e Instagram do CanalGov. Para as r\u00e1dios, o sinal de transmiss\u00e3o \u00e9 oferecido pela Rede Nacional de R\u00e1dio (RNR), pelo mesmo canal de \u201cA Voz do Brasil\u201d.<br>&nbsp;<\/p>\n\n\n\n<p><strong>PARTICIPE<\/strong>&nbsp;\u2014 Comunicadores e jornalistas de todo o pa\u00eds interessados em participar do \u201cBom Dia, Ministro\u201d podem encaminhar mensagens para o telefone (61) 99222-1282 (WhatsApp) e informar o nome da emissora, do ve\u00edculo, do munic\u00edpio e estado de origem, para serem inclu\u00eddos na lista de ve\u00edculos interessados em participar do programa.<\/p>\n\n\n\n<p><em><strong>Fonte:<\/strong>&nbsp;Secretaria de Comunica\u00e7\u00e3o Social da Presid\u00eancia da Rep\u00fablica<\/em><\/p>\n","protected":false},"excerpt":{"rendered":"<p>Titular da pasta das Cidades ser\u00e1 entrevistado por emissoras e jornalistas de diversas regi\u00f5es nesta quarta, a partir das 8h O ministro Jader Filho (Cidades) \u00e9 o entrevistado do \u201cBom Dia, Ministro\u201d desta quarta-feira, 23 de abril, a partir das 8h. Durante a conversa com emissoras e jornalistas de v\u00e1rias regi\u00f5es do pa\u00eds, o ministro &hellip;<\/p>\n","protected":false},"author":5,"featured_media":10052,"comment_status":"open","ping_status":"open","sticky":false,"template":"","format":"standard","meta":{"footnotes":""},"categories":[1],"tags":[],"class_list":["post-10051","post","type-post","status-publish","format-standard","has-post-thumbnail","","category-sem-categoria"],"_links":{"self":[{"href":"https:\/\/focotocantinense.com.br\/index.php?rest_route=\/wp\/v2\/posts\/10051","targetHints":{"allow":["GET"]}}],"collection":[{"href":"https:\/\/focotocantinense.com.br\/index.php?rest_route=\/wp\/v2\/posts"}],"about":[{"href":"https:\/\/focotocantinense.com.br\/index.php?rest_route=\/wp\/v2\/types\/post"}],"author":[{"embeddable":true,"href":"https:\/\/focotocantinense.com.br\/index.php?rest_route=\/wp\/v2\/users\/5"}],"replies":[{"embeddable":true,"href":"https:\/\/focotocantinense.com.br\/index.php?rest_route=%2Fwp%2Fv2%2Fcomments&post=10051"}],"version-history":[{"count":1,"href":"https:\/\/focotocantinense.com.br\/index.php?rest_route=\/wp\/v2\/posts\/10051\/revisions"}],"predecessor-version":[{"id":10053,"href":"https:\/\/focotocantinense.com.br\/index.php?rest_route=\/wp\/v2\/posts\/10051\/revisions\/10053"}],"wp:featuredmedia":[{"embeddable":true,"href":"https:\/\/focotocantinense.com.br\/index.php?rest_route=\/wp\/v2\/media\/10052"}],"wp:attachment":[{"href":"https:\/\/focotocantinense.com.br\/index.php?rest_route=%2Fwp%2Fv2%2Fmedia&parent=10051"}],"wp:term":[{"taxonomy":"category","embeddable":true,"href":"https:\/\/focotocantinense.com.br\/index.php?rest_route=%2Fwp%2Fv2%2Fcategories&post=10051"},{"taxonomy":"post_tag","embeddable":true,"href":"https:\/\/focotocantinense.com.br\/index.php?rest_route=%2Fwp%2Fv2%2Ftags&post=10051"}],"curies":[{"name":"wp","href":"https:\/\/api.w.org\/{rel}","templated":true}]}}