{"id":10047,"date":"2025-04-22T14:18:05","date_gmt":"2025-04-22T17:18:05","guid":{"rendered":"https:\/\/focotocantinense.com.br\/?p=10047"},"modified":"2025-04-22T14:19:53","modified_gmt":"2025-04-22T17:19:53","slug":"tocantins-e-o-3o-estado-da-regiao-norte-com-menor-numero-de-familias-abaixo-da-linha-da-pobreza","status":"publish","type":"post","link":"https:\/\/focotocantinense.com.br\/?p=10047","title":{"rendered":"Tocantins \u00e9 o 3\u00ba estado da Regi\u00e3o Norte com menor n\u00famero de fam\u00edlias abaixo da linha da pobreza"},"content":{"rendered":"\n<p><em>Levantamento do Centro de Lideran\u00e7a P\u00fablica (CLP) revela que apenas 3,88% dos domic\u00edlios tocantinenses t\u00eam renda familiar per capita mensal de at\u00e9 R$ 218&nbsp;<\/em><\/p>\n\n\n\n<p><strong>D\u00e9bora Gomes\/Governo do Tocantins&nbsp;<\/strong><\/p>\n\n\n\n<p>O Ranking de Competitividade dos Estados, publicado pelo Centro de Lideran\u00e7a P\u00fablica (CLP), aponta o Tocantins como o terceiro estado da Regi\u00e3o Norte com o menor percentual de pessoas vivendo abaixo da linha da pobreza. No cen\u00e1rio nacional, o estado ocupa a 14\u00aa coloca\u00e7\u00e3o entre as 27 unidades federativas.<\/p>\n\n\n\n<figure class=\"wp-block-image size-large is-resized\"><img loading=\"lazy\" decoding=\"async\" width=\"1024\" height=\"585\" src=\"https:\/\/focotocantinense.com.br\/wp-content\/uploads\/2025\/04\/F4-Secretario-Sergislei-de-Moura-foto-Aldemar-Ribeiro-1024x585.jpg\" alt=\"\" class=\"wp-image-10049\" style=\"width:341px;height:auto\" srcset=\"https:\/\/focotocantinense.com.br\/wp-content\/uploads\/2025\/04\/F4-Secretario-Sergislei-de-Moura-foto-Aldemar-Ribeiro-1024x585.jpg 1024w, https:\/\/focotocantinense.com.br\/wp-content\/uploads\/2025\/04\/F4-Secretario-Sergislei-de-Moura-foto-Aldemar-Ribeiro-300x171.jpg 300w, https:\/\/focotocantinense.com.br\/wp-content\/uploads\/2025\/04\/F4-Secretario-Sergislei-de-Moura-foto-Aldemar-Ribeiro-768x439.jpg 768w, https:\/\/focotocantinense.com.br\/wp-content\/uploads\/2025\/04\/F4-Secretario-Sergislei-de-Moura-foto-Aldemar-Ribeiro-1536x878.jpg 1536w, https:\/\/focotocantinense.com.br\/wp-content\/uploads\/2025\/04\/F4-Secretario-Sergislei-de-Moura-foto-Aldemar-Ribeiro-2048x1170.jpg 2048w\" sizes=\"auto, (max-width: 1024px) 100vw, 1024px\" \/><\/figure>\n\n\n\n<p>O levantamento aponta que 3,88% dos domic\u00edlios tocantinenses t\u00eam renda familiar per capita mensal de at\u00e9 R$ 218, valor estabelecido pelo Decreto n\u00ba 11.566, de 16 de junho de 2023, do Governo Federal, como crit\u00e9rio para identifica\u00e7\u00e3o de fam\u00edlias em situa\u00e7\u00e3o de pobreza e para a elegibilidade ao Programa Bolsa Fam\u00edlia. No contexto regional, o Tocantins apresenta um dos melhores desempenhos da Regi\u00e3o Norte, superando estados como Amazonas (4,96%), Rond\u00f4nia (5,92%), Roraima (6,16%) e Acre (8,88%), e ficando atr\u00e1s apenas do Par\u00e1 (3,46%) e do Amap\u00e1 (3,74%).<\/p>\n\n\n\n\n\n<p>O governador do Tocantins, Wanderlei Barbosa, destaca que os dados confirmam a efetividade das pol\u00edticas p\u00fablicas adotadas no estado, com foco na redu\u00e7\u00e3o das desigualdades e na valoriza\u00e7\u00e3o da cidadania. \u201cEsse resultado demonstra que nossas a\u00e7\u00f5es est\u00e3o promovendo mudan\u00e7as concretas na vida das pessoas. Estamos fortalecendo a inclus\u00e3o social e criando condi\u00e7\u00f5es para que cada tocantinense tenha acesso a uma vida mais digna, com oportunidades reais de desenvolvimento\u201d, afirma o chefe do Executivo Estadual.<\/p>\n\n\n\n<p>O secret\u00e1rio de Estado do Planejamento e Or\u00e7amento, Sergislei de Moura, tamb\u00e9m avalia positivamente o desempenho do Tocantins no ranking. \u201cOs dados refletem o esfor\u00e7o conjunto de todas as pastas do Governo do Tocantins na constru\u00e7\u00e3o de uma gest\u00e3o orientada por planejamento, responsabilidade fiscal e foco em resultados sociais. Esse avan\u00e7o n\u00e3o acontece por acaso, \u00e9 fruto de decis\u00f5es assertivas, monitoramento constante dos indicadores e, principalmente, do compromisso em promover pol\u00edticas p\u00fablicas que cheguem \u00e0s pessoas, especialmente \u00e0s mais vulner\u00e1veis\u201d, pontua o secret\u00e1rio.<\/p>\n\n\n\n<p>No ranking nacional, os menores \u00edndices foram registrados no Rio Grande do Sul e em Goi\u00e1s (ambos com 1,57%), seguidos pelo Distrito Federal (1,73%) e Santa Catarina (1,75%). J\u00e1 os maiores percentuais foram verificados no Acre (8,88%), Maranh\u00e3o (8,16%) e Pernambuco (7,68%).<\/p>\n\n\n\n<p>O indicador Fam\u00edlias Abaixo da Linha da Pobreza, que comp\u00f5e o pilar de Sustentabilidade Social do Ranking de Competitividade dos Estados, mostra o percentual de domic\u00edlios com renda per capita inferior \u00e0 linha de pobreza, definida pelo Governo Federal.<\/p>\n\n\n\n<p><strong>A\u00e7\u00f5es no combate \u00e0 pobreza<\/strong><\/p>\n\n\n\n<p>Para enfrentar os desafios da pobreza e ampliar a prote\u00e7\u00e3o social no estado, o Governo do Tocantins tem desenvolvido uma s\u00e9rie de programas e iniciativas voltadas \u00e0 inclus\u00e3o, seguran\u00e7a alimentar e gera\u00e7\u00e3o de oportunidades. As a\u00e7\u00f5es s\u00e3o planejadas de forma articulada entre diferentes \u00e1reas, com foco na melhoria das condi\u00e7\u00f5es de vida da popula\u00e7\u00e3o em situa\u00e7\u00e3o de vulnerabilidade.<\/p>\n\n\n\n<p>Uma dessas iniciativas \u00e9 o projeto&nbsp;<em>Rede Cuidar<\/em>, lan\u00e7ado em fevereiro deste ano e coordenado pela Secretaria Extraordin\u00e1ria de Participa\u00e7\u00f5es Sociais, sob a lideran\u00e7a da primeira-dama e secret\u00e1ria extraordin\u00e1ria, Karynne Sotero. O projeto Rede \u00e9 monitorado pelo Comit\u00ea Gestor de Prote\u00e7\u00e3o Social e atua de forma integrada em 12 eixos estrat\u00e9gicos: seguran\u00e7a alimentar, assist\u00eancia social, habita\u00e7\u00e3o, educa\u00e7\u00e3o, sa\u00fade, gera\u00e7\u00e3o de emprego e renda, agricultura familiar, direitos humanos, esporte e lazer, seguran\u00e7a p\u00fablica e desenvolvimento sustent\u00e1vel.<\/p>\n\n\n\n<p>\u201cO projeto&nbsp;<em>Rede Cuidar<\/em>&nbsp;foi criado para integrar a\u00e7\u00f5es e levar resultados concretos para a popula\u00e7\u00e3o. O objetivo \u00e9 garantir que as pol\u00edticas p\u00fablicas cheguem com mais efici\u00eancia a quem mais precisa. \u00c9 um trabalho coletivo, com coordena\u00e7\u00e3o e responsabilidade, que busca melhorar a vida das pessoas de forma pr\u00e1tica e efetiva\u201d, destaca a primeira-dama e secret\u00e1ria extraordin\u00e1ria de Participa\u00e7\u00f5es Sociais, Karynne Sotero.<\/p>\n\n\n\n<p>Com foco na articula\u00e7\u00e3o intersetorial, o&nbsp;<em>Rede Cuidar<\/em>&nbsp;n\u00e3o executa diretamente as a\u00e7\u00f5es, mas tem como miss\u00e3o integrar, fortalecer e propor aprimoramentos \u00e0s pol\u00edticas p\u00fablicas existentes, promovendo um atendimento mais eficaz, humanizado e alinhado \u00e0s reais necessidades das fam\u00edlias tocantinenses.<\/p>\n\n\n\n<p>Outra frente importante \u00e9 o projeto&nbsp;<em>AlimenTO<\/em>&nbsp;, que prev\u00ea a entrega de 5 mil cart\u00f5es magn\u00e9ticos, no valor de R$ 250 cada, com recarga mensal, permitindo que os benefici\u00e1rios adquiram alimentos conforme suas necessidades e prefer\u00eancias. A a\u00e7\u00e3o \u00e9 voltada a fam\u00edlias em situa\u00e7\u00e3o de inseguran\u00e7a alimentar grave, promovendo seguran\u00e7a alimentar por meio da transfer\u00eancia direta de renda.<\/p>\n\n\n\n<p>Complementando essas iniciativas, o projeto&nbsp;<em>Tocantins Alimenta Quem Precisa<\/em>, tamb\u00e9m idealizado pela primeira-dama Karynne Sotero, encerrou o ano de 2024 com um saldo expressivo: mais de 160 toneladas de alimentos arrecadadas em eventos culturais promovidos pelo Governo do Estado. As doa\u00e7\u00f5es foram destinadas a fam\u00edlias vulner\u00e1veis, institui\u00e7\u00f5es sociais, comunidades e projetos distribu\u00eddos por todas as regi\u00f5es do Tocantins, com apoio da sociedade civil, empresas parceiras e a\u00e7\u00f5es realizadas pela gest\u00e3o estadual.<\/p>\n\n\n\n<p>No campo da inclus\u00e3o produtiva e do fortalecimento da juventude, o Tocantins tem investido fortemente no programa Jovem Trabalhador reconhecido como o maior programa de primeiro emprego da Regi\u00e3o Norte. O p\u00fablico-alvo \u00e9 composto por adolescentes e jovens em situa\u00e7\u00e3o de risco social ou pessoal, com idades entre 16 e 21 anos, abrangendo perfis como egressos de medidas socioeducativas, acolhimento institucional, situa\u00e7\u00e3o de trabalho infantil ou defici\u00eancia. O programa \u00e9 uma iniciativa do Governo do Tocantins, executado pela Secretaria do Trabalho e Desenvolvimento Social (Setas), em parceria com a Rede Nacional de Aprendizagem, Promo\u00e7\u00e3o Social e Integra\u00e7\u00e3o (Renapsi), com financiamento do Fundo Estadual de Combate e Erradica\u00e7\u00e3o da Pobreza (Fecoep-TO).<\/p>\n","protected":false},"excerpt":{"rendered":"<p>Levantamento do Centro de Lideran\u00e7a P\u00fablica (CLP) revela que apenas 3,88% dos domic\u00edlios tocantinenses t\u00eam renda familiar per capita mensal de at\u00e9 R$ 218&nbsp; D\u00e9bora Gomes\/Governo do Tocantins&nbsp; O Ranking de Competitividade dos Estados, publicado pelo Centro de Lideran\u00e7a P\u00fablica (CLP), aponta o Tocantins como o terceiro estado da Regi\u00e3o Norte com o menor percentual &hellip;<\/p>\n","protected":false},"author":5,"featured_media":10041,"comment_status":"open","ping_status":"open","sticky":false,"template":"","format":"standard","meta":{"footnotes":""},"categories":[1],"tags":[],"class_list":["post-10047","post","type-post","status-publish","format-standard","has-post-thumbnail","","category-sem-categoria"],"_links":{"self":[{"href":"https:\/\/focotocantinense.com.br\/index.php?rest_route=\/wp\/v2\/posts\/10047","targetHints":{"allow":["GET"]}}],"collection":[{"href":"https:\/\/focotocantinense.com.br\/index.php?rest_route=\/wp\/v2\/posts"}],"about":[{"href":"https:\/\/focotocantinense.com.br\/index.php?rest_route=\/wp\/v2\/types\/post"}],"author":[{"embeddable":true,"href":"https:\/\/focotocantinense.com.br\/index.php?rest_route=\/wp\/v2\/users\/5"}],"replies":[{"embeddable":true,"href":"https:\/\/focotocantinense.com.br\/index.php?rest_route=%2Fwp%2Fv2%2Fcomments&post=10047"}],"version-history":[{"count":2,"href":"https:\/\/focotocantinense.com.br\/index.php?rest_route=\/wp\/v2\/posts\/10047\/revisions"}],"predecessor-version":[{"id":10050,"href":"https:\/\/focotocantinense.com.br\/index.php?rest_route=\/wp\/v2\/posts\/10047\/revisions\/10050"}],"wp:featuredmedia":[{"embeddable":true,"href":"https:\/\/focotocantinense.com.br\/index.php?rest_route=\/wp\/v2\/media\/10041"}],"wp:attachment":[{"href":"https:\/\/focotocantinense.com.br\/index.php?rest_route=%2Fwp%2Fv2%2Fmedia&parent=10047"}],"wp:term":[{"taxonomy":"category","embeddable":true,"href":"https:\/\/focotocantinense.com.br\/index.php?rest_route=%2Fwp%2Fv2%2Fcategories&post=10047"},{"taxonomy":"post_tag","embeddable":true,"href":"https:\/\/focotocantinense.com.br\/index.php?rest_route=%2Fwp%2Fv2%2Ftags&post=10047"}],"curies":[{"name":"wp","href":"https:\/\/api.w.org\/{rel}","templated":true}]}}