{"id":1004,"date":"2021-03-26T10:47:37","date_gmt":"2021-03-26T13:47:37","guid":{"rendered":"https:\/\/focotocantinense.com.br\/?p=1004"},"modified":"2021-03-26T10:47:41","modified_gmt":"2021-03-26T13:47:41","slug":"em-gurupi-vacinacao-de-idosos-com-mais-de-70-anos-segue-nesta-sexta-feira","status":"publish","type":"post","link":"https:\/\/focotocantinense.com.br\/?p=1004","title":{"rendered":"Em Gurupi, vacina\u00e7\u00e3o de idosos com mais de 70 anos segue nesta sexta-feira"},"content":{"rendered":"\n<p><\/p>\n\n\n\n<p>Nesta sexta-feira, 26, a Prefeitura de Gurupi, por meio da Secretaria Municipal de Sa\u00fade de Gurupi e da Coordena\u00e7\u00e3o de Imuniza\u00e7\u00e3o, continua a vacinar os idosos de 70 a 79 anos.&nbsp; No in\u00edcio da manh\u00e3 j\u00e1 foram disponibilizadas senhas e devem ser imunizados 340 idosos de 70 a 74 anos e 240 de 75 a 79 anos. A a\u00e7\u00e3o continua na UBS Sol Nascente e ao lado da Pra\u00e7a do Centro de Conven\u00e7\u00f5es Mauro Cunha (na Av. Piau\u00ed, nas tendas da feira do produtor).<\/p>\n\n\n\n<p>As equipes tamb\u00e9m est\u00e3o vacinando dentro dos ve\u00edculos para que as pessoas n\u00e3o necessitem sair do carro, os demais idosos est\u00e3o sentados, seguindo o distanciamento e as medidas de preven\u00e7\u00e3o ao Coronav\u00edrus, recebendo toda a assist\u00eancia.<\/p>\n\n\n\n<p>Conforme a Coordenadora de Imuniza\u00e7\u00e3o, Jucileia Lima, na quinta-feira foram vacinados 1.150 do p\u00fablico de 70 a 74 anos, e 632 pessoas de 75 a 79. Conforme ela, nesta sexta-feira todas as doses ser\u00e3o aplicadas.<\/p>\n\n\n\n<p>O secret\u00e1rio interino de Sa\u00fade, Valdeci J\u00fanior, afirmou que os profissionais da sa\u00fade n\u00e3o mediram esfor\u00e7os para imunizar ao m\u00e1ximo de pessoas na quinta-feira e todos que foram ao local conseguiram tomar a dose e hoje o trabalho em equipe vai garantir que todas as doses que ainda restam ser\u00e3o aplicadas.<\/p>\n\n\n\n<p>fotos: Leilane Macedo<\/p>\n","protected":false},"excerpt":{"rendered":"<p>Nesta sexta-feira, 26, a Prefeitura de Gurupi, por meio da Secretaria Municipal de Sa\u00fade de Gurupi e da Coordena\u00e7\u00e3o de Imuniza\u00e7\u00e3o, continua a vacinar os idosos de 70 a 79 anos.&nbsp; No in\u00edcio da manh\u00e3 j\u00e1 foram disponibilizadas senhas e devem ser imunizados 340 idosos de 70 a 74 anos e 240 de 75 a &hellip;<\/p>\n","protected":false},"author":5,"featured_media":1005,"comment_status":"open","ping_status":"open","sticky":false,"template":"","format":"standard","meta":{"footnotes":""},"categories":[1],"tags":[],"class_list":["post-1004","post","type-post","status-publish","format-standard","has-post-thumbnail","","category-sem-categoria"],"_links":{"self":[{"href":"https:\/\/focotocantinense.com.br\/index.php?rest_route=\/wp\/v2\/posts\/1004","targetHints":{"allow":["GET"]}}],"collection":[{"href":"https:\/\/focotocantinense.com.br\/index.php?rest_route=\/wp\/v2\/posts"}],"about":[{"href":"https:\/\/focotocantinense.com.br\/index.php?rest_route=\/wp\/v2\/types\/post"}],"author":[{"embeddable":true,"href":"https:\/\/focotocantinense.com.br\/index.php?rest_route=\/wp\/v2\/users\/5"}],"replies":[{"embeddable":true,"href":"https:\/\/focotocantinense.com.br\/index.php?rest_route=%2Fwp%2Fv2%2Fcomments&post=1004"}],"version-history":[{"count":1,"href":"https:\/\/focotocantinense.com.br\/index.php?rest_route=\/wp\/v2\/posts\/1004\/revisions"}],"predecessor-version":[{"id":1006,"href":"https:\/\/focotocantinense.com.br\/index.php?rest_route=\/wp\/v2\/posts\/1004\/revisions\/1006"}],"wp:featuredmedia":[{"embeddable":true,"href":"https:\/\/focotocantinense.com.br\/index.php?rest_route=\/wp\/v2\/media\/1005"}],"wp:attachment":[{"href":"https:\/\/focotocantinense.com.br\/index.php?rest_route=%2Fwp%2Fv2%2Fmedia&parent=1004"}],"wp:term":[{"taxonomy":"category","embeddable":true,"href":"https:\/\/focotocantinense.com.br\/index.php?rest_route=%2Fwp%2Fv2%2Fcategories&post=1004"},{"taxonomy":"post_tag","embeddable":true,"href":"https:\/\/focotocantinense.com.br\/index.php?rest_route=%2Fwp%2Fv2%2Ftags&post=1004"}],"curies":[{"name":"wp","href":"https:\/\/api.w.org\/{rel}","templated":true}]}}