{"id":10032,"date":"2025-04-21T11:27:28","date_gmt":"2025-04-21T14:27:28","guid":{"rendered":"https:\/\/focotocantinense.com.br\/?p=10032"},"modified":"2025-04-21T11:27:29","modified_gmt":"2025-04-21T14:27:29","slug":"presidente-lula-decreta-luto-oficial-de-sete-dias-pela-morte-do-papa-francisco","status":"publish","type":"post","link":"https:\/\/focotocantinense.com.br\/?p=10032","title":{"rendered":"Presidente Lula decreta luto oficial de sete dias pela morte do Papa Francisco"},"content":{"rendered":"\n<p>O Presidente Lula, destacou a atua\u00e7\u00e3o do Papa em favor dos pobres e refugiados<\/p>\n\n\n\n<p>O presidente Luiz In\u00e1cio Lula da Silva&nbsp;decretou nesta segunda-feira (21)&nbsp;luto oficial de sete dias em homenagem ao Papa Francisco. Por meio de&nbsp;nota, o presidente destacou o legado do pont\u00edfice argentino Jorge Mario Bergoglio e lamentou profundamente a perda de uma \u201cvoz de respeito e acolhimento ao pr\u00f3ximo\u201d.<img decoding=\"async\" src=\"https:\/\/agenciabrasil.ebc.com.br\/ebc.png?id=1639600&amp;o=node\"><img decoding=\"async\" src=\"https:\/\/agenciabrasil.ebc.com.br\/ebc.gif?id=1639600&amp;o=node\"><\/p>\n\n\n\n<p>Lula ressaltou que Francisco viveu e propagou valores como o amor, a toler\u00e2ncia e a solidariedade.<\/p>\n\n\n\n<blockquote class=\"wp-block-quote is-layout-flow wp-block-quote-is-layout-flow\">\n<p>\u201cAssim como ensinado na ora\u00e7\u00e3o de S\u00e3o Francisco de Assis, o Papa buscou de forma incans\u00e1vel levar o amor onde existia o \u00f3dio. A uni\u00e3o, onde havia a disc\u00f3rdia\u201d, disse.<\/p>\n<\/blockquote>\n\n\n\n<p>O presidente tamb\u00e9m destacou a atua\u00e7\u00e3o do Papa em temas centrais da agenda social e ambiental global. Segundo ele, com simplicidade, coragem e empatia, Francisco levou ao Vaticano o debate sobre as mudan\u00e7as clim\u00e1ticas e denunciou modelos econ\u00f4micos geradores de injusti\u00e7as e desigualdades.<\/p>\n\n\n\n<p>\u201cEle sempre se colocou ao lado daqueles que mais precisam: os pobres, os refugiados, os jovens, os idosos e as v\u00edtimas das guerras e de todas as formas de preconceito\u201d, afirmou Lula.<\/p>\n\n\n\n<p>O presidente lembrou ainda os encontros que teve com o Papa, ao lado da primeira-dama Janja da Silva,&nbsp;como momentos de carinho e partilha de ideais comuns. \u201cPudemos compartilhar nossos ideais de paz, igualdade e justi\u00e7a. Ideais de que o mundo sempre precisou. E sempre precisar\u00e1\u201d, disse.<\/p>\n\n\n\n<p>Ao finalizar a nota, o presidente desejou consolo a todos que sofrem com a perda do l\u00edder religioso. \u201cO Santo Padre se vai, mas suas mensagens seguir\u00e3o gravadas em nossos cora\u00e7\u00f5es\u201d, concluiu.<\/p>\n\n\n\n<h2 class=\"wp-block-heading\">Encontros<\/h2>\n\n\n\n<p>O presidente Lula e&nbsp;o Papa Francisco se encontraram oficialmente em tr\u00eas ocasi\u00f5es. O primeiro encontro ocorreu em 13 de fevereiro de 2020, no Vaticano. A reuni\u00e3o, de car\u00e1ter privado, foi realizada na Casa Santa Marta, onde o Papa costuma receber convidados em um ambiente mais reservado e informal. Durante cerca de uma hora, eles&nbsp;conversaram sobre a import\u00e2ncia da solidariedade, do combate \u00e0s desigualdades e da constru\u00e7\u00e3o de um mundo mais justo e fraterno.<\/p>\n\n\n\n<p>J\u00e1 eleito, Lula voltou a se reunir com o pont\u00edfice em 21 de junho de 2023, tamb\u00e9m no Vaticano. Na ocasi\u00e3o, al\u00e9m de reafirmarem os la\u00e7os de amizade, discutiram temas da agenda global, como a promo\u00e7\u00e3o da paz, a preserva\u00e7\u00e3o ambiental e a luta contra a fome e a pobreza. O presidente convidou o Papa Francisco para visitar o Brasil, especialmente durante a celebra\u00e7\u00e3o do C\u00edrio de Nazar\u00e9, em Bel\u00e9m (PA).<\/p>\n\n\n\n<p>O terceiro encontro aconteceu em 14 de junho de 2024, durante a C\u00fapula do G7, realizada na regi\u00e3o de Ap\u00falia, no sul da It\u00e1lia. O Papa participou pela primeira vez como orador no evento, destacando a necessidade de um uso \u00e9tico da intelig\u00eancia artificial e condenando o desenvolvimento de armas aut\u00f4nomas letais. Em uma reuni\u00e3o privada, Lula e Francisco voltaram a discutir temas como o combate \u00e0 fome, a promo\u00e7\u00e3o da paz e a necessidade urgente de reduzir as desigualdades globais<\/p>\n\n\n\n<figure class=\"wp-block-image size-full\"><img loading=\"lazy\" decoding=\"async\" width=\"754\" height=\"535\" src=\"https:\/\/focotocantinense.com.br\/wp-content\/uploads\/2025\/04\/lula-janja-e-papa.webp\" alt=\"\" class=\"wp-image-10033\" srcset=\"https:\/\/focotocantinense.com.br\/wp-content\/uploads\/2025\/04\/lula-janja-e-papa.webp 754w, https:\/\/focotocantinense.com.br\/wp-content\/uploads\/2025\/04\/lula-janja-e-papa-300x213.webp 300w\" sizes=\"auto, (max-width: 754px) 100vw, 754px\" \/><\/figure>\n\n\n\n<p>Em fevereiro deste ano,&nbsp;Janja teve um novo encontro com o Papa Francisco em meio a uma viagem a Roma para a Alian\u00e7a Global contra a Fome e a Pobreza. Durante a reuni\u00e3o, ela agradeceu as&nbsp;ora\u00e7\u00f5es pela sa\u00fade de Lula e compartilhou com o Papa reflex\u00f5es sobre a situa\u00e7\u00e3o de mulheres e meninas afetadas pela fome e a pobreza.&nbsp;<\/p>\n","protected":false},"excerpt":{"rendered":"<p>O Presidente Lula, destacou a atua\u00e7\u00e3o do Papa em favor dos pobres e refugiados O presidente Luiz In\u00e1cio Lula da Silva&nbsp;decretou nesta segunda-feira (21)&nbsp;luto oficial de sete dias em homenagem ao Papa Francisco. Por meio de&nbsp;nota, o presidente destacou o legado do pont\u00edfice argentino Jorge Mario Bergoglio e lamentou profundamente a perda de uma \u201cvoz &hellip;<\/p>\n","protected":false},"author":5,"featured_media":10034,"comment_status":"open","ping_status":"open","sticky":false,"template":"","format":"standard","meta":{"footnotes":""},"categories":[1],"tags":[],"class_list":["post-10032","post","type-post","status-publish","format-standard","has-post-thumbnail","","category-sem-categoria"],"_links":{"self":[{"href":"https:\/\/focotocantinense.com.br\/index.php?rest_route=\/wp\/v2\/posts\/10032","targetHints":{"allow":["GET"]}}],"collection":[{"href":"https:\/\/focotocantinense.com.br\/index.php?rest_route=\/wp\/v2\/posts"}],"about":[{"href":"https:\/\/focotocantinense.com.br\/index.php?rest_route=\/wp\/v2\/types\/post"}],"author":[{"embeddable":true,"href":"https:\/\/focotocantinense.com.br\/index.php?rest_route=\/wp\/v2\/users\/5"}],"replies":[{"embeddable":true,"href":"https:\/\/focotocantinense.com.br\/index.php?rest_route=%2Fwp%2Fv2%2Fcomments&post=10032"}],"version-history":[{"count":1,"href":"https:\/\/focotocantinense.com.br\/index.php?rest_route=\/wp\/v2\/posts\/10032\/revisions"}],"predecessor-version":[{"id":10035,"href":"https:\/\/focotocantinense.com.br\/index.php?rest_route=\/wp\/v2\/posts\/10032\/revisions\/10035"}],"wp:featuredmedia":[{"embeddable":true,"href":"https:\/\/focotocantinense.com.br\/index.php?rest_route=\/wp\/v2\/media\/10034"}],"wp:attachment":[{"href":"https:\/\/focotocantinense.com.br\/index.php?rest_route=%2Fwp%2Fv2%2Fmedia&parent=10032"}],"wp:term":[{"taxonomy":"category","embeddable":true,"href":"https:\/\/focotocantinense.com.br\/index.php?rest_route=%2Fwp%2Fv2%2Fcategories&post=10032"},{"taxonomy":"post_tag","embeddable":true,"href":"https:\/\/focotocantinense.com.br\/index.php?rest_route=%2Fwp%2Fv2%2Ftags&post=10032"}],"curies":[{"name":"wp","href":"https:\/\/api.w.org\/{rel}","templated":true}]}}