{"id":10021,"date":"2025-04-18T14:01:06","date_gmt":"2025-04-18T17:01:06","guid":{"rendered":"https:\/\/focotocantinense.com.br\/?p=10021"},"modified":"2025-04-18T14:12:17","modified_gmt":"2025-04-18T17:12:17","slug":"prefeito-wagner-de-araguaina-declara-apoio-incondicional-a-gomes","status":"publish","type":"post","link":"https:\/\/focotocantinense.com.br\/?p=10021","title":{"rendered":"Prefeito Wagner de Aragua\u00edna declara \u201capoio incondicional\u201d a Gomes"},"content":{"rendered":"\n<p>Em visita ao prefeito de Aragua\u00edna, Wagner Rodrigues deixou claro o seu apoio ao senador Eduardo Gomes para o pr\u00f3ximo ano. No grupo dos maiores prefeitos: Wagner, Josi Nunes de Gurupi e Celso Morais de Para\u00edso j\u00e1 declararam abertamente seus apoios a Gomes. Ronivon, de Porto, e Eduardo Siqueira, de Palmas, j\u00e1 declararam apoio para uma das vagas.<\/p>\n\n\n\n<figure class=\"wp-block-image size-full is-resized\"><img loading=\"lazy\" decoding=\"async\" width=\"764\" height=\"687\" src=\"https:\/\/focotocantinense.com.br\/wp-content\/uploads\/2025\/04\/PREFEITO-WAGNER-RODRIGUES-DE-ARAGUAINA-COM-IRAN.jpg\" alt=\"\" class=\"wp-image-10026\" style=\"width:369px;height:auto\" srcset=\"https:\/\/focotocantinense.com.br\/wp-content\/uploads\/2025\/04\/PREFEITO-WAGNER-RODRIGUES-DE-ARAGUAINA-COM-IRAN.jpg 764w, https:\/\/focotocantinense.com.br\/wp-content\/uploads\/2025\/04\/PREFEITO-WAGNER-RODRIGUES-DE-ARAGUAINA-COM-IRAN-300x270.jpg 300w\" sizes=\"auto, (max-width: 764px) 100vw, 764px\" \/><\/figure>\n\n\n\n<p><strong>\u201cEstou vendo um cen\u00e1rio positivo para Dorinha da mesma forma como vejo um cen\u00e1rio para o senador Eduardo Gomes que tem meu apoio incondicional para o Senado. A expectativa \u00e9 ter um estado cada vez melhor, temos que pensar no desenvolvimento do Estado\u201d, afirmou ao citar inclusive a uni\u00e3o dos gestores das maiores cidades.<\/strong><\/p>\n\n\n\n<figure class=\"wp-block-image size-large is-resized\"><img loading=\"lazy\" decoding=\"async\" width=\"1024\" height=\"585\" src=\"https:\/\/focotocantinense.com.br\/wp-content\/uploads\/2025\/04\/senador-eduardo-com-prefeito-wagner-de-araguaina-1024x585.webp\" alt=\"\" class=\"wp-image-10023\" style=\"width:373px;height:auto\" srcset=\"https:\/\/focotocantinense.com.br\/wp-content\/uploads\/2025\/04\/senador-eduardo-com-prefeito-wagner-de-araguaina-1024x585.webp 1024w, https:\/\/focotocantinense.com.br\/wp-content\/uploads\/2025\/04\/senador-eduardo-com-prefeito-wagner-de-araguaina-300x171.webp 300w, https:\/\/focotocantinense.com.br\/wp-content\/uploads\/2025\/04\/senador-eduardo-com-prefeito-wagner-de-araguaina-768x439.webp 768w, https:\/\/focotocantinense.com.br\/wp-content\/uploads\/2025\/04\/senador-eduardo-com-prefeito-wagner-de-araguaina.webp 1159w\" sizes=\"auto, (max-width: 1024px) 100vw, 1024px\" \/><\/figure>\n\n\n\n<p>Questionado sobre quem apoiar\u00e1 na outra vaga ele disse que ainda ano decidiu: \u201cA outra vaga ainda estamos discutindo\u201d, afirmou.&nbsp;<\/p>\n\n\n\n<p><em><strong>Maioria do G5+<\/strong><\/em><\/p>\n\n\n\n<figure class=\"wp-block-image size-full\"><img loading=\"lazy\" decoding=\"async\" width=\"1024\" height=\"682\" src=\"https:\/\/focotocantinense.com.br\/wp-content\/uploads\/2025\/04\/5-prefeitos-das-maiores-cidades-do-tocantins.webp\" alt=\"\" class=\"wp-image-10025\" srcset=\"https:\/\/focotocantinense.com.br\/wp-content\/uploads\/2025\/04\/5-prefeitos-das-maiores-cidades-do-tocantins.webp 1024w, https:\/\/focotocantinense.com.br\/wp-content\/uploads\/2025\/04\/5-prefeitos-das-maiores-cidades-do-tocantins-300x200.webp 300w, https:\/\/focotocantinense.com.br\/wp-content\/uploads\/2025\/04\/5-prefeitos-das-maiores-cidades-do-tocantins-768x512.webp 768w, https:\/\/focotocantinense.com.br\/wp-content\/uploads\/2025\/04\/5-prefeitos-das-maiores-cidades-do-tocantins-310x205.webp 310w\" sizes=\"auto, (max-width: 1024px) 100vw, 1024px\" \/><\/figure>\n\n\n\n<p>No grupo dos Maiores prefeitos o senador Eduardo Gomes tem apoio da maioria deles para o Senado dentre os que j\u00e1 declararam apoios. Wagner, Josi Nunes de Gurupi e Celso Morais de Para\u00edso&nbsp;&nbsp;j\u00e1 declararam abertamente seus apoios a Gomes. Ronivon, de Porto, e Eduardo Siqueira de Palmas j\u00e1 declararam apoio para uma das vagas.<\/p>\n","protected":false},"excerpt":{"rendered":"<p>Em visita ao prefeito de Aragua\u00edna, Wagner Rodrigues deixou claro o seu apoio ao senador Eduardo Gomes para o pr\u00f3ximo ano. No grupo dos maiores prefeitos: Wagner, Josi Nunes de Gurupi e Celso Morais de Para\u00edso j\u00e1 declararam abertamente seus apoios a Gomes. Ronivon, de Porto, e Eduardo Siqueira, de Palmas, j\u00e1 declararam apoio para &hellip;<\/p>\n","protected":false},"author":5,"featured_media":10025,"comment_status":"open","ping_status":"open","sticky":false,"template":"","format":"standard","meta":{"footnotes":""},"categories":[1],"tags":[],"class_list":["post-10021","post","type-post","status-publish","format-standard","has-post-thumbnail","","category-sem-categoria"],"_links":{"self":[{"href":"https:\/\/focotocantinense.com.br\/index.php?rest_route=\/wp\/v2\/posts\/10021","targetHints":{"allow":["GET"]}}],"collection":[{"href":"https:\/\/focotocantinense.com.br\/index.php?rest_route=\/wp\/v2\/posts"}],"about":[{"href":"https:\/\/focotocantinense.com.br\/index.php?rest_route=\/wp\/v2\/types\/post"}],"author":[{"embeddable":true,"href":"https:\/\/focotocantinense.com.br\/index.php?rest_route=\/wp\/v2\/users\/5"}],"replies":[{"embeddable":true,"href":"https:\/\/focotocantinense.com.br\/index.php?rest_route=%2Fwp%2Fv2%2Fcomments&post=10021"}],"version-history":[{"count":2,"href":"https:\/\/focotocantinense.com.br\/index.php?rest_route=\/wp\/v2\/posts\/10021\/revisions"}],"predecessor-version":[{"id":10028,"href":"https:\/\/focotocantinense.com.br\/index.php?rest_route=\/wp\/v2\/posts\/10021\/revisions\/10028"}],"wp:featuredmedia":[{"embeddable":true,"href":"https:\/\/focotocantinense.com.br\/index.php?rest_route=\/wp\/v2\/media\/10025"}],"wp:attachment":[{"href":"https:\/\/focotocantinense.com.br\/index.php?rest_route=%2Fwp%2Fv2%2Fmedia&parent=10021"}],"wp:term":[{"taxonomy":"category","embeddable":true,"href":"https:\/\/focotocantinense.com.br\/index.php?rest_route=%2Fwp%2Fv2%2Fcategories&post=10021"},{"taxonomy":"post_tag","embeddable":true,"href":"https:\/\/focotocantinense.com.br\/index.php?rest_route=%2Fwp%2Fv2%2Ftags&post=10021"}],"curies":[{"name":"wp","href":"https:\/\/api.w.org\/{rel}","templated":true}]}}