{"id":1001,"date":"2021-03-26T10:42:10","date_gmt":"2021-03-26T13:42:10","guid":{"rendered":"https:\/\/focotocantinense.com.br\/?p=1001"},"modified":"2021-03-26T10:42:15","modified_gmt":"2021-03-26T13:42:15","slug":"semeg-busca-alternativa-na-entrega-dos-novos-livros-didaticos","status":"publish","type":"post","link":"https:\/\/focotocantinense.com.br\/?p=1001","title":{"rendered":"SEMEG busca alternativa na entrega dos novos livros did\u00e1ticos"},"content":{"rendered":"\n<p><\/p>\n\n\n\n<p><strong>Foto: D\u00e9bora Ciany<\/strong><\/p>\n\n\n\n<p>O cronograma do Minist\u00e9rio da Educa\u00e7\u00e3o (MEC) para entrega dos livros did\u00e1ticos para o ano letivo de 2021 vem tendo atraso em decorr\u00eancia da situa\u00e7\u00e3o da pandemia da Covid-19 no Brasil. Esse material \u00e9 repassado pelo Governo Federal \u00e0s secretarias municipais de Educa\u00e7\u00e3o em todo o pa\u00eds. &nbsp;<\/p>\n\n\n\n<p>Na rede municipal de ensino de Gurupi algumas turmas ainda n\u00e3o receberam os novos livros e a Prefeitura de Gurupi, por meio da Secretaria Municipal da Educa\u00e7\u00e3o de Gurupi (SEMEG), busca alternativas para n\u00e3o deixar os estudantes esse importante aliado na aprendizagem, principalmente nessa fase com as aulas em formato remoto. &nbsp;<\/p>\n\n\n\n<p>Segundo informa\u00e7\u00f5es repassadas pelo MEC, \u00e0 diretoria pedag\u00f3gica da SEMEG, os poss\u00edveis motivos do atraso seriam uma diminui\u00e7\u00e3o do quantitativo de t\u00e9cnicos do minist\u00e9rio por causa da pandemia do Coronav\u00edrius, acarretando lentid\u00e3o no atendimento aos munic\u00edpios. Outro problema com o repasse que j\u00e1 tinha sido feito, foi o n\u00famero insuficiente de novos livros enviados \u00e0s prefeituras com base na quantidade de estudantes matriculados no ano letivo de 2020.<\/p>\n\n\n\n<p>Na Escola Municipal Orlindo Pereira Da Mota no Setor Uni\u00e3o V em Gurupi, por exemplo, a remessa dos livros chegou, e j\u00e1 foi entregue aos estudantes, no entanto algumas turmas ainda n\u00e3o receberam. Para n\u00e3o deixar esse grupo de alunos sem o material de consulta, a diretora escolar, Vizana Maria Ferreira, conta que articula com outras unidades escolares a organiza\u00e7\u00e3o e remanejamento dentro da pr\u00f3pria rede. A diretoria pedag\u00f3gica da SEMEG fez solicita\u00e7\u00e3o \u00e0s editoras para o envio desses livros, mas em vers\u00e3o digital.<\/p>\n\n\n\n<p><strong>Educa\u00e7\u00e3o Infantil<\/strong><\/p>\n\n\n\n<p>A aquisi\u00e7\u00e3o dos livros did\u00e1ticos para a Educa\u00e7\u00e3o Infantil \u00e9 feita de forma independente com recursos pr\u00f3prios do Munic\u00edpio. A previs\u00e3o \u00e9 que dentro de 30 dias os volumes sejam entregues nas escolas de s\u00e9ries iniciais.&nbsp;<br>&#8212;<br>Secretaria de Comunica\u00e7\u00e3o<br>Prefeitura Municipal de Gurupi(63) 3315-0015<\/p>\n\n\n\n<figure class=\"wp-block-image\"><img decoding=\"async\" src=\"https:\/\/docs.google.com\/uc?export=download&amp;id=1gEmSdC8pMeTt0DtVJEfhjTBGL3uDhOOS&amp;revid=0B5i2gwPVlJiscnRqSGVlSlczZVQwYUUrVGNJOEdVSWcybmowPQ\" alt=\"\"\/><\/figure>\n\n\n\n<p><\/p>\n","protected":false},"excerpt":{"rendered":"<p>Foto: D\u00e9bora Ciany O cronograma do Minist\u00e9rio da Educa\u00e7\u00e3o (MEC) para entrega dos livros did\u00e1ticos para o ano letivo de 2021 vem tendo atraso em decorr\u00eancia da situa\u00e7\u00e3o da pandemia da Covid-19 no Brasil. Esse material \u00e9 repassado pelo Governo Federal \u00e0s secretarias municipais de Educa\u00e7\u00e3o em todo o pa\u00eds. &nbsp; Na rede municipal de &hellip;<\/p>\n","protected":false},"author":5,"featured_media":1002,"comment_status":"open","ping_status":"open","sticky":false,"template":"","format":"standard","meta":{"footnotes":""},"categories":[1],"tags":[],"class_list":["post-1001","post","type-post","status-publish","format-standard","has-post-thumbnail","","category-sem-categoria"],"_links":{"self":[{"href":"https:\/\/focotocantinense.com.br\/index.php?rest_route=\/wp\/v2\/posts\/1001","targetHints":{"allow":["GET"]}}],"collection":[{"href":"https:\/\/focotocantinense.com.br\/index.php?rest_route=\/wp\/v2\/posts"}],"about":[{"href":"https:\/\/focotocantinense.com.br\/index.php?rest_route=\/wp\/v2\/types\/post"}],"author":[{"embeddable":true,"href":"https:\/\/focotocantinense.com.br\/index.php?rest_route=\/wp\/v2\/users\/5"}],"replies":[{"embeddable":true,"href":"https:\/\/focotocantinense.com.br\/index.php?rest_route=%2Fwp%2Fv2%2Fcomments&post=1001"}],"version-history":[{"count":1,"href":"https:\/\/focotocantinense.com.br\/index.php?rest_route=\/wp\/v2\/posts\/1001\/revisions"}],"predecessor-version":[{"id":1003,"href":"https:\/\/focotocantinense.com.br\/index.php?rest_route=\/wp\/v2\/posts\/1001\/revisions\/1003"}],"wp:featuredmedia":[{"embeddable":true,"href":"https:\/\/focotocantinense.com.br\/index.php?rest_route=\/wp\/v2\/media\/1002"}],"wp:attachment":[{"href":"https:\/\/focotocantinense.com.br\/index.php?rest_route=%2Fwp%2Fv2%2Fmedia&parent=1001"}],"wp:term":[{"taxonomy":"category","embeddable":true,"href":"https:\/\/focotocantinense.com.br\/index.php?rest_route=%2Fwp%2Fv2%2Fcategories&post=1001"},{"taxonomy":"post_tag","embeddable":true,"href":"https:\/\/focotocantinense.com.br\/index.php?rest_route=%2Fwp%2Fv2%2Ftags&post=1001"}],"curies":[{"name":"wp","href":"https:\/\/api.w.org\/{rel}","templated":true}]}}